{"id":665297,"date":"2025-12-08T19:46:03","date_gmt":"2025-12-08T19:46:03","guid":{"rendered":"https:\/\/microscopemedia.com\/?p=665297"},"modified":"2025-12-08T19:46:03","modified_gmt":"2025-12-08T19:46:03","slug":"nicusor-dan-interviu-pentru-le-monde-in-doua-trei-luni-voi-publica-un-raport-care-sa-reuneasca-informatiile-legate-de-anularea-primului-tur-al-prezidentialelor-din-2024-ce-declara-despre-aur","status":"publish","type":"post","link":"https:\/\/microscopemedia.com\/?p=665297","title":{"rendered":"Nicu\u0219or Dan, interviu pentru Le Monde: \u00cen dou\u0103-trei luni voi publica un raport care s\u0103 reuneasc\u0103 informa\u021biile legate de anularea primului tur al preziden\u021bialelor din 2024 \/ Ce declar\u0103 despre AUR"},"content":{"rendered":"<div><img decoding=\"async\" src=\"https:\/\/microscopemedia.com\/wp-content\/uploads\/2025\/12\/nicusor-dan-interviu-pentru-le-monde-in-doua-trei-luni-voi-publica-un-raport-care-sa-reuneasca-informatiile-legate-de-anularea-primului-tur-al-prezidentialelor-din-2024-ce-declara-despre-aur.jpg\" class=\"ff-og-image-inserted\"><\/div>\n<h2 id=\"chapter-0\">Nicu\u0219or Dan, despre drona pr\u0103bu\u0219it\u0103 \u00een Vaslui, \u00eentr-un interviu pentru Le Monde: Nu aveam prea multe mijloace de ap\u0103rare terestr\u0103 \u00een acea zon\u0103<\/h2>\n<p id=\"p-0\">\u00centrebat de jurnali\u0219tii publica\u021biei de ce nu a fost dobor\u00e2t\u0103 drona care a zburat c\u00e2teva ore \u00een spa\u021biul aerian al \u021b\u0103rii, <a href=\"https:\/\/www.mediafax.ro\/politic\/nicusor-dan-despre-drona-prabusita-in-vaslui-intr-un-interviu-pentru-le-monde-nu-aveam-prea-multe-mijloace-de-aparare-terestra-in-acea-zona-23655079\">Nicu\u0219or Dan<\/a> a subliniat c\u0103 direc\u021bia de zbor a acesteia a reprezentat o noutate.<\/p>\n<p id=\"p-1\">\u201e<strong>Suntem preg\u0103ti\u021bi pentru drone care vin din regiunea Odessa, dar aceasta a intrat mai la vest, dup\u0103 ce a survolat Moldova, ceea ce era o noutate<\/strong>\u201d, a spus Nicu\u0219or Dan pentru&nbsp;<a href=\"https:\/\/www.lemonde.fr\/international\/article\/2025\/12\/08\/nicusor-dan-president-roumain-en-roumanie-nous-n-avons-pas-de-vraie-politique-de-defense-face-a-la-desinformation_6656467_3210.html\" target=\"_blank\" rel=\"noopener\">Le Monde<\/a>.<\/p>\n<p id=\"p-2\">\u0218eful statului a mai recunoscut c\u0103 \u00een zona respectiv\u0103, pe unde a p\u0103truns drona, nu exist\u0103 multe mijloace de ap\u0103rare terestr\u0103.<\/p>\n<p id=\"p-3\">\u201e<strong>Nu aveam prea multe mijloace de ap\u0103rare terestr\u0103 \u00een acea zon\u0103, iar avioanele zboar\u0103 mult mai repede dec\u00e2t dronele, ceea ce face foarte dificil\u0103 dobor\u00e2rea lor.<\/strong>&nbsp;Tocmai am primit un nou sistem de la americani, dar trebuie s\u0103 adapt\u0103m radarele pentru a detecta obiecte care zboar\u0103 la altitudine foarte mic\u0103\u201d, a afirmat Nicu\u0219or Dan pentru sursa citat\u0103.<\/p>\n<h2 id=\"chapter-1\">\u0218tirea ini\u021bial\u0103<\/h2>\n<p id=\"p-4\">Pre\u0219edintele Nicu\u0219or Dan a oferit \u00een exclusivitate un interviu pentru publica\u021bia francez\u0103 <a href=\"https:\/\/www.lemonde.fr\/international\/article\/2025\/12\/08\/nicusor-dan-president-roumain-en-roumanie-nous-n-avons-pas-de-vraie-politique-de-defense-face-a-la-desinformation_6656467_3210.html?search-type=classic&amp;ise_click_rank=1\">Le Monde<\/a>. Publicat luni, 8 decembrie, interviul este unul complex, unde pre\u0219edintele a venit cu o serie de r\u0103spunsuri pentru jurnali\u0219tii francezi.<\/p>\n<p id=\"p-5\">Printre alte subiecte, el a vorbit despre motivele care au dus la anularea primului tur al alegerilor preziden\u021biale din Rom\u00e2nia, \u00een 2024.<\/p>\n<p id=\"p-6\">Conform publica\u021biei, Nicu\u0219or Dan a afirmat c\u0103 \u00een aproximativ dou\u0103 sau trei luni va prezenta un material complet despre acest caz, material care va include toate datele str\u00e2nse p\u00e2n\u0103 acum.<\/p>\n<p data-start=\"458\" data-end=\"548\" id=\"p-7\">Jurnali\u0219tii de la Le Monde l-au \u00eentrebat dac\u0103 poate afirma clar c\u0103 Rusia a influen\u021bat scrutinul de anul trecut, ce a provocat at\u00e2ta controvers\u0103 \u00een r\u00e2ndul popula\u021biei.<\/p>\n<p data-start=\"550\" data-end=\"1386\" id=\"p-8\">\u201eRaportul Parchetului General, publicat \u00een septembrie, descrie un mecanism care implic\u0103 patru companii ruse\u0219ti de publicitate politic\u0103. Rapoarte realizate de alte servicii de informa\u021bii, inclusiv cele franceze, confirm\u0103 acest lucru. Site-uri web dedicate de obicei sportului \u0219i altele dedicate medicinei alternative s-au orientat brusc c\u0103tre candidatul [prorus] C\u0103lin Georgescu.\u201d, a declarat Nicu\u0219or Dan.<\/p>\n<p data-start=\"550\" data-end=\"1386\" id=\"p-9\">\u201eEstimez c\u0103 \u00een dou\u0103-trei luni voi putea publica un raport care s\u0103 reuneasc\u0103 toate informa\u021biile despre acest caz \u0219i s\u0103 le pun\u0103 \u00een context. Serviciile de informa\u021bii rom\u00e2ne\u0219ti pot recunoa\u0219te semnalele unei interferen\u021be ruse\u0219ti, dar este mult mai dificil s\u0103 o dovedeasc\u0103. Aceasta \u021bine de contrainforma\u021bii. Uneori, acest proces poate dura \u00eentre trei \u0219i cinci ani. Exist\u0103 \u00eens\u0103 suficiente informa\u021bii care, odat\u0103 adunate, pot dovedi c\u0103 a existat o influen\u021b\u0103 rus\u0103\u201d, a mai spus pre\u0219edintele.<\/p>\n<p data-start=\"1388\" data-end=\"1481\" id=\"p-10\">\u00centrebat dac\u0103 anularea alegerilor a fost o decizie potrivit\u0103, \u0219eful statului a oferit un r\u0103spuns scurt, clar. \u201eF\u0103r\u0103 \u00eendoial\u0103\u201d.<\/p>\n<p data-start=\"1501\" data-end=\"1737\" id=\"p-11\">Discu\u021bia s-a mutat apoi c\u0103tre num\u0103rul mare de conturi TikTok activate \u00een preajma votului, conturi cu leg\u0103turi c\u0103tre IP-uri din Turcia \u0219i un serviciu de mesagerie rusesc.<\/p>\n<p data-start=\"1739\" data-end=\"2194\" id=\"p-12\">Nicu\u0219or Dan a afirmat c\u0103, potrivit \u201erapoartelor, TikTok se preg\u0103tise s\u0103 blocheze o campanie \u00een care informa\u021biile [false] erau publicate de conturile \u00een sine\u201d.<\/p>\n<p data-start=\"1739\" data-end=\"2194\" id=\"p-13\">\u201eDar re\u021beaua social\u0103 nu anticipase c\u0103 aceste informa\u021bii vor fi reluate \u0219i difuzate prin intermediul comentariilor la post\u0103ri. Probabil c\u0103 structuri informatice f\u0103ceau acest lucru \u00een mod automat. \u00centrebarea este cine se afla \u00een spatele acestui lucru. Colabor\u0103m cu Turcia, dar acest lucru necesit\u0103 timp\u201d, a r\u0103spuns pre\u0219edintele.<\/p>\n<p data-start=\"2196\" data-end=\"2299\" id=\"p-14\">\u00cen ceea ce prive\u0219te ascensiunea partidului AUR la ultimele alegeri, ce au demonstrat c\u0103 forma\u021biunea \u0219i valorile promovate de aceasta au devenit tot mai cunoscute, Nicu\u0219or Dan consider\u0103 c\u0103 votan\u021bii nu ac\u021bioneaz\u0103 din motive radicale.<\/p>\n<p data-start=\"2301\" data-end=\"2757\" id=\"p-15\">Pre\u0219edintele a afirmat pentru Le Monde c\u0103 persoanele care aleg s\u0103 voteze cu partidul AUR \u201enu sunt nici extremiste, nici pro-ruse\u201d.<\/p>\n<p data-start=\"2301\" data-end=\"2757\" id=\"p-16\">\u201eDar nu au \u00eencredere \u00een celelalte partide. Vor o schimbare, oricare ar fi ea. Acum, cum putem s\u0103 le rec\u00e2\u0219tig\u0103m \u00eencrederea? Este necesar, \u0219i acest lucru va dura, ca autorit\u0103\u021bile s\u0103 lucreze pentru oameni. Cet\u0103\u021benii trebuie s\u0103 vad\u0103 c\u0103 exist\u0103 o lupt\u0103 real\u0103 \u00eempotriva corup\u021biei. Ei sunt preocupa\u021bi de condi\u021biile de via\u021b\u0103 de aici, din Rom\u00e2nia, nu at\u00e2t de problemele geopolitice\u201d, a spus pre\u0219edintele.<\/p>\n<p data-start=\"2759\" data-end=\"2991\" id=\"p-17\">Pre\u0219edintele a mai declarat c\u0103 ac\u021biunile anticorup\u021bie nu mai au intensitatea de acum un deceniu. \u00cen cadrul interviului, Nicu\u0219or Dan a r\u0103spuns c\u0103 nu mai apar dosare importante la nivelul DNA \u0219i c\u0103 dificult\u0103\u021bile generate de corup\u021bie se simt \u00een toate zonele statului.<\/p>\n<p data-start=\"2993\" data-end=\"3190\" id=\"p-18\">Jurnali\u0219tii Le Monde l-au \u00eentrebat \u0219i despre campaniile de dezinformare care au vizat trupele franceze aflate \u00een Rom\u00e2nia.<\/p>\n<p data-start=\"3192\" data-end=\"3857\" id=\"p-19\">\u201eNu avem o politic\u0103 de ap\u0103rare real\u0103 \u00eempotriva acestor campanii de dezinformare \u0219i manipulare. De exemplu, recent a circulat o informa\u021bie fals\u0103 potrivit c\u0103reia a\u0219 fi semnat ordinul de \u00eenrolare a 200.000 de persoane \u00een armat\u0103. \u00cens\u0103 institu\u021biile noastre nu sunt \u00een prezent capabile s\u0103 detecteze automat o informa\u021bie fals\u0103 r\u0103sp\u00e2ndit\u0103 pe numeroase site-uri \u0219i care ar ajunge, de exemplu, la 500.000 de persoane, \u0219i s\u0103 r\u0103spund\u0103 la aceasta. Cred c\u0103 vom reu\u0219i acest lucru \u00een urm\u0103toarele \u0219ase luni. Dar exist\u0103 o nemul\u021bumire foarte puternic\u0103 fa\u021b\u0103 de institu\u021biile din Rom\u00e2nia, oamenii sunt frustra\u021bi de corup\u021bie, ceea ce \u00eei preg\u0103te\u0219te s\u0103 primeasc\u0103 acest tip de dezinformare\u201d, a spus pre\u0219edintele.<\/p>\n","protected":false},"excerpt":{"rendered":"<p>Nicu\u0219or Dan, despre drona pr\u0103bu\u0219it\u0103 \u00een Vaslui, \u00eentr-un interviu pentru Le Monde: Nu aveam prea multe mijloace de ap\u0103rare terestr\u0103 \u00een acea zon\u0103 \u00centrebat de jurnali\u0219tii publica\u021biei de ce nu &hellip; <a href=\"https:\/\/microscopemedia.com\/?p=665297\" class=\"more-link\">Read More<\/a><\/p>\n","protected":false},"author":1,"featured_media":665298,"comment_status":"closed","ping_status":"closed","sticky":false,"template":"Default","format":"standard","meta":[],"categories":[1],"tags":[],"_links":{"self":[{"href":"https:\/\/microscopemedia.com\/index.php?rest_route=\/wp\/v2\/posts\/665297"}],"collection":[{"href":"https:\/\/microscopemedia.com\/index.php?rest_route=\/wp\/v2\/posts"}],"about":[{"href":"https:\/\/microscopemedia.com\/index.php?rest_route=\/wp\/v2\/types\/post"}],"author":[{"embeddable":true,"href":"https:\/\/microscopemedia.com\/index.php?rest_route=\/wp\/v2\/users\/1"}],"replies":[{"embeddable":true,"href":"https:\/\/microscopemedia.com\/index.php?rest_route=%2Fwp%2Fv2%2Fcomments&post=665297"}],"version-history":[{"count":0,"href":"https:\/\/microscopemedia.com\/index.php?rest_route=\/wp\/v2\/posts\/665297\/revisions"}],"wp:featuredmedia":[{"embeddable":true,"href":"https:\/\/microscopemedia.com\/index.php?rest_route=\/wp\/v2\/media\/665298"}],"wp:attachment":[{"href":"https:\/\/microscopemedia.com\/index.php?rest_route=%2Fwp%2Fv2%2Fmedia&parent=665297"}],"wp:term":[{"taxonomy":"category","embeddable":true,"href":"https:\/\/microscopemedia.com\/index.php?rest_route=%2Fwp%2Fv2%2Fcategories&post=665297"},{"taxonomy":"post_tag","embeddable":true,"href":"https:\/\/microscopemedia.com\/index.php?rest_route=%2Fwp%2Fv2%2Ftags&post=665297"}],"curies":[{"name":"wp","href":"https:\/\/api.w.org\/{rel}","templated":true}]}}