{"id":665301,"date":"2025-12-08T20:06:04","date_gmt":"2025-12-08T20:06:04","guid":{"rendered":"https:\/\/microscopemedia.com\/?p=665301"},"modified":"2025-12-08T20:06:04","modified_gmt":"2025-12-08T20:06:04","slug":"volodimir-zelenski-anunta-candidatii-pentru-sefia-biroului-prezidential-al-ucrainei","status":"publish","type":"post","link":"https:\/\/microscopemedia.com\/?p=665301","title":{"rendered":"Volodimir Zelenski anun\u021b\u0103 candida\u021bii pentru \u0219efia Biroului Preziden\u021bial al Ucrainei"},"content":{"rendered":"<div><img decoding=\"async\" src=\"https:\/\/microscopemedia.com\/wp-content\/uploads\/2025\/12\/volodimir-zelenski-anunta-candidatii-pentru-sefia-biroului-prezidential-al-ucrainei.jpg\" class=\"ff-og-image-inserted\"><\/div>\n<p data-start=\"0\" data-end=\"79\" id=\"p-0\">Luni, 8 decembrie, pre\u0219edintele Volodimir Zelenski a prezentat candida\u021bii pentru func\u021bia de \u0219ef al Biroului Preziden\u021bial, dup\u0103 plecarea fostului \u0219ef de cabinet, Andrii Yermak.<\/p>\n<p data-start=\"81\" data-end=\"255\" id=\"p-1\">Printre candida\u021bi se afl\u0103 Denys \u0218mihal, ministrul ap\u0103r\u0103rii \u0219i fost prim-ministru cu cel mai lung mandat, Mihailo Fedorov, ministrul Transform\u0103rii Digitale, Kyrylo Budanov, \u0219eful serviciilor secrete militare, Pavlo Palisa, adjunctul \u0219efului Biroului Preziden\u021bial \u0219i fost comandant, \u0219i Sergiy Kyslytsya, prim-viceministrul de externe \u0219i unul dintre principalii negociatori ai Ucrainei.<\/p>\n<p data-start=\"644\" data-end=\"832\" id=\"p-2\">Decizia de ast\u0103zi a venit la c\u00e2teva zile dup\u0103 demisia lui Andrii Yermak de pe 28 noiembrie, \u00een contextul celui mai mare scandal de corup\u021bie din Ucraina.<\/p>\n<p data-start=\"834\" data-end=\"992\" id=\"p-3\">Pre\u0219edintele Zelenski a anun\u021bat relansarea activit\u0103\u021bii Biroului Preziden\u021bial \u00een urma anchetei \u0219i a avut \u00eent\u00e2lniri cu oficiali care ar putea s\u0103 preia conducerea biroului.<\/p>\n<p data-start=\"994\" data-end=\"1233\" id=\"p-4\">\u201eAm discutat despre formatul de lucru al Biroului (Preziden\u021bial), precum \u0219i despre interac\u021biunea cu alte institu\u021bii ale statului\u2026 O decizie privind noul \u0219ef al biroului va fi luat\u0103 \u00een viitorul apropiat\u201d, a spus Volodimir Zelenski, joi.<\/p>\n<p data-start=\"1235\" data-end=\"1390\" id=\"p-5\">Tot luni, la Londra, pre\u0219edintele Zdelenski a explicat c\u0103 alegerea este dificil\u0103 deoarece trebuie analizat cine va prelua func\u021biile actuale ale candida\u021bilor.<\/p>\n<p data-start=\"1392\" data-end=\"1512\" id=\"p-6\">\u201e\u00cen orice caz, pentru o perioad\u0103 de timp, voi putea s\u0103 m\u0103 descurc singur f\u0103r\u0103 un \u0219ef al biroului\u201d, a ad\u0103ugat Volodimir Zelenski.<\/p>\n<p data-start=\"1514\" data-end=\"1714\" id=\"p-7\">Yermak, care a fost numit \u00een func\u021bia sa \u00een 2020, a fost foarte influent \u00een guvernul ucrainean.<\/p>\n<p data-start=\"1514\" data-end=\"1714\" id=\"p-8\">\u00cen ciuda criticilor, Volodimir Zelenski a spus \u00een trecut c\u0103 are \u00eencredere \u00een el \u0219i a respins acuza\u021biile privind o putere excesiv\u0103.<\/p>\n","protected":false},"excerpt":{"rendered":"<p>Luni, 8 decembrie, pre\u0219edintele Volodimir Zelenski a prezentat candida\u021bii pentru func\u021bia de \u0219ef al Biroului Preziden\u021bial, dup\u0103 plecarea fostului \u0219ef de cabinet, Andrii Yermak. Printre candida\u021bi se afl\u0103 Denys \u0218mihal, &hellip; <a href=\"https:\/\/microscopemedia.com\/?p=665301\" class=\"more-link\">Read More<\/a><\/p>\n","protected":false},"author":1,"featured_media":665302,"comment_status":"closed","ping_status":"closed","sticky":false,"template":"Default","format":"standard","meta":[],"categories":[1],"tags":[],"_links":{"self":[{"href":"https:\/\/microscopemedia.com\/index.php?rest_route=\/wp\/v2\/posts\/665301"}],"collection":[{"href":"https:\/\/microscopemedia.com\/index.php?rest_route=\/wp\/v2\/posts"}],"about":[{"href":"https:\/\/microscopemedia.com\/index.php?rest_route=\/wp\/v2\/types\/post"}],"author":[{"embeddable":true,"href":"https:\/\/microscopemedia.com\/index.php?rest_route=\/wp\/v2\/users\/1"}],"replies":[{"embeddable":true,"href":"https:\/\/microscopemedia.com\/index.php?rest_route=%2Fwp%2Fv2%2Fcomments&post=665301"}],"version-history":[{"count":0,"href":"https:\/\/microscopemedia.com\/index.php?rest_route=\/wp\/v2\/posts\/665301\/revisions"}],"wp:featuredmedia":[{"embeddable":true,"href":"https:\/\/microscopemedia.com\/index.php?rest_route=\/wp\/v2\/media\/665302"}],"wp:attachment":[{"href":"https:\/\/microscopemedia.com\/index.php?rest_route=%2Fwp%2Fv2%2Fmedia&parent=665301"}],"wp:term":[{"taxonomy":"category","embeddable":true,"href":"https:\/\/microscopemedia.com\/index.php?rest_route=%2Fwp%2Fv2%2Fcategories&post=665301"},{"taxonomy":"post_tag","embeddable":true,"href":"https:\/\/microscopemedia.com\/index.php?rest_route=%2Fwp%2Fv2%2Ftags&post=665301"}],"curies":[{"name":"wp","href":"https:\/\/api.w.org\/{rel}","templated":true}]}}