{"id":665305,"date":"2025-12-08T20:27:03","date_gmt":"2025-12-08T20:27:03","guid":{"rendered":"https:\/\/microscopemedia.com\/?p=665305"},"modified":"2025-12-08T20:27:03","modified_gmt":"2025-12-08T20:27:03","slug":"nicusor-dan-in-fata-romanilor-din-franta-romania-a-inceput-un-proces-profund-de-reconciliere-intre-administratie-si-societate","status":"publish","type":"post","link":"https:\/\/microscopemedia.com\/?p=665305","title":{"rendered":"Nicu\u0219or Dan, \u00een fa\u021ba rom\u00e2nilor din Fran\u021ba: Rom\u00e2nia a \u00eenceput un proces profund de reconciliere \u00eentre administra\u021bie \u0219i societate"},"content":{"rendered":"<div><img decoding=\"async\" src=\"https:\/\/microscopemedia.com\/wp-content\/uploads\/2025\/12\/nicusor-dan-in-fata-romanilor-din-franta-romania-a-inceput-un-proces-profund-de-reconciliere-intre-administratie-si-societate.png\" class=\"ff-og-image-inserted\"><\/div>\n<p data-start=\"266\" data-end=\"547\" id=\"p-0\">Aflat \u00eentr-o vizit\u0103 oficial\u0103 \u00een Fran\u021ba, <strong data-start=\"306\" data-end=\"344\">pre\u0219edintele Rom\u00e2niei,<a href=\"https:\/\/www.mediafax.ro\/politic\/infrangere-pentru-nicusor-dan-in-parlament-senatul-respinge-cererea-de-reexaminare-a-legii-vexler-presedintele-a-avut-doar-sprijinul-partidelor-de-opozitie-23655037\"> Nicu\u0219or Dan<\/a><\/strong>, le-a transmis rom\u00e2nilor din diaspora un mesaj puternic despre direc\u021bia \u00een care se \u00eendreapt\u0103 \u021bara, subliniind c\u0103 Rom\u00e2nia se afl\u0103 \u00eentr-un moment de <strong data-start=\"492\" data-end=\"522\">reconstruc\u021bie a \u00eencrederii<\/strong> dintre cet\u0103\u021beni \u0219i stat.<\/p>\n<p data-start=\"549\" data-end=\"807\" id=\"p-1\">\u201eFa\u021b\u0103 de unde riscam s\u0103 fim anul trecut, cred c\u0103 ne-am \u00eenv\u0103\u021bat cu to\u021bii lec\u021biile \u0219i am \u00eenceput un proces destul de lung de <strong data-start=\"672\" data-end=\"721\">reconciliere \u00eentre administra\u021bie \u0219i societate<\/strong>\u201d, a afirmat pre\u0219edintele \u00een cadrul \u00eent\u00e2lnirii cu comunitatea rom\u00e2neasc\u0103 din Fran\u021ba.<\/p>\n<p data-start=\"809\" data-end=\"1070\" id=\"p-2\">El a explicat c\u0103 Rom\u00e2nia trece printr-o etap\u0103 de maturizare: \u201eRom\u00e2nia are azi maturitatea s\u0103 se auto-evalueze, s\u0103 \u0219tie ce poate. Are o zon\u0103 privat\u0103 foarte dinamic\u0103 \u0219i o administra\u021bie care, \u00eentr-o anumit\u0103 m\u0103sur\u0103, este de bun\u0103 credin\u021b\u0103 \u0219i \u00eencepe s\u0103 \u0219tie ce vrea.\u201d<\/p>\n<h2 data-start=\"1072\" data-end=\"1136\" id=\"chapter-0\">Interfa\u021b\u0103 pentru diaspora: un nou mecanism de comunicare<\/h2>\n<p data-start=\"1138\" data-end=\"1341\" id=\"p-3\">Nicu\u0219or Dan a anun\u021bat c\u0103 Administra\u021bia Preziden\u021bial\u0103 lucreaz\u0103 la crearea unei <strong data-start=\"1216\" data-end=\"1261\">interfe\u021be dedicate rom\u00e2nilor din diaspora<\/strong>, pentru ca dialogul cu institu\u021biile statului s\u0103 fie mai clar \u0219i mai eficient.<\/p>\n<p data-start=\"1343\" data-end=\"1550\" id=\"p-4\">\u201e\u00cencerc\u0103m s\u0103 cre\u0103m o interfa\u021b\u0103 astfel \u00eenc\u00e2t, \u00een mod structurat \u0219i pentru to\u021bi rom\u00e2nii care tr\u0103iesc \u00een afara Rom\u00e2niei, s\u0103 facem lucruri care s\u0103 \u021bin\u0103 \u0219i s\u0103 fac\u0103 ac\u021biunile noastre mai eficiente\u201d, a spus acesta.<\/p>\n<h2 data-start=\"1552\" data-end=\"1608\" id=\"chapter-1\">Apel la colaborare: \u201ePutem face mai mult \u00eempreun\u0103\u201d<\/h2>\n<p data-start=\"1610\" data-end=\"1874\" id=\"p-5\">Pre\u0219edintele a subliniat c\u0103 rela\u021bia dintre stat \u0219i diaspora trebuie s\u0103 fie una de parteneriat, accentu\u00e2nd nevoia de cooperare \u00een domeniul economic \u0219i academic: \u201e\u00centrebarea este cum putem s\u0103 colabor\u0103m mai mult. Este \u00een beneficiul tuturor s\u0103 extindem comunicarea\u201d.<\/p>\n<p data-start=\"1876\" data-end=\"2053\" id=\"p-6\">La final, Nicu\u0219or Dan a transmis un mesaj de optimism comunit\u0103\u021bii rom\u00e2ne\u0219ti: \u201eVreau s\u0103 v\u0103 invit s\u0103 continu\u0103m dialogul, astfel \u00eenc\u00e2t s\u0103 reu\u0219im s\u0103 facem multe lucruri \u00eempreun\u0103\u201d.<\/p>\n<h2 data-start=\"1876\" data-end=\"2053\" id=\"chapter-2\">Ce spunea Nicu\u0219or Dan \u00een urm\u0103 cu o s\u0103pt\u0103m\u00e2n\u0103<\/h2>\n<p id=\"p-7\">Pre\u0219edintele Rom\u00e2niei, Nicu\u0219or Dan, a transmis, de asemenea, un mesaj, \u0219i \u00een urm\u0103 cu o s\u0103pt\u0103m\u00e2n\u0103, la recep\u021bia organizat\u0103 cu ocazia Zilei Na\u021bionale, \u00een care a a vorbit despre starea actual\u0103 a \u021b\u0103rii punct\u00e2nd at\u00e2t provoc\u0103rile cu care se confrunt\u0103 Rom\u00e2nia, dar \u0219i progresele realizate.<\/p>\n<p id=\"p-8\">\u201eTr\u0103im mai prost dec\u00e2t anul trecut. Dar tr\u0103im mult mai bine dec\u00e2t acum 20 de ani. \u0218i tr\u0103im mai bine dec\u00e2t mul\u021bi din oamenii din \u021b\u0103ri vecine nou\u0103\u201d, a spus, luni, \u0219eful statului.<\/p>\n<p id=\"p-9\">Nicu\u0219or Dan a recunoscut \u0219i provoc\u0103rile cu care se confrunta statul rom\u00e2n: \u201eRom\u00e2nia este o \u021bar\u0103 corupt\u0103 \u0219i rom\u00e2nii au dreptate c\u00e2nd spun c\u0103 nu v\u0103d o voin\u021b\u0103 a statului rom\u00e2n de a lupta cu corup\u021bia \u0219i mai au dreptate c\u00e2nd sunt revolta\u021bi de faptul c\u0103 oameni corup\u021bi vin \u0219i le dau lec\u021bii de moralitate la televizor. Totu\u0219i suntem mai pu\u021bin corup\u021bi dec\u00e2t acum 20 de ani\u201d.<\/p>\n","protected":false},"excerpt":{"rendered":"<p>Aflat \u00eentr-o vizit\u0103 oficial\u0103 \u00een Fran\u021ba, pre\u0219edintele Rom\u00e2niei, Nicu\u0219or Dan, le-a transmis rom\u00e2nilor din diaspora un mesaj puternic despre direc\u021bia \u00een care se \u00eendreapt\u0103 \u021bara, subliniind c\u0103 Rom\u00e2nia se afl\u0103 &hellip; <a href=\"https:\/\/microscopemedia.com\/?p=665305\" class=\"more-link\">Read More<\/a><\/p>\n","protected":false},"author":1,"featured_media":665306,"comment_status":"closed","ping_status":"closed","sticky":false,"template":"Default","format":"standard","meta":[],"categories":[1],"tags":[],"_links":{"self":[{"href":"https:\/\/microscopemedia.com\/index.php?rest_route=\/wp\/v2\/posts\/665305"}],"collection":[{"href":"https:\/\/microscopemedia.com\/index.php?rest_route=\/wp\/v2\/posts"}],"about":[{"href":"https:\/\/microscopemedia.com\/index.php?rest_route=\/wp\/v2\/types\/post"}],"author":[{"embeddable":true,"href":"https:\/\/microscopemedia.com\/index.php?rest_route=\/wp\/v2\/users\/1"}],"replies":[{"embeddable":true,"href":"https:\/\/microscopemedia.com\/index.php?rest_route=%2Fwp%2Fv2%2Fcomments&post=665305"}],"version-history":[{"count":0,"href":"https:\/\/microscopemedia.com\/index.php?rest_route=\/wp\/v2\/posts\/665305\/revisions"}],"wp:featuredmedia":[{"embeddable":true,"href":"https:\/\/microscopemedia.com\/index.php?rest_route=\/wp\/v2\/media\/665306"}],"wp:attachment":[{"href":"https:\/\/microscopemedia.com\/index.php?rest_route=%2Fwp%2Fv2%2Fmedia&parent=665305"}],"wp:term":[{"taxonomy":"category","embeddable":true,"href":"https:\/\/microscopemedia.com\/index.php?rest_route=%2Fwp%2Fv2%2Fcategories&post=665305"},{"taxonomy":"post_tag","embeddable":true,"href":"https:\/\/microscopemedia.com\/index.php?rest_route=%2Fwp%2Fv2%2Ftags&post=665305"}],"curies":[{"name":"wp","href":"https:\/\/api.w.org\/{rel}","templated":true}]}}