{"id":665311,"date":"2025-12-08T21:16:04","date_gmt":"2025-12-08T21:16:04","guid":{"rendered":"https:\/\/microscopemedia.com\/?p=665311"},"modified":"2025-12-08T21:16:04","modified_gmt":"2025-12-08T21:16:04","slug":"ucraina-nu-ia-in-considerare-sa-cedeze-teritorii-zelenski-nici-nu-avem-dreptul-moral-sa-facem-acest-lucru","status":"publish","type":"post","link":"https:\/\/microscopemedia.com\/?p=665311","title":{"rendered":"Ucraina nu ia \u00een considerare s\u0103 cedeze teritorii. Zelenski: \u201eNici nu avem dreptul moral s\u0103 facem acest lucru\u201d"},"content":{"rendered":"<div><img decoding=\"async\" src=\"https:\/\/microscopemedia.com\/wp-content\/uploads\/2025\/12\/ucraina-nu-ia-in-considerare-sa-cedeze-teritorii-zelenski-nici-nu-avem-dreptul-moral-sa-facem-acest-lucru.jpg\" class=\"ff-og-image-inserted\"><\/div>\n<p id=\"p-0\">Liderul de la Kiev a declarat c\u0103 Ucraina nu ia \u00een considerare posibilitatea ced\u0103rii vreunui teritoriu, \u00eentruc\u00e2t acest lucru nu este permis de legisla\u021bia \u021b\u0103rii, de dreptul interna\u021bional sau de principiile morale.<\/p>\n<p id=\"p-1\">\u201eLu\u0103m \u00een considerare cedarea vreunui teritoriu? Sincer s\u0103 fiu, nu avem dreptul s\u0103 facem acest lucru \u00een conformitate cu legea \u2013 \u00een conformitate cu legea Ucrainei, cu Constitu\u021bia noastr\u0103 sau cu dreptul interna\u021bional. \u0218i nici nu avem dreptul moral s\u0103 facem acest lucru\u201d, a spus Zelenski, luni, \u00eentr-o conferin\u021b\u0103 de pres\u0103, noteaz\u0103 <span><a href=\"https:\/\/www.pravda.com.ua\/eng\/news\/2025\/12\/08\/8010947\/\" target=\"_blank\" rel=\"noopener\">Ukrainska Pravda<\/a><\/span>.<\/p>\n<p id=\"p-2\">Pre\u0219edintele ucrainean a mai subliniat faptul c\u0103 Washingtonul caut\u0103 \u00een prezent solu\u021bii de compromis pentru a rezolva aceast\u0103 situa\u021bie, \u00een timp ce Rusia face presiuni pentru ca Ucraina s\u0103 cedeze, \u00een cele din urm\u0103, teritorii, ca parte a unui acord de pace.<\/p>\n<h2 id=\"chapter-0\">\u201eNoi nu vrem s\u0103 ced\u0103m nimic\u201d<\/h2>\n<p id=\"p-3\">\u201eF\u0103r\u0103 \u00eendoial\u0103, Rusia insist\u0103 s\u0103 ced\u0103m teritoriul. Noi, desigur, nu vrem s\u0103 ced\u0103m nimic. Pentru asta lupt\u0103m \u2013 \u0219ti\u021bi foarte bine acest lucru. Americanii caut\u0103 ast\u0103zi compromisuri\u201d, a mai spus pre\u0219edintele ucrainean.<\/p>\n<p id=\"p-4\">Declara\u021biile lui Zelenki vin dup\u0103 ce el a afirmat, \u00eentr-un interviu pentru Bloomberg, c\u0103&nbsp;negociatorii care discut\u0103 \u00een prezent ini\u021biativa de pace mediat\u0103 de SUA au opinii diferite cu privire la problema teritoriilor din <span><a href=\"https:\/\/www.mediafax.ro\/externe\/nu-avem-o-viziune-unitara-asupra-donbasului-zelenski-anunta-ca-nu-s-a-ajuns-la-un-acord-privind-teritoriile-din-estul-ucrainei-in-discutiile-cu-sua-23654866\">estul \u021b\u0103rii<\/a><\/span>.<\/p>\n<p id=\"p-5\">\u201eExist\u0103 viziuni ale SUA, Rusiei \u0219i Ucrainei \u2013 \u0219i nu avem o viziune unitar\u0103 asupra Donbasului\u201d, a declarat Zelenski pentru Bloomberg. Liderul ucrainean a spus c\u0103 Ucraina insist\u0103 pentru un acord separat privind garan\u021biile de securitate din partea alia\u021bilor occidentali, \u00een special a SUA.<\/p>\n","protected":false},"excerpt":{"rendered":"<p>Liderul de la Kiev a declarat c\u0103 Ucraina nu ia \u00een considerare posibilitatea ced\u0103rii vreunui teritoriu, \u00eentruc\u00e2t acest lucru nu este permis de legisla\u021bia \u021b\u0103rii, de dreptul interna\u021bional sau de &hellip; <a href=\"https:\/\/microscopemedia.com\/?p=665311\" class=\"more-link\">Read More<\/a><\/p>\n","protected":false},"author":1,"featured_media":665312,"comment_status":"closed","ping_status":"closed","sticky":false,"template":"Default","format":"standard","meta":[],"categories":[1],"tags":[],"_links":{"self":[{"href":"https:\/\/microscopemedia.com\/index.php?rest_route=\/wp\/v2\/posts\/665311"}],"collection":[{"href":"https:\/\/microscopemedia.com\/index.php?rest_route=\/wp\/v2\/posts"}],"about":[{"href":"https:\/\/microscopemedia.com\/index.php?rest_route=\/wp\/v2\/types\/post"}],"author":[{"embeddable":true,"href":"https:\/\/microscopemedia.com\/index.php?rest_route=\/wp\/v2\/users\/1"}],"replies":[{"embeddable":true,"href":"https:\/\/microscopemedia.com\/index.php?rest_route=%2Fwp%2Fv2%2Fcomments&post=665311"}],"version-history":[{"count":0,"href":"https:\/\/microscopemedia.com\/index.php?rest_route=\/wp\/v2\/posts\/665311\/revisions"}],"wp:featuredmedia":[{"embeddable":true,"href":"https:\/\/microscopemedia.com\/index.php?rest_route=\/wp\/v2\/media\/665312"}],"wp:attachment":[{"href":"https:\/\/microscopemedia.com\/index.php?rest_route=%2Fwp%2Fv2%2Fmedia&parent=665311"}],"wp:term":[{"taxonomy":"category","embeddable":true,"href":"https:\/\/microscopemedia.com\/index.php?rest_route=%2Fwp%2Fv2%2Fcategories&post=665311"},{"taxonomy":"post_tag","embeddable":true,"href":"https:\/\/microscopemedia.com\/index.php?rest_route=%2Fwp%2Fv2%2Ftags&post=665311"}],"curies":[{"name":"wp","href":"https:\/\/api.w.org\/{rel}","templated":true}]}}