{"id":665317,"date":"2025-12-08T21:46:04","date_gmt":"2025-12-08T21:46:04","guid":{"rendered":"https:\/\/microscopemedia.com\/?p=665317"},"modified":"2025-12-08T21:46:04","modified_gmt":"2025-12-08T21:46:04","slug":"ministrul-german-al-apararii-boris-pistorius-si-a-anulat-vizita-in-romania-cand-era-programata-deplasarea","status":"publish","type":"post","link":"https:\/\/microscopemedia.com\/?p=665317","title":{"rendered":"Ministrul german al Ap\u0103r\u0103rii, Boris Pistorius, \u0219i-a anulat vizita \u00een Rom\u00e2nia. C\u00e2nd era programat\u0103 deplasarea"},"content":{"rendered":"<div><img decoding=\"async\" src=\"https:\/\/microscopemedia.com\/wp-content\/uploads\/2025\/12\/ministrul-german-al-apararii-boris-pistorius-si-a-anulat-vizita-in-romania-cand-era-programata-deplasarea.jpg\" class=\"ff-og-image-inserted\"><\/div>\n<p data-start=\"67\" data-end=\"510\" id=\"p-0\">Boris Pistorius, ministrul federal al Ap\u0103r\u0103rii din Germania, \u0219i-a anulat \u00een ultimul moment vizita programat\u0103 \u00een Rom\u00e2nia din aceast\u0103 s\u0103pt\u0103m\u00e2n\u0103.<\/p>\n<p data-start=\"67\" data-end=\"510\" id=\"p-1\">Oficialul german trebuia s\u0103 se \u00eent\u00e2lneasc\u0103 mar\u021bi, 9 decembrie, cu premierul Ilie Bolojan la Baza 57 Aerian\u0103 \u201eC\u0103pitan Aviator Constantin Cantacuzino\u201d din Mihail Kog\u0103lniceanu, jude\u021bul Constan\u021ba.<\/p>\n<p data-start=\"67\" data-end=\"510\" id=\"p-2\">La \u00eent\u00e2lnire urma s\u0103 participe \u0219i secretarul de stat pentru politica de ap\u0103rare, planificare \u0219i rela\u021bii interna\u021bionale, Sorin Dan Moldovan.<\/p>\n<p data-start=\"512\" data-end=\"1112\" id=\"p-3\">Cabinetul premierului Ilie Bolojan anun\u021base vizita pe 5 decembrie, \u00eens\u0103 luni seara, pe 8 decembrie, MApN a transmis c\u0103 \u00eent\u00e2lnirea nu va mai avea loc.<\/p>\n<p data-start=\"512\" data-end=\"1112\" id=\"p-4\">\u201eMinisterul Ap\u0103r\u0103rii Na\u021bionale informeaz\u0103 c\u0103, urmare a modific\u0103rilor ap\u0103rute \u00een agenda p\u0103r\u021bii germane, activit\u0103\u021bile planificate m\u00e2ine, 9 decembrie, la Baza 57 Aerian\u0103 \u00abC\u0103pitan Aviator Constantin Cantacuzino\u00bb din Mihail Kog\u0103lniceanu se vor desf\u0103\u0219ura la nivel de secretari de stat. Programul stabilit ini\u021bial se va derula \u00een continuare, cu adapt\u0103rile necesare, astfel \u00eenc\u00e2t obiectivele ambelor p\u0103r\u021bi s\u0103 fie \u00eendeplinite\u201d, se arat\u0103 \u00een comunicatul MApN.<\/p>\n<p data-start=\"1114\" data-end=\"1267\" id=\"p-5\">O informare asem\u0103n\u0103toare a venit \u0219i de la Guvernul Rom\u00e2niei, \u00een condi\u021biile \u00een care premierul Bolojan \u0219i ministrul german aveau programat\u0103 \u0219i o conferin\u021b\u0103 de pres\u0103 comun\u0103.<\/p>\n<article class=\"text-token-text-primary w-full focus:outline-none [--shadow-height:45px] has-data-writing-block:pointer-events-none has-data-writing-block:-mt-(--shadow-height) has-data-writing-block:pt-(--shadow-height) [&amp;:has([data-writing-block])>*]:pointer-events-auto scroll-mt-[calc(var(&#8211;header-height)+min(200px,max(70px,20svh)))]&#8221; dir=&#8221;auto&#8221; tabindex=&#8221;-1&#8243; data-turn-id=&#8221;request-WEB:f4acd010-0aec-4b2f-8932-9c561407f0c8-18&#8243; data-testid=&#8221;conversation-turn-6&#8243; data-scroll-anchor=&#8221;true&#8221; data-turn=&#8221;assistant&#8221;><\/p>\n<div class=\"text-base my-auto mx-auto pb-10 [--thread-content-margin:--spacing(4)] @w-sm\/main:[--thread-content-margin:--spacing(6)] @w-lg\/main:[--thread-content-margin:--spacing(16)] px-(--thread-content-margin)\">\n<div class=\"[--thread-content-max-width:40rem] @w-lg\/main:[--thread-content-max-width:48rem] mx-auto max-w-(--thread-content-max-width) flex-1 group\/turn-messages focus-visible:outline-hidden relative flex w-full min-w-0 flex-col agent-turn\" tabindex=\"-1\">\n<div class=\"flex max-w-full flex-col grow\">\n<div class=\"min-h-8 text-message relative flex w-full flex-col items-end gap-2 text-start break-words whitespace-normal [.text-message+&amp;]:mt-1\" dir=\"auto\" data-message-author-role=\"assistant\" data-message-id=\"f9fd46c2-813e-4dc2-a402-cbe6eff8630a\" data-message-model-slug=\"gpt-5-mini\">\n<div class=\"flex w-full flex-col gap-1 empty:hidden first:pt-[1px]\" readability=\"10.5\">\n<div class=\"markdown prose dark:prose-invert w-full break-words light markdown-new-styling\" readability=\"16\">\n<p data-start=\"1269\" data-end=\"1674\" data-is-last-node data-is-only-node id=\"p-6\">Rom\u00e2nia are \u00een prezent doar ministru interimar la Ministerul Ap\u0103r\u0103rii.<\/p>\n<p data-start=\"1269\" data-end=\"1674\" data-is-last-node data-is-only-node id=\"p-7\">Fostul ministru al Ap\u0103r\u0103rii, Ionu\u021b Mo\u0219teanu, a demisionat pe 28 noiembrie din func\u021bia sa, dup\u0103 un scandal legat de studiile sale. Premierul Ilie Bolojan l-a numit pe Radu Miru\u021b\u0103, ministrul USR al Economiei, s\u0103 preia interimatul \u0219i ministerul Ap\u0103r\u0103rii.<\/p>\n<\/div>\n<\/div>\n<\/div>\n<\/div>\n<\/div>\n<\/div>\n<\/article>\n","protected":false},"excerpt":{"rendered":"<p>Boris Pistorius, ministrul federal al Ap\u0103r\u0103rii din Germania, \u0219i-a anulat \u00een ultimul moment vizita programat\u0103 \u00een Rom\u00e2nia din aceast\u0103 s\u0103pt\u0103m\u00e2n\u0103. Oficialul german trebuia s\u0103 se \u00eent\u00e2lneasc\u0103 mar\u021bi, 9 decembrie, cu &hellip; <a href=\"https:\/\/microscopemedia.com\/?p=665317\" class=\"more-link\">Read More<\/a><\/p>\n","protected":false},"author":1,"featured_media":665318,"comment_status":"closed","ping_status":"closed","sticky":false,"template":"Default","format":"standard","meta":[],"categories":[1],"tags":[],"_links":{"self":[{"href":"https:\/\/microscopemedia.com\/index.php?rest_route=\/wp\/v2\/posts\/665317"}],"collection":[{"href":"https:\/\/microscopemedia.com\/index.php?rest_route=\/wp\/v2\/posts"}],"about":[{"href":"https:\/\/microscopemedia.com\/index.php?rest_route=\/wp\/v2\/types\/post"}],"author":[{"embeddable":true,"href":"https:\/\/microscopemedia.com\/index.php?rest_route=\/wp\/v2\/users\/1"}],"replies":[{"embeddable":true,"href":"https:\/\/microscopemedia.com\/index.php?rest_route=%2Fwp%2Fv2%2Fcomments&post=665317"}],"version-history":[{"count":0,"href":"https:\/\/microscopemedia.com\/index.php?rest_route=\/wp\/v2\/posts\/665317\/revisions"}],"wp:featuredmedia":[{"embeddable":true,"href":"https:\/\/microscopemedia.com\/index.php?rest_route=\/wp\/v2\/media\/665318"}],"wp:attachment":[{"href":"https:\/\/microscopemedia.com\/index.php?rest_route=%2Fwp%2Fv2%2Fmedia&parent=665317"}],"wp:term":[{"taxonomy":"category","embeddable":true,"href":"https:\/\/microscopemedia.com\/index.php?rest_route=%2Fwp%2Fv2%2Fcategories&post=665317"},{"taxonomy":"post_tag","embeddable":true,"href":"https:\/\/microscopemedia.com\/index.php?rest_route=%2Fwp%2Fv2%2Ftags&post=665317"}],"curies":[{"name":"wp","href":"https:\/\/api.w.org\/{rel}","templated":true}]}}