{"id":665329,"date":"2025-12-09T01:06:03","date_gmt":"2025-12-09T01:06:03","guid":{"rendered":"https:\/\/microscopemedia.com\/?p=665329"},"modified":"2025-12-09T01:06:03","modified_gmt":"2025-12-09T01:06:03","slug":"fost-ministru-al-economiei-din-cuba-condamnat-la-inchisoare-pe-viata-pentru-spionaj","status":"publish","type":"post","link":"https:\/\/microscopemedia.com\/?p=665329","title":{"rendered":"Fost ministru al Economiei din Cuba, condamnat la \u00eenchisoare pe via\u021b\u0103 pentru spionaj"},"content":{"rendered":"<div><img decoding=\"async\" src=\"https:\/\/microscopemedia.com\/wp-content\/uploads\/2025\/12\/fost-ministru-al-economiei-din-cuba-condamnat-la-inchisoare-pe-viata-pentru-spionaj.jpg\" class=\"ff-og-image-inserted\"><\/div>\n<p id=\"p-0\">\u201eCurtea a aplicat o singur\u0103 pedeaps\u0103 cu \u00eenchisoare pe via\u021b\u0103\u201d pentru \u201einfrac\u021biuni de spionaj\u201d \u0219i \u201eacte care prejudiciaz\u0103 activitatea economic\u0103 sau atribuirea de contracte\u201d, a anun\u021bat cea mai \u00eenalt\u0103 instan\u021b\u0103 a \u021b\u0103rii \u00eentr-un comunicat, potrivit <a href=\"https:\/\/www.lefigaro.fr\/flash-actu\/cuba-l-ex-ministre-de-l-economie-alejandro-gil-condamne-a-perpetuite-pour-espionnage-20251209\" target=\"_blank\" rel=\"noopener\">Le Figaro<\/a>.<\/p>\n<p id=\"p-1\">Curtea Suprem\u0103 nu a dezv\u0103luit \u00eens\u0103 pentru ce \u021bar\u0103 sau entitate au fost comise presupusele acte de spionaj \u0219i nici nu a oferit detalii despre abaterile economice implicate.<\/p>\n<p id=\"p-2\">\u00cen acest caz, Alejandro Gil a fost g\u0103sit vinovat de \u201ecorup\u021bie, furt \u0219i deteriorare a documentelor sau a altor obiecte aflate \u00een custodia oficial\u0103, \u00eenc\u0103lcarea sigiliilor oficiale \u0219i \u00eenc\u0103lcarea regulilor de protec\u021bie a documentelor clasificate\u201d, a declarat doar Curtea Suprem\u0103.<\/p>\n<p id=\"p-3\">Fostul ministru \u00een v\u00e2rst\u0103 de 61 de ani, care a fost \u00een func\u021bie \u00eentre 2018 \u0219i 2024 \u0219i este considerat apropiat de pre\u0219edintele Miguel Diaz-Canel, a f\u0103cut \u0219i obiectul unei a doua proceduri pentru care a fost condamnat la dou\u0103zeci de ani de \u00eenchisoare, a anun\u021bat Curtea Suprem\u0103 \u00een acela\u0219i comunicat.<\/p>\n<h2 id=\"chapter-0\">Acuzat \u0219i de trafic de influen\u021b\u0103 \u0219i fraud\u0103 fiscal\u0103<\/h2>\n<p id=\"p-4\">\u00cen acest al doilea caz, el a fost g\u0103sit vinovat de \u201einfrac\u021biuni de corup\u021bie \u00een curs de desf\u0103\u0219urare, folosite ca mijloc de falsificare a documentelor publice, precum \u0219i de trafic de influen\u021b\u0103 \u0219i fraud\u0103 fiscal\u0103\u201d. Fostul ministru are la dispozi\u021bie zece zile pentru a face apel la aceast\u0103 a doua condamnare. \u00cen cazul unei condamn\u0103ri pe via\u021b\u0103, legisla\u021bia cubanez\u0103 prevede un apel automat, care va implica \u00een mod necesar un al doilea proces.<\/p>\n<p id=\"p-5\">Alejandro Gil a fost ministrul Economiei \u0219i Planific\u0103rii din 2018 p\u00e2n\u0103 la demiterea sa brusc\u0103 \u00een februarie 2024. De atunci, nu a mai fost v\u0103zut niciodat\u0103 \u00een public.<\/p>\n","protected":false},"excerpt":{"rendered":"<p>\u201eCurtea a aplicat o singur\u0103 pedeaps\u0103 cu \u00eenchisoare pe via\u021b\u0103\u201d pentru \u201einfrac\u021biuni de spionaj\u201d \u0219i \u201eacte care prejudiciaz\u0103 activitatea economic\u0103 sau atribuirea de contracte\u201d, a anun\u021bat cea mai \u00eenalt\u0103 instan\u021b\u0103 &hellip; <a href=\"https:\/\/microscopemedia.com\/?p=665329\" class=\"more-link\">Read More<\/a><\/p>\n","protected":false},"author":1,"featured_media":665330,"comment_status":"closed","ping_status":"closed","sticky":false,"template":"Default","format":"standard","meta":[],"categories":[1],"tags":[],"_links":{"self":[{"href":"https:\/\/microscopemedia.com\/index.php?rest_route=\/wp\/v2\/posts\/665329"}],"collection":[{"href":"https:\/\/microscopemedia.com\/index.php?rest_route=\/wp\/v2\/posts"}],"about":[{"href":"https:\/\/microscopemedia.com\/index.php?rest_route=\/wp\/v2\/types\/post"}],"author":[{"embeddable":true,"href":"https:\/\/microscopemedia.com\/index.php?rest_route=\/wp\/v2\/users\/1"}],"replies":[{"embeddable":true,"href":"https:\/\/microscopemedia.com\/index.php?rest_route=%2Fwp%2Fv2%2Fcomments&post=665329"}],"version-history":[{"count":0,"href":"https:\/\/microscopemedia.com\/index.php?rest_route=\/wp\/v2\/posts\/665329\/revisions"}],"wp:featuredmedia":[{"embeddable":true,"href":"https:\/\/microscopemedia.com\/index.php?rest_route=\/wp\/v2\/media\/665330"}],"wp:attachment":[{"href":"https:\/\/microscopemedia.com\/index.php?rest_route=%2Fwp%2Fv2%2Fmedia&parent=665329"}],"wp:term":[{"taxonomy":"category","embeddable":true,"href":"https:\/\/microscopemedia.com\/index.php?rest_route=%2Fwp%2Fv2%2Fcategories&post=665329"},{"taxonomy":"post_tag","embeddable":true,"href":"https:\/\/microscopemedia.com\/index.php?rest_route=%2Fwp%2Fv2%2Ftags&post=665329"}],"curies":[{"name":"wp","href":"https:\/\/api.w.org\/{rel}","templated":true}]}}