{"id":665333,"date":"2025-12-09T02:36:04","date_gmt":"2025-12-09T02:36:04","guid":{"rendered":"https:\/\/microscopemedia.com\/?p=665333"},"modified":"2025-12-09T02:36:04","modified_gmt":"2025-12-09T02:36:04","slug":"sase-civili-cambodgieni-au-fost-ucisi-la-granita-cu-thailanda","status":"publish","type":"post","link":"https:\/\/microscopemedia.com\/?p=665333","title":{"rendered":"\u0218ase civili cambodgieni au fost uci\u0219i la grani\u021ba cu Thailanda"},"content":{"rendered":"<div><img decoding=\"async\" src=\"https:\/\/microscopemedia.com\/wp-content\/uploads\/2025\/12\/sase-civili-cambodgieni-au-fost-ucisi-la-granita-cu-thailanda.jpg\" class=\"ff-og-image-inserted\"><\/div>\n<p id=\"p-0\">Armata thailandez\u0103 a deschis focul \u00een provincia de frontier\u0103 Banteay Meanchey dup\u0103 miezul nop\u021bii, \u201eucig\u00e2nd doi civili care c\u0103l\u0103toreau pe Ruta Na\u021bional\u0103 56\u201d, a anun\u021bat Ministerul Ap\u0103r\u0103rii din Cambodgia \u00eentr-o postare pe Facebook, potrivit <a href=\"https:\/\/www.lefigaro.fr\/flash-actu\/cambodge-thailande-six-civils-cambodgiens-tues-a-la-frontiere-thailandaise-selon-un-nouveau-bilan-20251209\" target=\"_blank\" rel=\"noopener\">Le Figaro<\/a>.<\/p>\n<p id=\"p-1\">Aceste noi atacuri aduc la \u0219ase num\u0103rul civililor uci\u0219i de luni \u0219i de la reluarea luptelor de duminic\u0103 noapte, la mai pu\u021bin de dou\u0103 luni de la un armisti\u021biu.<\/p>\n<p id=\"p-2\">Luni, ministrul cambodgian al Informa\u021biilor, Neth Pheaktra, a declarat pentru AFP c\u0103 \u201eatacurile thailandeze\u201d au ucis patru civili cambodgieni \u0219i au r\u0103nit aproximativ al\u021bi zece. Armata thailandez\u0103, la r\u00e2ndul s\u0103u, a declarat luni c\u0103 un soldat a fost ucis \u0219i al\u021bi 18 r\u0103ni\u021bi de la \u00eenceputul relu\u0103rii ostilit\u0103\u021bilor.<\/p>\n<h2 id=\"chapter-0\">Atacuri aeriene \u0219i cu tancuri<\/h2>\n<p id=\"p-3\">Ambele p\u0103r\u021bi se acuz\u0103 reciproc c\u0103 au declan\u0219at reluarea luptelor, \u00een urma c\u0103rora Thailanda a lansat luni atacuri aeriene \u0219i a folosit tancuri \u00eempotriva vecinului s\u0103u.<\/p>\n<p id=\"p-4\">Conflictul provine dintr-o disput\u0103 de lung\u0103 durat\u0103 privind demarcarea unor p\u0103r\u021bi din grani\u021ba lor de 800 de kilometri, care dateaz\u0103 din perioada colonial\u0103 francez\u0103. Acordul de \u00eencetare a focului semnat pe 26 octombrie \u00eentre cele dou\u0103 state din Asia de Sud-Est, mediat de pre\u0219edintele american Donald Trump, este acum suspendat.<\/p>\n<p id=\"p-5\">Acesta avea scopul de a pune cap\u0103t a cinci zile de lupte din iulie, at\u00e2t la sol, c\u00e2t \u0219i \u00een aer, care au provocat 43 de mor\u021bi \u0219i au for\u021bat evacuarea a aproximativ 300.000 de persoane.<\/p>\n","protected":false},"excerpt":{"rendered":"<p>Armata thailandez\u0103 a deschis focul \u00een provincia de frontier\u0103 Banteay Meanchey dup\u0103 miezul nop\u021bii, \u201eucig\u00e2nd doi civili care c\u0103l\u0103toreau pe Ruta Na\u021bional\u0103 56\u201d, a anun\u021bat Ministerul Ap\u0103r\u0103rii din Cambodgia \u00eentr-o &hellip; <a href=\"https:\/\/microscopemedia.com\/?p=665333\" class=\"more-link\">Read More<\/a><\/p>\n","protected":false},"author":1,"featured_media":665334,"comment_status":"closed","ping_status":"closed","sticky":false,"template":"Default","format":"standard","meta":[],"categories":[1],"tags":[],"_links":{"self":[{"href":"https:\/\/microscopemedia.com\/index.php?rest_route=\/wp\/v2\/posts\/665333"}],"collection":[{"href":"https:\/\/microscopemedia.com\/index.php?rest_route=\/wp\/v2\/posts"}],"about":[{"href":"https:\/\/microscopemedia.com\/index.php?rest_route=\/wp\/v2\/types\/post"}],"author":[{"embeddable":true,"href":"https:\/\/microscopemedia.com\/index.php?rest_route=\/wp\/v2\/users\/1"}],"replies":[{"embeddable":true,"href":"https:\/\/microscopemedia.com\/index.php?rest_route=%2Fwp%2Fv2%2Fcomments&post=665333"}],"version-history":[{"count":0,"href":"https:\/\/microscopemedia.com\/index.php?rest_route=\/wp\/v2\/posts\/665333\/revisions"}],"wp:featuredmedia":[{"embeddable":true,"href":"https:\/\/microscopemedia.com\/index.php?rest_route=\/wp\/v2\/media\/665334"}],"wp:attachment":[{"href":"https:\/\/microscopemedia.com\/index.php?rest_route=%2Fwp%2Fv2%2Fmedia&parent=665333"}],"wp:term":[{"taxonomy":"category","embeddable":true,"href":"https:\/\/microscopemedia.com\/index.php?rest_route=%2Fwp%2Fv2%2Fcategories&post=665333"},{"taxonomy":"post_tag","embeddable":true,"href":"https:\/\/microscopemedia.com\/index.php?rest_route=%2Fwp%2Fv2%2Ftags&post=665333"}],"curies":[{"name":"wp","href":"https:\/\/api.w.org\/{rel}","templated":true}]}}