{"id":665341,"date":"2025-12-09T04:46:04","date_gmt":"2025-12-09T04:46:04","guid":{"rendered":"https:\/\/microscopemedia.com\/?p=665341"},"modified":"2025-12-09T04:46:04","modified_gmt":"2025-12-09T04:46:04","slug":"anul-2025-va-fi-al-doilea-sau-al-treilea-cel-mai-fierbinte-an-inregistrat-vreodata","status":"publish","type":"post","link":"https:\/\/microscopemedia.com\/?p=665341","title":{"rendered":"Anul 2025 va fi al doilea sau al treilea cel mai fierbinte an \u00eenregistrat vreodat\u0103"},"content":{"rendered":"<div><img decoding=\"async\" src=\"https:\/\/microscopemedia.com\/wp-content\/uploads\/2025\/12\/anul-2025-va-fi-al-doilea-sau-al-treilea-cel-mai-fierbinte-an-inregistrat-vreodata.jpg\" class=\"ff-og-image-inserted\"><\/div>\n<p id=\"p-0\">Temperaturile globale din ianuarie p\u00e2n\u0103 \u00een noiembrie au fost \u00een medie cu 1,48\u00b0C mai mari dec\u00e2t nivelurile preindustriale, potrivit programului Copernicus, de observare a P\u0103m\u00e2ntului al UE. Acesta a constatat c\u0103 anomaliile au fost p\u00e2n\u0103 acum identice cu cele \u00eenregistrate \u00een 2023, care este al doilea cel mai cald an \u00eenregistrat dup\u0103 2024, potrivit The <a href=\"https:\/\/www.theguardian.com\/environment\/2025\/dec\/09\/2025-virtually-certain-second-or-third-hottest-year-on-record-eu-data-coperincus\" target=\"_blank\" rel=\"noopener\">Guardian<\/a>.<\/p>\n<p id=\"p-1\">Liderii mondiali au promis c\u0103 vor \u00eempiedica \u00eenc\u0103lzirea planetei cu 1,5\u00b0C peste nivelurile preindustriale p\u00e2n\u0103 la sf\u00e2r\u0219itul secolului. Oamenii de \u0219tiin\u021b\u0103 interpreteaz\u0103 obiectivul de temperatur\u0103 ca o medie pe 30 de ani, l\u0103s\u00e2nd o urm\u0103 de speran\u021b\u0103 pentru atingerea obiectivului dup\u0103 o perioad\u0103 de dep\u0103\u0219ire, chiar dac\u0103 lunile \u0219i anii individuali \u00eencep s\u0103 treac\u0103 pragul.<\/p>\n<p id=\"p-2\">\u201ePentru noiembrie, temperaturile globale au fost cu 1,54\u00b0C peste nivelurile preindustriale\u201d, a declarat Dr. Samantha Burgess, directoarea adjunct\u0103 a Serviciului Copernicus pentru Schimb\u0103ri Climatice. \u201eMedia pe trei ani pentru perioada 2023-2025 este pe cale s\u0103 dep\u0103\u0219easc\u0103 1,5\u00b0C pentru prima dat\u0103.\u201d<\/p>\n<h2 id=\"chapter-0\">Evenimente meteorologice periculoase<\/h2>\n<p id=\"p-3\">Buletinul lunar al agen\u021biei a constatat c\u0103 luna trecut\u0103 a fost a treia cea mai cald\u0103 lun\u0103 noiembrie la nivel global, cu temperaturi \u201e\u00een mod notabil\u201d mai ridicate \u00eenregistrate \u00een nordul Canadei \u0219i \u00een Oceanul Arctic. Luna a fost marcat\u0103 de o serie de evenimente meteorologice periculoase, inclusiv cicloane \u0219i inunda\u021bii catastrofale care au m\u0103turat vie\u021bi \u0219i locuin\u021be \u00een Asia de Sud \u0219i Sud-Est.<\/p>\n<p id=\"p-4\">Temperaturile medii au crescut brusc ca urmare a polu\u0103rii cu carbon care a acoperit P\u0103m\u00e2ntul, ceea ce a amplificat fenomenele meteorologice extreme, de la valuri de c\u0103ldur\u0103 la ploi abundente, dar continu\u0103 s\u0103 varieze de la an la an \u00een func\u021bie de factorii naturali.<\/p>\n","protected":false},"excerpt":{"rendered":"<p>Temperaturile globale din ianuarie p\u00e2n\u0103 \u00een noiembrie au fost \u00een medie cu 1,48\u00b0C mai mari dec\u00e2t nivelurile preindustriale, potrivit programului Copernicus, de observare a P\u0103m\u00e2ntului al UE. Acesta a constatat &hellip; <a href=\"https:\/\/microscopemedia.com\/?p=665341\" class=\"more-link\">Read More<\/a><\/p>\n","protected":false},"author":1,"featured_media":665342,"comment_status":"closed","ping_status":"closed","sticky":false,"template":"Default","format":"standard","meta":[],"categories":[1],"tags":[],"_links":{"self":[{"href":"https:\/\/microscopemedia.com\/index.php?rest_route=\/wp\/v2\/posts\/665341"}],"collection":[{"href":"https:\/\/microscopemedia.com\/index.php?rest_route=\/wp\/v2\/posts"}],"about":[{"href":"https:\/\/microscopemedia.com\/index.php?rest_route=\/wp\/v2\/types\/post"}],"author":[{"embeddable":true,"href":"https:\/\/microscopemedia.com\/index.php?rest_route=\/wp\/v2\/users\/1"}],"replies":[{"embeddable":true,"href":"https:\/\/microscopemedia.com\/index.php?rest_route=%2Fwp%2Fv2%2Fcomments&post=665341"}],"version-history":[{"count":0,"href":"https:\/\/microscopemedia.com\/index.php?rest_route=\/wp\/v2\/posts\/665341\/revisions"}],"wp:featuredmedia":[{"embeddable":true,"href":"https:\/\/microscopemedia.com\/index.php?rest_route=\/wp\/v2\/media\/665342"}],"wp:attachment":[{"href":"https:\/\/microscopemedia.com\/index.php?rest_route=%2Fwp%2Fv2%2Fmedia&parent=665341"}],"wp:term":[{"taxonomy":"category","embeddable":true,"href":"https:\/\/microscopemedia.com\/index.php?rest_route=%2Fwp%2Fv2%2Fcategories&post=665341"},{"taxonomy":"post_tag","embeddable":true,"href":"https:\/\/microscopemedia.com\/index.php?rest_route=%2Fwp%2Fv2%2Ftags&post=665341"}],"curies":[{"name":"wp","href":"https:\/\/api.w.org\/{rel}","templated":true}]}}