{"id":665345,"date":"2025-12-09T05:26:03","date_gmt":"2025-12-09T05:26:03","guid":{"rendered":"https:\/\/microscopemedia.com\/?p=665345"},"modified":"2025-12-09T05:26:03","modified_gmt":"2025-12-09T05:26:03","slug":"infotrafic-se-circula-cu-greutate-pe-numeroase-artere-rutiere-din-moldova-ardeal-muntenia-si-banat","status":"publish","type":"post","link":"https:\/\/microscopemedia.com\/?p=665345","title":{"rendered":"Infotrafic. Se circul\u0103 cu greutate pe numeroase artere rutiere din Moldova, Ardeal, Muntenia \u0219i Banat"},"content":{"rendered":"<div><img decoding=\"async\" src=\"https:\/\/microscopemedia.com\/wp-content\/uploads\/2025\/12\/infotrafic-se-circula-cu-greutate-pe-numeroase-artere-rutiere-din-moldova-ardeal-muntenia-si-banat.png\" class=\"ff-og-image-inserted\"><\/div>\n<p id=\"p-0\">Centrul Infotrafic din Inspectoratul General al Poli\u0163iei Rom\u00e2ne informeaz\u0103 c\u0103, mar\u021bi diminea\u021ba, cea\u021ba reduce vizibilitatea \u00een trafic la sub 200 metri \u0219i izolat, sub 50 metri, pe mai multe artere rutiere din jude\u021bele Alba, Arge\u0219, Boto\u0219ani, Hunedoara, Prahova, Suceava \u0219i Timi\u0219.<\/p>\n<p id=\"p-1\">De aceea, \u0219oferilor \u0219i pietonilor li se recomand\u0103 s\u0103 fie pruden\u021bi.<\/p>\n<p id=\"p-2\">\u201eSf\u0103tuim conduc\u0103torii auto s\u0103 reduc\u0103 viteza \u0219i s\u0103 m\u0103reasc\u0103 distan\u021ba de siguran\u021b\u0103 \u00eentre autovehicule, s\u0103 foloseasc\u0103 \u00een mod corespunz\u0103tor sistemele de iluminare, s\u0103 evite fr\u00e2n\u0103rile bru\u0219te \u0219i manevrele riscante! Pietonilor le recomand\u0103m s\u0103 evite folosirea p\u0103r\u0163ii carosabile pe timpul nop\u021bii, \u00een condi\u0163ii de vizibilitate redus\u0103\u201d, a transmis Infotrafic.<\/p>\n<p id=\"p-3\">Mar\u021bi diminea\u021b\u0103 nu sunt semnalate accidente care s\u0103 determine restric\u021bii de circula\u021bie pe autostr\u0103zi sau pe drumurile na\u021bionale.<\/p>\n<p id=\"p-4\">Totodat\u0103, \u00een perioada 9 \u2013 12 decembrie, \u00een intervalul orar 08:00 \u2013 17:00, se vor desf\u0103\u0219ura lucr\u0103ri de repara\u021bie a p\u0103r\u021bii carosabile pe DN 7 Pite\u0219ti \u2013 R\u00e2mnicu V\u00e2lcea, pe raza localit\u0103\u021bilor Bascov \u0219i Dr\u0103ganu, jude\u021bul Arge\u0219. Traficul rutier se va desf\u0103\u0219ura \u201ealternativ, \u00een ambele sensuri, pe o singur\u0103 band\u0103, dirijat prin pilo\u021bi de circula\u021bie\u201d, a precizat Infotrafic.<\/p>\n","protected":false},"excerpt":{"rendered":"<p>Centrul Infotrafic din Inspectoratul General al Poli\u0163iei Rom\u00e2ne informeaz\u0103 c\u0103, mar\u021bi diminea\u021ba, cea\u021ba reduce vizibilitatea \u00een trafic la sub 200 metri \u0219i izolat, sub 50 metri, pe mai multe artere &hellip; <a href=\"https:\/\/microscopemedia.com\/?p=665345\" class=\"more-link\">Read More<\/a><\/p>\n","protected":false},"author":1,"featured_media":665346,"comment_status":"closed","ping_status":"closed","sticky":false,"template":"Default","format":"standard","meta":[],"categories":[1],"tags":[],"_links":{"self":[{"href":"https:\/\/microscopemedia.com\/index.php?rest_route=\/wp\/v2\/posts\/665345"}],"collection":[{"href":"https:\/\/microscopemedia.com\/index.php?rest_route=\/wp\/v2\/posts"}],"about":[{"href":"https:\/\/microscopemedia.com\/index.php?rest_route=\/wp\/v2\/types\/post"}],"author":[{"embeddable":true,"href":"https:\/\/microscopemedia.com\/index.php?rest_route=\/wp\/v2\/users\/1"}],"replies":[{"embeddable":true,"href":"https:\/\/microscopemedia.com\/index.php?rest_route=%2Fwp%2Fv2%2Fcomments&post=665345"}],"version-history":[{"count":0,"href":"https:\/\/microscopemedia.com\/index.php?rest_route=\/wp\/v2\/posts\/665345\/revisions"}],"wp:featuredmedia":[{"embeddable":true,"href":"https:\/\/microscopemedia.com\/index.php?rest_route=\/wp\/v2\/media\/665346"}],"wp:attachment":[{"href":"https:\/\/microscopemedia.com\/index.php?rest_route=%2Fwp%2Fv2%2Fmedia&parent=665345"}],"wp:term":[{"taxonomy":"category","embeddable":true,"href":"https:\/\/microscopemedia.com\/index.php?rest_route=%2Fwp%2Fv2%2Fcategories&post=665345"},{"taxonomy":"post_tag","embeddable":true,"href":"https:\/\/microscopemedia.com\/index.php?rest_route=%2Fwp%2Fv2%2Ftags&post=665345"}],"curies":[{"name":"wp","href":"https:\/\/api.w.org\/{rel}","templated":true}]}}