{"id":665347,"date":"2025-12-09T05:36:04","date_gmt":"2025-12-09T05:36:04","guid":{"rendered":"https:\/\/microscopemedia.com\/?p=665347"},"modified":"2025-12-09T05:36:04","modified_gmt":"2025-12-09T05:36:04","slug":"sarbatori-legale-2026-calendar-complet-al-zilelor-libere-si-cum-iti-poti-combina-vacantele-cu-weekendurile","status":"publish","type":"post","link":"https:\/\/microscopemedia.com\/?p=665347","title":{"rendered":"S\u0103rb\u0103tori legale 2026. Calendar complet al zilelor libere \u0219i cum \u00ee\u021bi po\u021bi combina vacan\u021bele cu weekendurile"},"content":{"rendered":"<div><img decoding=\"async\" src=\"https:\/\/microscopemedia.com\/wp-content\/uploads\/2025\/12\/sarbatori-legale-2026-calendar-complet-al-zilelor-libere-si-cum-iti-poti-combina-vacantele-cu-weekendurile.jpg\" class=\"ff-og-image-inserted\"><\/div>\n<p data-start=\"113\" data-end=\"401\" id=\"p-0\">Rom\u00e2nii pot \u00eencepe deja s\u0103 \u00ee\u0219i planifice vacan\u021bele pentru anul 2026. Calendarul s\u0103rb\u0103torilor legale include mai multe perioade care pot fi folosite pentru mini-vacan\u021be, \u00een special atunci c\u00e2nd <a href=\"https:\/\/www.mediafax.ro\/social\/zilele-cu-dezlegare-la-peste-ramase-pana-la-craciun-23653941\">zilele<\/a> libere pot fi unite printr-o punte stabilit\u0103 de Guvern.<\/p>\n<p data-start=\"403\" data-end=\"459\" id=\"p-1\">Pentru anul 2026, zilele libere legale sunt urm\u0103toarele:<\/p>\n<ul data-start=\"461\" data-end=\"981\" readability=\"7\">\n<li data-start=\"461\" data-end=\"495\" readability=\"-1\">\n<p data-start=\"463\" data-end=\"495\" id=\"p-2\"><strong data-start=\"463\" data-end=\"482\">1 \u0219i 2 ianuarie<\/strong> \u2014 Anul Nou<\/p>\n<\/li>\n<li data-start=\"496\" data-end=\"526\">\n<p data-start=\"498\" data-end=\"526\" id=\"p-3\"><strong data-start=\"498\" data-end=\"512\">6 ianuarie<\/strong> \u2014 Boboteaza<\/p>\n<\/li>\n<li data-start=\"527\" data-end=\"572\" readability=\"-1\">\n<p data-start=\"529\" data-end=\"572\" id=\"p-4\"><strong data-start=\"529\" data-end=\"543\">7 ianuarie<\/strong> \u2014 Sf\u00e2ntul Ioan Botez\u0103torul<\/p>\n<\/li>\n<li data-start=\"573\" data-end=\"627\" readability=\"-1\">\n<p data-start=\"575\" data-end=\"627\" id=\"p-5\"><strong data-start=\"575\" data-end=\"590\">24 ianuarie<\/strong> \u2014 Ziua Unirii Principatelor Rom\u00e2ne<\/p>\n<\/li>\n<li data-start=\"628\" data-end=\"667\" readability=\"-1\">\n<p data-start=\"630\" data-end=\"667\" id=\"p-6\"><strong data-start=\"630\" data-end=\"649\">10 \u2013 13 aprilie<\/strong> \u2014 Pa\u0219te ortodox<\/p>\n<\/li>\n<li data-start=\"668\" data-end=\"695\">\n<p data-start=\"670\" data-end=\"695\" id=\"p-7\"><strong data-start=\"670\" data-end=\"679\">1 mai<\/strong> \u2014 Ziua Muncii<\/p>\n<\/li>\n<li data-start=\"696\" data-end=\"731\">\n<p data-start=\"698\" data-end=\"731\" id=\"p-8\"><strong data-start=\"698\" data-end=\"729\">31 mai \u2013 Rusalii<\/strong><\/p>\n<\/li>\n<li data-start=\"732\" data-end=\"777\" readability=\"-1\">\n<p data-start=\"734\" data-end=\"777\" id=\"p-9\"><strong data-start=\"734\" data-end=\"752\">1 iunie <\/strong>\u2013&nbsp;A doua zi de Rusalii<\/p>\n<\/li>\n<li data-start=\"778\" data-end=\"810\" readability=\"-1\">\n<p data-start=\"780\" data-end=\"810\" id=\"p-10\"><strong data-start=\"780\" data-end=\"791\">1 iunie<\/strong> \u2014 Ziua Copilului<\/p>\n<\/li>\n<li data-start=\"811\" data-end=\"856\" readability=\"-1\">\n<p data-start=\"813\" data-end=\"856\" id=\"p-11\"><strong data-start=\"813\" data-end=\"826\">15 august<\/strong> \u2014 Adormirea Maicii Domnului<\/p>\n<\/li>\n<li data-start=\"857\" data-end=\"894\" readability=\"-1\">\n<p data-start=\"859\" data-end=\"894\" id=\"p-12\"><strong data-start=\"859\" data-end=\"875\">30 noiembrie<\/strong> \u2014 Sf\u00e2ntul Andrei<\/p>\n<\/li>\n<li data-start=\"895\" data-end=\"942\" readability=\"-1\">\n<p data-start=\"897\" data-end=\"942\" id=\"p-13\"><strong data-start=\"897\" data-end=\"912\">1 decembrie<\/strong> \u2014 Ziua Na\u021bional\u0103 a Rom\u00e2niei<\/p>\n<\/li>\n<li data-start=\"943\" data-end=\"981\" readability=\"-1\">\n<p data-start=\"945\" data-end=\"981\" id=\"p-14\"><strong data-start=\"945\" data-end=\"967\">25 \u0219i 26 decembrie<\/strong> \u2014 Cr\u0103ciunul<\/p>\n<\/li>\n<\/ul>\n<h2 data-start=\"983\" data-end=\"1020\" id=\"chapter-0\"><strong data-start=\"987\" data-end=\"1020\">Mini-vacan\u021be posibile \u00een 2026<\/strong><\/h2>\n<ul data-start=\"1022\" data-end=\"1557\" readability=\"4.5\">\n<li data-start=\"1022\" data-end=\"1093\" readability=\"-1\">\n<p data-start=\"1024\" data-end=\"1093\" id=\"p-15\"><strong data-start=\"1024\" data-end=\"1059\">Pa\u0219tele ortodox (10\u201313 aprilie)<\/strong> \u2014 patru zile libere consecutiv.<\/p>\n<\/li>\n<li data-start=\"1094\" data-end=\"1166\" readability=\"-1\">\n<p data-start=\"1096\" data-end=\"1166\" id=\"p-16\"><strong data-start=\"1096\" data-end=\"1115\">1 mai + weekend<\/strong> \u2014 posibilitatea unui mini-concediu de trei zile.<\/p>\n<\/li>\n<li data-start=\"1167\" data-end=\"1258\" readability=\"-1\">\n<p data-start=\"1169\" data-end=\"1258\" id=\"p-17\"><strong data-start=\"1169\" data-end=\"1201\">Rusaliile (31 mai \u2013 1 iunie)<\/strong> \u2014 dou\u0103 zile libere care se unesc natural cu weekendul.<\/p>\n<\/li>\n<li data-start=\"1259\" data-end=\"1430\" readability=\"2\">\n<p data-start=\"1261\" data-end=\"1430\" id=\"p-18\"><strong data-start=\"1261\" data-end=\"1321\">Sf. Andrei + Ziua Na\u021bional\u0103 (30 noiembrie \u2013 1 decembrie)<\/strong> \u2014 dou\u0103 zile libere consecutive, care cad luni \u0219i mar\u021bi, form\u00e2nd o mini-vacan\u021b\u0103 de patru zile cu weekendul.<\/p>\n<\/li>\n<li data-start=\"1431\" data-end=\"1557\" readability=\"1\">\n<p data-start=\"1433\" data-end=\"1557\" id=\"p-19\"><strong data-start=\"1433\" data-end=\"1464\">Cr\u0103ciunul (25\u201326 decembrie)<\/strong> \u2014 cade vineri \u0219i s\u00e2mb\u0103t\u0103, prilej pentru o vacan\u021b\u0103 extins\u0103 dac\u0103 se leag\u0103 de ziua de duminic\u0103.<\/p>\n<\/li>\n<\/ul>\n<h2 data-start=\"1559\" data-end=\"1617\" id=\"chapter-1\"><strong data-start=\"1563\" data-end=\"1617\">Zile libere pl\u0103tite dublu pentru cei care lucreaz\u0103<\/strong><\/h2>\n<p data-start=\"1619\" data-end=\"1917\" id=\"p-20\">Potrivit legisla\u021biei \u00een vigoare, angaja\u021bii care lucreaz\u0103 \u00een zilele de s\u0103rb\u0103toare legal\u0103 primesc <strong data-start=\"1715\" data-end=\"1732\">salariu dublu<\/strong> sau <strong data-start=\"1737\" data-end=\"1766\">zile libere compensatorii<\/strong> acordate \u00een urm\u0103toarele 30 de zile. Excep\u021bie fac unit\u0103\u021bile sanitare, cele de alimenta\u021bie public\u0103 \u0219i domeniile unde activitatea nu poate fi \u00eentrerupt\u0103.<\/p>\n<h2 data-start=\"1919\" data-end=\"1948\" id=\"chapter-2\"><strong data-start=\"1923\" data-end=\"1948\">Ce spune Codul Muncii<\/strong><\/h2>\n<p data-start=\"1950\" data-end=\"2194\" id=\"p-21\">Conform <strong data-start=\"1958\" data-end=\"1980\">art. 139 alin. (4)<\/strong> din Codul Muncii, p\u00e2n\u0103 la <strong data-start=\"2007\" data-end=\"2036\">15 ianuarie a fiec\u0103rui an<\/strong>, Guvernul stabile\u0219te, prin hot\u0103r\u00e2re, zilele din sistemul bugetar care se pot lega prin pun\u021bi de s\u0103rb\u0103torile legale, precum \u0219i modul de recuperare a acestora.<\/p>\n","protected":false},"excerpt":{"rendered":"<p>Rom\u00e2nii pot \u00eencepe deja s\u0103 \u00ee\u0219i planifice vacan\u021bele pentru anul 2026. Calendarul s\u0103rb\u0103torilor legale include mai multe perioade care pot fi folosite pentru mini-vacan\u021be, \u00een special atunci c\u00e2nd zilele libere &hellip; <a href=\"https:\/\/microscopemedia.com\/?p=665347\" class=\"more-link\">Read More<\/a><\/p>\n","protected":false},"author":1,"featured_media":665348,"comment_status":"closed","ping_status":"closed","sticky":false,"template":"Default","format":"standard","meta":[],"categories":[1],"tags":[],"_links":{"self":[{"href":"https:\/\/microscopemedia.com\/index.php?rest_route=\/wp\/v2\/posts\/665347"}],"collection":[{"href":"https:\/\/microscopemedia.com\/index.php?rest_route=\/wp\/v2\/posts"}],"about":[{"href":"https:\/\/microscopemedia.com\/index.php?rest_route=\/wp\/v2\/types\/post"}],"author":[{"embeddable":true,"href":"https:\/\/microscopemedia.com\/index.php?rest_route=\/wp\/v2\/users\/1"}],"replies":[{"embeddable":true,"href":"https:\/\/microscopemedia.com\/index.php?rest_route=%2Fwp%2Fv2%2Fcomments&post=665347"}],"version-history":[{"count":0,"href":"https:\/\/microscopemedia.com\/index.php?rest_route=\/wp\/v2\/posts\/665347\/revisions"}],"wp:featuredmedia":[{"embeddable":true,"href":"https:\/\/microscopemedia.com\/index.php?rest_route=\/wp\/v2\/media\/665348"}],"wp:attachment":[{"href":"https:\/\/microscopemedia.com\/index.php?rest_route=%2Fwp%2Fv2%2Fmedia&parent=665347"}],"wp:term":[{"taxonomy":"category","embeddable":true,"href":"https:\/\/microscopemedia.com\/index.php?rest_route=%2Fwp%2Fv2%2Fcategories&post=665347"},{"taxonomy":"post_tag","embeddable":true,"href":"https:\/\/microscopemedia.com\/index.php?rest_route=%2Fwp%2Fv2%2Ftags&post=665347"}],"curies":[{"name":"wp","href":"https:\/\/api.w.org\/{rel}","templated":true}]}}