{"id":665355,"date":"2025-12-09T06:46:03","date_gmt":"2025-12-09T06:46:03","guid":{"rendered":"https:\/\/microscopemedia.com\/?p=665355"},"modified":"2025-12-09T06:46:03","modified_gmt":"2025-12-09T06:46:03","slug":"trump-ia-apararea-platformei-x-dupa-ce-a-fost-amendata-europa-se-indreapta-intr-o-directie-gresita","status":"publish","type":"post","link":"https:\/\/microscopemedia.com\/?p=665355","title":{"rendered":"Trump ia ap\u0103rarea platformei X dup\u0103 ce a fost amendat\u0103: Europa se \u00eendreapt\u0103 \u00eentr-o direc\u021bie gre\u0219it\u0103"},"content":{"rendered":"<div><img decoding=\"async\" src=\"https:\/\/microscopemedia.com\/wp-content\/uploads\/2025\/12\/trump-ia-apararea-platformei-x-dupa-ce-a-fost-amendata-europa-se-indreapta-intr-o-directie-gresita.jpg\" class=\"ff-og-image-inserted\"><\/div>\n<p id=\"p-0\">Pre\u0219edintele SUA, Donald Trump, \u0219i-a intensificat luni criticile la adresa Europei, afirm\u00e2nd c\u0103 continentul \u201ese \u00eendreapt\u0103 \u00eentr-o direc\u021bie gre\u0219it\u0103\u201d. Acesta a condamnat amenda de 120 de milioane de euro aplicat\u0103 de UE platformei de socializare X a lui Elon Musk, scrie <span><a href=\"https:\/\/www.reuters.com\/business\/trump-calls-eu-fine-x-nasty-one-says-europe-going-bad-directions-2025-12-08\/\" target=\"_blank\" rel=\"noopener\">Reuters<\/a><\/span>.<\/p>\n<p id=\"p-1\">\u201eEste o chestie foarte urat\u0103. (\u2026) Este o chestiune dur\u0103. Nu cred c\u0103 este \u00een regul\u0103. Nu \u0219tiu cum au putut s\u0103 fac\u0103 asta. Voi vorbi mai t\u00e2rziu despre asta, voi primi un raport despre asta. Europa trebuie s\u0103 fie foarte atent\u0103. Fac multe lucruri. Vrem s\u0103 p\u0103str\u0103m Europa a\u0219a cum este. Europa se \u00eendreapt\u0103 \u00eentr-o direc\u021bie gre\u0219it\u0103. Este foarte r\u0103u, foarte r\u0103u pentru oameni. Nu vrem ca Europa s\u0103 se schimbe at\u00e2t de mult. Merge \u00eentr-o direc\u021bie gre\u0219it\u0103\u201d, a spus Trump.<\/p>\n<h2 id=\"chapter-0\">Amenda primit\u0103 de X<\/h2>\n<p id=\"p-2\">S\u0103pt\u0103m\u00e2na trecut\u0103, <span><a href=\"https:\/\/www.mediafax.ro\/tehnologie\/prima-amenda-sub-regulamentul-ue-privind-serviciile-digitale-platforma-x-amendata-cu-120-de-milioane-de-euro-care-e-motivul-23653385\">platforma X a fost amendat\u0103<\/a><\/span> de Comisia European\u0103 pentru \u00eenc\u0103lcarea obliga\u021biilor de transparen\u021b\u0103 impuse de Legea privind serviciile digitale (DSA) a UE. Aceasta este prima sanc\u021biune aplicat\u0103 \u00een temeiul regulamentului blocului privind guvernan\u021ba online.<\/p>\n<p id=\"p-3\">Ancheta realizat\u0103 de Comisie a constatat c\u0103 platforma a \u00eenc\u0103lcat mai multe cerin\u021be ale DSA, inclusiv \u00een ceea ce prive\u0219te conceperea sistemului s\u0103u de \u201ebif\u0103 albastr\u0103\u201d, pe care UE l-a considerat ilegal \u0219i \u00een\u0219el\u0103tor. Sub proprietatea lui Musk, aceast\u0103 caracteristic\u0103 a fost modificat\u0103, trec\u00e2nd de la indicarea conturilor verificate la un semnal pe care utilizatorii \u00eel puteau ob\u021bine contra cost.<\/p>\n<p id=\"p-4\">Oficialii americani, inclusiv secretarul de stat Marco Rubio \u0219i pre\u0219edintele FCC Brendan Carr, au denun\u021bat aceast\u0103 m\u0103sur\u0103 ca fiind un atac la adresa companiilor americane.<\/p>\n<p id=\"p-5\"><span><a href=\"https:\/\/www.mediafax.ro\/externe\/elon-musk-suparat-pe-amenda-aplicata-retelei-x-acuza-ue-de-interferenta-in-alegerile-prezidentiale-din-sua-din-2024-23653836\">Elon Musk<\/a><\/span> a reac\u021bionat \u00een urma amenzii aplicat\u0103 platformei X. \u201e\u00abUE\u00bb a impus aceast\u0103 amend\u0103 nebuneasc\u0103 nu doar lui X, ci \u0219i mie personal, ceea ce este \u0219i mai nebunesc! Prin urmare, ar p\u0103rea potrivit s\u0103 aplic\u0103m r\u0103spunsul nostru nu doar UE, ci \u0219i persoanelor care au luat aceast\u0103 m\u0103sur\u0103 \u00eempotriva mea\u201d, a scris Musk \u00eentr-o postare.<\/p>\n<p id=\"p-6\">&nbsp;<\/p>\n","protected":false},"excerpt":{"rendered":"<p>Pre\u0219edintele SUA, Donald Trump, \u0219i-a intensificat luni criticile la adresa Europei, afirm\u00e2nd c\u0103 continentul \u201ese \u00eendreapt\u0103 \u00eentr-o direc\u021bie gre\u0219it\u0103\u201d. Acesta a condamnat amenda de 120 de milioane de euro aplicat\u0103 &hellip; <a href=\"https:\/\/microscopemedia.com\/?p=665355\" class=\"more-link\">Read More<\/a><\/p>\n","protected":false},"author":1,"featured_media":665356,"comment_status":"closed","ping_status":"closed","sticky":false,"template":"Default","format":"standard","meta":[],"categories":[1],"tags":[],"_links":{"self":[{"href":"https:\/\/microscopemedia.com\/index.php?rest_route=\/wp\/v2\/posts\/665355"}],"collection":[{"href":"https:\/\/microscopemedia.com\/index.php?rest_route=\/wp\/v2\/posts"}],"about":[{"href":"https:\/\/microscopemedia.com\/index.php?rest_route=\/wp\/v2\/types\/post"}],"author":[{"embeddable":true,"href":"https:\/\/microscopemedia.com\/index.php?rest_route=\/wp\/v2\/users\/1"}],"replies":[{"embeddable":true,"href":"https:\/\/microscopemedia.com\/index.php?rest_route=%2Fwp%2Fv2%2Fcomments&post=665355"}],"version-history":[{"count":0,"href":"https:\/\/microscopemedia.com\/index.php?rest_route=\/wp\/v2\/posts\/665355\/revisions"}],"wp:featuredmedia":[{"embeddable":true,"href":"https:\/\/microscopemedia.com\/index.php?rest_route=\/wp\/v2\/media\/665356"}],"wp:attachment":[{"href":"https:\/\/microscopemedia.com\/index.php?rest_route=%2Fwp%2Fv2%2Fmedia&parent=665355"}],"wp:term":[{"taxonomy":"category","embeddable":true,"href":"https:\/\/microscopemedia.com\/index.php?rest_route=%2Fwp%2Fv2%2Fcategories&post=665355"},{"taxonomy":"post_tag","embeddable":true,"href":"https:\/\/microscopemedia.com\/index.php?rest_route=%2Fwp%2Fv2%2Ftags&post=665355"}],"curies":[{"name":"wp","href":"https:\/\/api.w.org\/{rel}","templated":true}]}}