{"id":665361,"date":"2025-12-09T07:16:03","date_gmt":"2025-12-09T07:16:03","guid":{"rendered":"https:\/\/microscopemedia.com\/?p=665361"},"modified":"2025-12-09T07:16:03","modified_gmt":"2025-12-09T07:16:03","slug":"uniunea-europeana-incheie-un-nou-acord-pentru-eliminarea-regulilor-ecologice","status":"publish","type":"post","link":"https:\/\/microscopemedia.com\/?p=665361","title":{"rendered":"Uniunea European\u0103 \u00eencheie un nou acord pentru eliminarea regulilor ecologice"},"content":{"rendered":"<div><img decoding=\"async\" src=\"https:\/\/microscopemedia.com\/wp-content\/uploads\/2025\/12\/uniunea-europeana-incheie-un-nou-acord-pentru-eliminarea-regulilor-ecologice.jpg\" class=\"ff-og-image-inserted\"><\/div>\n<p data-start=\"58\" data-end=\"431\" id=\"p-0\">Uniunea European\u0103 a ajuns la un acord care reduce cerin\u021bele ecologice impuse companiilor, iar peste patru cincimi dintre firmele europene vor sc\u0103pa de obliga\u021biile de raportare legate de mediu, noteaz\u0103 <a href=\"https:\/\/www.politico.eu\/article\/eu-strikes-deal-green-rules-cut-major-ursula-von-der-leyen-deregulation-drive\/\">POLITICO<\/a>.<\/p>\n<p data-start=\"58\" data-end=\"431\" id=\"p-1\">Decizia marcheaz\u0103 o reu\u0219it\u0103 important\u0103 pentru pre\u0219edinta Comisiei Europene, Ursula von der Leyen, care are scopul de a limita birocra\u021bia din mediul de afaceri \u00een al doilea mandat.<\/p>\n<p data-start=\"433\" data-end=\"655\" id=\"p-2\">Succesul politic a venit \u00eens\u0103 cu tensiuni.<\/p>\n<p data-start=\"433\" data-end=\"655\" id=\"p-3\">Negocierile au \u00eempins la limit\u0103 alian\u021ba ce i-a asigurat realegerea lui von der Leyen, iar Partidul Popular European a colaborat cu extrema dreapt\u0103 pentru a asigura adoptarea compromisului.<\/p>\n<p data-start=\"657\" data-end=\"927\" id=\"p-4\">Noua lege, care este prima dintr o serie de ini\u021biative de simplificare, restr\u00e2nge \u00een mod drastic obliga\u021biile de transparen\u021b\u0103 privind sustenabilitatea introduse \u00een mandatul precedent.<\/p>\n<p data-start=\"657\" data-end=\"927\" id=\"p-5\">Scopul este cre\u0219terea competitivit\u0103\u021bii companiilor europene \u0219i impulsionarea economiei.<\/p>\n<p data-start=\"929\" data-end=\"1191\" id=\"p-6\">Acordul este rezultatul unui an de discu\u021bii lungi \u00eentre institu\u021biile europene, investitori, companii \u0219i organiza\u021bii civice.<\/p>\n<p data-start=\"929\" data-end=\"1191\" id=\"p-7\">Oficialii europeni au dezb\u0103tut nivelul potrivit al reducerilor de raportare \u00een timp ce efectele schimb\u0103rilor climatice din Europa s-au intensificat.<\/p>\n<p data-start=\"1193\" data-end=\"1528\" id=\"p-8\">\u201eAcesta este un pas important c\u0103tre obiectivul nostru comun de a crea un mediu de afaceri mai favorabil pentru a ajuta companiile noastre s\u0103 creasc\u0103 \u0219i s\u0103 inoveze\u201d, a declarat Marie Bjerre, ministrul danez pentru afaceri europene.<\/p>\n<p data-start=\"1193\" data-end=\"1528\" id=\"p-9\">Danemarca coordoneaz\u0103 Consiliul Uniunii Europene p\u00e2n\u0103 la finalul anului 2025 \u0219i a condus negocierile pentru statele membre.<\/p>\n<p data-start=\"1530\" data-end=\"1866\" id=\"p-10\">Pachetul de simplificare a ap\u0103rut dup\u0103 numeroase pl\u00e2ngeri din partea mediului de afaceri, care acuz\u0103 costuri prea mari. Multe firme atribuie legisla\u021biei ecologice europene ritmul lent al cre\u0219terii economice \u0219i pierderile de locuri de munc\u0103.<\/p>\n<p data-start=\"1868\" data-end=\"2047\" id=\"p-11\">\u00cen schimb, organiza\u021biile ecologiste, o parte a societ\u0103\u021bii civile \u0219i anumite companii avertizeaz\u0103 c\u0103 retragerea unor obliga\u021bii risc\u0103 s\u0103 afecteze s\u0103n\u0103tatea mediului \u0219i a popula\u021biei.<\/p>\n<p data-start=\"2049\" data-end=\"2392\" id=\"p-12\">Disputa a influen\u021bat echilibrul politic de la Bruxelles, fiindc\u0103 PPE a \u00eenc\u0103lcat cordonul sanitar, o regul\u0103 nescris\u0103 care \u00eempiedic\u0103 parteneriatele cu extrema dreapt\u0103.<\/p>\n<p data-start=\"2049\" data-end=\"2392\" id=\"p-13\">Decizia creeaz\u0103 un precedent pentru viitoare negocieri europene, acum, c\u00e2nd priorit\u0103\u021bile privind cre\u0219terea economic\u0103 \u0219i tranzi\u021bia ecologic\u0103 intr\u0103 \u00een conflict.<\/p>\n<h2 data-start=\"2615\" data-end=\"2640\" id=\"chapter-0\"><strong data-start=\"2615\" data-end=\"2640\">Mai pu\u021bin\u0103 birocra\u021bie<\/strong><\/h2>\n<p data-start=\"2642\" data-end=\"2873\" id=\"p-14\">Acordul modific\u0103 dou\u0103 acte legislative importante din pachetul ecologic european, \u0219i anume Directiva privind raportarea sustenabilit\u0103\u021bii corporative \u0219i Directiva privind diligen\u021ba necesar\u0103 \u00een materie de sustenabilitate corporativ\u0103.<\/p>\n<p data-start=\"2875\" data-end=\"3171\" id=\"p-15\">Regulile ini\u021biale obligau companiile mari \u0219i mici s\u0103 publice date despre emisiile lor, consumul de ap\u0103, efectele temperaturilor ridicate asupra condi\u021biilor de munc\u0103, eventualele scurgeri de substan\u021be chimice \u0219i respectarea drepturilor omului \u00een lan\u021burile de aprovizionare extinse la nivel global.<\/p>\n<p data-start=\"3173\" data-end=\"3470\" id=\"p-16\">Noile prevederi limiteaz\u0103 raportarea doar la companiile cu peste o mie de angaja\u021bi \u0219i o cifr\u0103 de afaceri net\u0103 de cel pu\u021bin 450 de milioane de euro.<\/p>\n<p data-start=\"3173\" data-end=\"3470\" id=\"p-17\">Obliga\u021biile de diligen\u021b\u0103 necesar\u0103 se aplic\u0103 doar companiilor foarte mari, cu peste cinci mii de angaja\u021bi \u0219i venituri de minimum 1,5 miliarde de euro.<\/p>\n<p data-start=\"3472\" data-end=\"3640\" id=\"p-18\">Firmele vizate nu mai trebuie s\u0103 preg\u0103teasc\u0103 planuri de tranzi\u021bie care descriu modul \u00een care modelele lor de afaceri se aliniaz\u0103 la obiectivele de reducere a emisiilor.<\/p>\n<p data-start=\"3642\" data-end=\"3842\" id=\"p-19\">Negociatorii au renun\u021bat \u0219i la un cadru european care permite cet\u0103\u021benilor s\u0103 trag\u0103 la r\u0103spundere companiile pentru efectele lan\u021burilor de aprovizionare asupra drepturilor omului sau mediului local.<\/p>\n<p data-start=\"3642\" data-end=\"3842\" id=\"p-20\">Documentul mai are nevoie de aprobarea Parlamentului European.<\/p>\n<p data-start=\"3642\" data-end=\"3842\" id=\"p-21\">Votul final este programat pentru 16 decembrie. Deputa\u021bii pot respinge acordul dac\u0103 \u00eel consider\u0103 \u00een neconcordan\u021b\u0103 cu pozi\u021bia lor ini\u021bial\u0103.<\/p>\n","protected":false},"excerpt":{"rendered":"<p>Uniunea European\u0103 a ajuns la un acord care reduce cerin\u021bele ecologice impuse companiilor, iar peste patru cincimi dintre firmele europene vor sc\u0103pa de obliga\u021biile de raportare legate de mediu, noteaz\u0103 &hellip; <a href=\"https:\/\/microscopemedia.com\/?p=665361\" class=\"more-link\">Read More<\/a><\/p>\n","protected":false},"author":1,"featured_media":665362,"comment_status":"closed","ping_status":"closed","sticky":false,"template":"Default","format":"standard","meta":[],"categories":[1],"tags":[],"_links":{"self":[{"href":"https:\/\/microscopemedia.com\/index.php?rest_route=\/wp\/v2\/posts\/665361"}],"collection":[{"href":"https:\/\/microscopemedia.com\/index.php?rest_route=\/wp\/v2\/posts"}],"about":[{"href":"https:\/\/microscopemedia.com\/index.php?rest_route=\/wp\/v2\/types\/post"}],"author":[{"embeddable":true,"href":"https:\/\/microscopemedia.com\/index.php?rest_route=\/wp\/v2\/users\/1"}],"replies":[{"embeddable":true,"href":"https:\/\/microscopemedia.com\/index.php?rest_route=%2Fwp%2Fv2%2Fcomments&post=665361"}],"version-history":[{"count":0,"href":"https:\/\/microscopemedia.com\/index.php?rest_route=\/wp\/v2\/posts\/665361\/revisions"}],"wp:featuredmedia":[{"embeddable":true,"href":"https:\/\/microscopemedia.com\/index.php?rest_route=\/wp\/v2\/media\/665362"}],"wp:attachment":[{"href":"https:\/\/microscopemedia.com\/index.php?rest_route=%2Fwp%2Fv2%2Fmedia&parent=665361"}],"wp:term":[{"taxonomy":"category","embeddable":true,"href":"https:\/\/microscopemedia.com\/index.php?rest_route=%2Fwp%2Fv2%2Fcategories&post=665361"},{"taxonomy":"post_tag","embeddable":true,"href":"https:\/\/microscopemedia.com\/index.php?rest_route=%2Fwp%2Fv2%2Ftags&post=665361"}],"curies":[{"name":"wp","href":"https:\/\/api.w.org\/{rel}","templated":true}]}}