{"id":665373,"date":"2025-12-09T08:36:04","date_gmt":"2025-12-09T08:36:04","guid":{"rendered":"https:\/\/microscopemedia.com\/?p=665373"},"modified":"2025-12-09T08:36:04","modified_gmt":"2025-12-09T08:36:04","slug":"unul-din-zece-romani-de-peste-55-de-ani-nu-a-fost-folosit-niciodata-internetul","status":"publish","type":"post","link":"https:\/\/microscopemedia.com\/?p=665373","title":{"rendered":"Unul din zece rom\u00e2ni de peste 55 de ani nu a fost folosit niciodat\u0103 internetul"},"content":{"rendered":"<div><img decoding=\"async\" src=\"https:\/\/microscopemedia.com\/wp-content\/uploads\/2025\/12\/unul-din-zece-romani-de-peste-55-de-ani-nu-a-fost-folosit-niciodata-internetul.jpg\" class=\"ff-og-image-inserted\"><\/div>\n<p class=\"pf0\" id=\"p-1\"><span class=\"cf2\">INS arat\u0103 c\u0103 ponderile persoanelor care utilizeaz\u0103 internetul descresc odat\u0103 cu <\/span><span class=\"cf1\">\u00eenaintarea \u00een v\u00e2rst<\/span><span class=\"cf2\">\u0103. Astfel, <\/span><span class=\"cf1\">\u00een anul 2025, 11,3% dintre rom\u00e2nii cu v\u00e2rste cuprinse \u00eentre 55 <\/span><span class=\"cf2\">\u0219i 74 de ani spun c\u0103 nu au folosit niciodat\u0103 internetul. La categoria de v<\/span><span class=\"cf1\">\u00e2rst<\/span><span class=\"cf2\">\u0103 35-54 de ani, procentul este de 2%, cu 0,1% mai mare dec<\/span><span class=\"cf1\">\u00e2t \u00een 2024, iar la categoria de v\u00e2rst<\/span><span class=\"cf2\">\u0103 16-34 de ani procentul este de 1%, cu 0,1% mai mic dec<\/span><span class=\"cf1\">\u00e2t cel de anul trecut.<\/span><\/p>\n<h2 class=\"pf0\" id=\"chapter-0\"><span class=\"cf1\">Nou<\/span><span class=\"cf2\">\u0103 din zece gospod\u0103rii, conectate la internet<\/span><\/h2>\n<p class=\"pf0\" id=\"p-2\"><span class=\"cf2\">Datele statistice arat\u0103 c\u0103, <\/span><span class=\"cf1\">\u00een anul 2025, din totalul gospod<\/span><span class=\"cf2\">\u0103riilor din Rom<\/span><span class=\"cf1\">\u00e2nia, 89,1% au acces la re<\/span><span class=\"cf2\">\u021beaua de internet de acas\u0103. Procentul este mai mare, 92,6%, <\/span><span class=\"cf1\">\u00een mediul urban, fa<\/span><span class=\"cf2\">\u021b\u0103 de 84,8% <\/span><span class=\"cf1\">\u00een mediul rural.<\/span><\/p>\n<p class=\"pf0\" id=\"p-3\"><span class=\"cf1\">Conectarea la internet este mai r<\/span><span class=\"cf2\">\u0103sp<\/span><span class=\"cf1\">\u00e2ndit<\/span><span class=\"cf2\">\u0103 <\/span><span class=\"cf1\">\u00een cadrul gospod<\/span><span class=\"cf2\">\u0103riilor din regiunea Bucure\u0219ti-Ilfov (92,8% gospod\u0103rii au acces la internet de acas\u0103), urmat\u0103 de regiunile Centru (91,1%) \u0219i Vest (90,2%). Cele mai mici ponderi ale gospod\u0103riilor conectate la internet sunt <\/span><span class=\"cf1\">\u00eenregistrate <\/span><span class=\"cf2\">\u020bn regiunile Sud-Est (85,7%), Sud-Muntenia (87,2%) \u0219i Sud-Vest Oltenia (87,8%).<\/span><\/p>\n<p class=\"pf0\" id=\"p-4\"><span class=\"cf2\">Cea mai mare pondere a gospod\u0103riilor cu acces la internet se <\/span><span class=\"cf1\">\u00eent\u00e2lne<\/span><span class=\"cf2\">\u0219te <\/span><span class=\"cf1\">\u00een r\u00e2ndul gospod<\/span><span class=\"cf2\">\u0103riilor cu trei sau mai multe persoane (99,1%). <\/span><\/p>\n<h2 class=\"pf0\" id=\"chapter-1\"><span class=\"cf2\">Peste media UE<\/span><\/h2>\n<p class=\"pf0\" id=\"p-5\"><span class=\"cf1\">\u00cen anul 2024, ponderea persoanelor din Rom\u00e2nia \u00een v\u00e2rst<\/span><span class=\"cf2\">\u0103 de 16-74 ani care au utilizat internetul <\/span><span class=\"cf1\">\u00een ultimele 12 luni a fost de 94,0%, cu 0,3 puncte procentuale peste media Uniunii Europene.<\/span><\/p>\n<p class=\"pf0\" id=\"p-6\"><span class=\"cf1\">Dintre cele 27 de state membre UE, \u00een 16 <\/span><span class=\"cf2\">\u021b\u0103ri ponderea persoanelor <\/span><span class=\"cf1\">\u00een v\u00e2rst<\/span><span class=\"cf2\">\u0103 de 16-74 ani care au utilizat internetul <\/span><span class=\"cf1\">\u00een ultimele 12 luni a dep<\/span><span class=\"cf2\">\u0103\u0219it media european\u0103, cea mai mare pondere \u00ee<\/span><span class=\"cf1\">nregistr\u00e2ndu-se \u00een Danemarca (100,0%). Celelalte 11 state membre ale UE au \u00eenregistrat <\/span><span class=\"cf1\">ponderi inferioare mediei Uniunii Europene, situat<\/span><span class=\"cf2\">\u0103 la 93,7%, Malta afl<\/span><span class=\"cf1\">\u00e2ndu-se imediat sub<\/span> <span class=\"cf1\">aceasta (93,5%), distribu<\/span><span class=\"cf2\">\u021bia <\/span><span class=\"cf1\">\u00eencheindu-se cu Croa<\/span><span class=\"cf2\">\u021bia, care ocup\u0103 ultima pozi\u021bie cu 84,6%.<\/span><\/p>\n<p class=\"pf0\" id=\"p-7\"><span class=\"cf1\">\u00cen anul 2024, \u00een Rom\u00e2nia s-a \u00eenregistrat o cre<\/span><span class=\"cf2\">\u0219tere a utiliz\u0103rii internetului, <\/span><span class=\"cf1\">\u00een ultimele<\/span> <span class=\"cf1\">12 luni, \u00een r\u00e2ndul persoanelor <\/span><span class=\"cf2\">\u020bn v\u0203rst\u0103 de 16-74 ani, cu 2,4 puncte procentuale<\/span><\/p>\n","protected":false},"excerpt":{"rendered":"<p>INS arat\u0103 c\u0103 ponderile persoanelor care utilizeaz\u0103 internetul descresc odat\u0103 cu \u00eenaintarea \u00een v\u00e2rst\u0103. Astfel, \u00een anul 2025, 11,3% dintre rom\u00e2nii cu v\u00e2rste cuprinse \u00eentre 55 \u0219i 74 de ani &hellip; <a href=\"https:\/\/microscopemedia.com\/?p=665373\" class=\"more-link\">Read More<\/a><\/p>\n","protected":false},"author":1,"featured_media":665374,"comment_status":"closed","ping_status":"closed","sticky":false,"template":"Default","format":"standard","meta":[],"categories":[1],"tags":[],"_links":{"self":[{"href":"https:\/\/microscopemedia.com\/index.php?rest_route=\/wp\/v2\/posts\/665373"}],"collection":[{"href":"https:\/\/microscopemedia.com\/index.php?rest_route=\/wp\/v2\/posts"}],"about":[{"href":"https:\/\/microscopemedia.com\/index.php?rest_route=\/wp\/v2\/types\/post"}],"author":[{"embeddable":true,"href":"https:\/\/microscopemedia.com\/index.php?rest_route=\/wp\/v2\/users\/1"}],"replies":[{"embeddable":true,"href":"https:\/\/microscopemedia.com\/index.php?rest_route=%2Fwp%2Fv2%2Fcomments&post=665373"}],"version-history":[{"count":0,"href":"https:\/\/microscopemedia.com\/index.php?rest_route=\/wp\/v2\/posts\/665373\/revisions"}],"wp:featuredmedia":[{"embeddable":true,"href":"https:\/\/microscopemedia.com\/index.php?rest_route=\/wp\/v2\/media\/665374"}],"wp:attachment":[{"href":"https:\/\/microscopemedia.com\/index.php?rest_route=%2Fwp%2Fv2%2Fmedia&parent=665373"}],"wp:term":[{"taxonomy":"category","embeddable":true,"href":"https:\/\/microscopemedia.com\/index.php?rest_route=%2Fwp%2Fv2%2Fcategories&post=665373"},{"taxonomy":"post_tag","embeddable":true,"href":"https:\/\/microscopemedia.com\/index.php?rest_route=%2Fwp%2Fv2%2Ftags&post=665373"}],"curies":[{"name":"wp","href":"https:\/\/api.w.org\/{rel}","templated":true}]}}