{"id":665379,"date":"2025-12-09T09:07:04","date_gmt":"2025-12-09T09:07:04","guid":{"rendered":"https:\/\/microscopemedia.com\/?p=665379"},"modified":"2025-12-09T09:07:04","modified_gmt":"2025-12-09T09:07:04","slug":"lider-pnl-o-iesire-a-psd-din-coalitie-ar-insemna-ca-pregateste-coabitarea-cu-aur-eu-cred-ca-oamenii-intelepti-din-psd-nu-si-doresc-acest-lucru","status":"publish","type":"post","link":"https:\/\/microscopemedia.com\/?p=665379","title":{"rendered":"Lider PNL: O ie\u0219ire a PSD din coali\u021bie ar \u00eensemna c\u0103 preg\u0103te\u0219te coabitarea cu AUR. Eu cred c\u0103 oamenii \u00een\u021belep\u021bi din PSD nu-\u0219i doresc acest lucru"},"content":{"rendered":"<div><img decoding=\"async\" src=\"https:\/\/microscopemedia.com\/wp-content\/uploads\/2025\/12\/lider-pnl-o-iesire-a-psd-din-coalitie-ar-insemna-ca-pregateste-coabitarea-cu-aur-eu-cred-ca-oamenii-intelepti-din-psd-nu-si-doresc-acest-lucru.jpg\" class=\"ff-og-image-inserted\"><\/div>\n<div readability=\"11.729323308271\">O eventual\u0103 ie\u0219ire de la guvernare a <a href=\"https:\/\/www.mediafax.ro\/politic\/sedinta-a-conducerii-psd-convocata-marti-dupa-rezultatele-la-alegerile-locale-partiale-23655197\">Partidului Social Democrat<\/a> ar \u00eensemna c\u0103 se pun bazele unei coabit\u0103ri PSD-AUR. Iat\u0103 ce spune la RFI liderul senatorilor PNL, Daniel Fenechiu, dup\u0103 victoria liberalului Ciprian Ciucu la alegerile pentru Prim\u0103ria Capitalei.<\/div>\n<p>Daniel Fenechiu mizeaz\u0103 pe \u00een\u021belepciunea PSD.<\/p>\n<p>\u201e\u0218ti\u021bi, <strong>se spune c\u0103 primul act al divor\u021bului este c\u0103s\u0103toria. Primul act al ie\u0219irii de la guvernare este intrarea la guvernare<\/strong>. \u00centotdeauna, exist\u0103 embrioni \u0219i exist\u0103 apologe\u021bi ai unor m\u0103suri de genul \u0103sta, peste tot. \u0218i la PSD exist\u0103 oameni care de la \u00eenceput au spus c\u0103 nu e \u00een regul\u0103 s\u0103 stea la guvernare, c\u0103 e mai bine s\u0103 r\u0103m\u00e2n\u0103 \u00een Opozi\u021bie, ca s\u0103 creasc\u0103\u201d.<\/p>\n<p>\u00cen opinia sa, \u201ePSD este format din mul\u021bi oameni maturi, \u00een\u021belep\u021bi, care doresc binele Rom\u00e2niei \u0219i care realizeaz\u0103 \u0219i din perspectiv\u0103 politic\u0103 \u0219i a intereselor lor c\u0103 o ie\u0219ire de la guvernare \u0219i <strong>o pozi\u021bionare a lor \u00een Opozi\u021bie al\u0103turi de AUR \u00eenseamn\u0103 mai mult dec\u00e2t simpla ie\u0219ire de la guvernare<\/strong>\u201d.<\/p>\n<p>\u201eNu \u00eenseamn\u0103 c\u0103 vor reu\u0219i s\u0103 capitalizeze, c\u0103 este foarte greu, dup\u0103 ce ai fost la guvernare s\u0103 vii cu un limbaj de Opozi\u021bie, s\u0103 fii credibil, \u00een compara\u021bie cu AUR, care critic\u0103 Guvernul de la \u00eenceput, \u00eens\u0103 poate s\u0103 creeze premisele c\u0103<strong> PSD \u0219i AUR se preg\u0103tesc pentru o coabitare<\/strong>, iar eu cred c\u0103 \u00een PSD, oamenii \u00een\u021belep\u021bi nu-\u0219i doresc acest lucru\u201d\u201d, \u00eencheie Fenechiu.<\/p>\n","protected":false},"excerpt":{"rendered":"<p>O eventual\u0103 ie\u0219ire de la guvernare a Partidului Social Democrat ar \u00eensemna c\u0103 se pun bazele unei coabit\u0103ri PSD-AUR. Iat\u0103 ce spune la RFI liderul senatorilor PNL, Daniel Fenechiu, dup\u0103 &hellip; <a href=\"https:\/\/microscopemedia.com\/?p=665379\" class=\"more-link\">Read More<\/a><\/p>\n","protected":false},"author":1,"featured_media":665380,"comment_status":"closed","ping_status":"closed","sticky":false,"template":"Default","format":"standard","meta":[],"categories":[1],"tags":[],"_links":{"self":[{"href":"https:\/\/microscopemedia.com\/index.php?rest_route=\/wp\/v2\/posts\/665379"}],"collection":[{"href":"https:\/\/microscopemedia.com\/index.php?rest_route=\/wp\/v2\/posts"}],"about":[{"href":"https:\/\/microscopemedia.com\/index.php?rest_route=\/wp\/v2\/types\/post"}],"author":[{"embeddable":true,"href":"https:\/\/microscopemedia.com\/index.php?rest_route=\/wp\/v2\/users\/1"}],"replies":[{"embeddable":true,"href":"https:\/\/microscopemedia.com\/index.php?rest_route=%2Fwp%2Fv2%2Fcomments&post=665379"}],"version-history":[{"count":0,"href":"https:\/\/microscopemedia.com\/index.php?rest_route=\/wp\/v2\/posts\/665379\/revisions"}],"wp:featuredmedia":[{"embeddable":true,"href":"https:\/\/microscopemedia.com\/index.php?rest_route=\/wp\/v2\/media\/665380"}],"wp:attachment":[{"href":"https:\/\/microscopemedia.com\/index.php?rest_route=%2Fwp%2Fv2%2Fmedia&parent=665379"}],"wp:term":[{"taxonomy":"category","embeddable":true,"href":"https:\/\/microscopemedia.com\/index.php?rest_route=%2Fwp%2Fv2%2Fcategories&post=665379"},{"taxonomy":"post_tag","embeddable":true,"href":"https:\/\/microscopemedia.com\/index.php?rest_route=%2Fwp%2Fv2%2Ftags&post=665379"}],"curies":[{"name":"wp","href":"https:\/\/api.w.org\/{rel}","templated":true}]}}