{"id":665381,"date":"2025-12-09T09:26:04","date_gmt":"2025-12-09T09:26:04","guid":{"rendered":"https:\/\/microscopemedia.com\/?p=665381"},"modified":"2025-12-09T09:26:04","modified_gmt":"2025-12-09T09:26:04","slug":"calin-georgescu-acuza-actuala-putere-de-lovitura-de-stat-si-asasinat-economic-ati-compromis-ideea-de-tara-ajunge","status":"publish","type":"post","link":"https:\/\/microscopemedia.com\/?p=665381","title":{"rendered":"C\u0103lin Georgescu acuz\u0103 actuala putere de \u201elovitur\u0103 de stat\u201d \u0219i \u201easasinat economic\u201d: A\u021bi compromis ideea de \u021bar\u0103. Ajunge!"},"content":{"rendered":"<div><img decoding=\"async\" src=\"https:\/\/microscopemedia.com\/wp-content\/uploads\/2025\/12\/calin-georgescu-acuza-actuala-putere-de-lovitura-de-stat-si-asasinat-economic-ati-compromis-ideea-de-tara-ajunge.jpg\" class=\"ff-og-image-inserted\"><\/div>\n<p data-start=\"142\" data-end=\"539\" id=\"p-0\">Fostul candidat la alegerile preziden\u021biale, C\u0103lin Georgescu, lanseaz\u0103 un nou atac dur la adresa actualei clase politice, acuz\u00e2nd guvernarea de \u201e<strong>lovitur\u0103 de stat<\/strong>\u201d \u0219i de distrugerea valorilor democratice. \u00centr-un discurs sus\u021binut \u00een fa\u021ba sus\u021bin\u0103torilor s\u0103i, Georgescu a afirmat c\u0103 rom\u00e2nii trec printr-o perioad\u0103 de \u201eextrem\u0103 austeritate\u201d, iar sacrificiile oamenilor nu sunt \u00een zadar.<\/p>\n<p data-start=\"541\" data-end=\"923\" id=\"p-1\">C\u0103lin Georgescu a sus\u021binut c\u0103, \u00een urm\u0103 cu un an, \u201estatul a dat lovitura de stat \u00eempotriva propriei \u021b\u0103ri\u201d, bloc\u00e2nd voin\u021ba unui popor care \u201edup\u0103 35 de ani a decis s\u0103 \u00ee\u0219i conduc\u0103 singur \u021bara \u0219i s\u0103 instaureze democra\u021bia participativ\u0103\u201d. \u00cen opinia sa, nu poate exista democra\u021bie f\u0103r\u0103 valori cre\u0219tine, libertate \u0219i credin\u021b\u0103: \u201e<strong>Poporul rom\u00e2n a \u00een\u021beles c\u0103 nu exist\u0103 democra\u021bie f\u0103r\u0103 Dumnezeu<\/strong>\u201d.<\/p>\n<h2 data-start=\"541\" data-end=\"923\" id=\"chapter-0\">Acuza\u021biile lui C\u0103lin Georgescu<\/h2>\n<p data-start=\"925\" data-end=\"1193\" id=\"p-2\">Fostul candidat a acuzat actuala conducere de instaurarea unei \u201eoligarhii\u201d care \u201el-a scos pe Dumnezeu din ecua\u021bia vie\u021bii\u201d \u0219i de anularea votului a milioane de cet\u0103\u021beni. \u201eA\u021bi compromis ideea de democra\u021bie, \u00eentr-un mizerabil act de incon\u0219tien\u021b\u0103 politic\u0103\u201d, a spus acesta.<\/p>\n<p data-start=\"1195\" data-end=\"1450\" id=\"p-3\">De asemenea, C\u0103lin Georgescu a afirmat c\u0103 guvernarea a transformat justi\u021bia \u00eentr-o arm\u0103 electoral\u0103, a ratat \u0219ansa relans\u0103rii economice \u0219i a aplicat m\u0103suri \u201ecatastrofale\u201d, echivalente cu un \u201e<strong>asasinat economic \u00eempotriva propriului popor<\/strong>\u201d.<\/p>\n<p data-start=\"1452\" data-end=\"1765\" id=\"p-4\">Acesta a criticat lipsa de competen\u021b\u0103 \u0219i promovarea imposturii: \u201eA\u021bi compromis ideea de competen\u021b\u0103, promov\u00e2nd diplome de debara \u0219i prostie solemn\u0103\u201d. Georgescu a subliniat c\u0103 tinerii trebuie s\u0103 fie \u00een centrul dezvolt\u0103rii na\u021bionale, iar femeile merit\u0103 respect \u0219i \u0219anse reale, nu \u201epromov\u0103ri de canapea\u201d.<\/p>\n<p data-start=\"1767\" data-end=\"1992\" id=\"p-5\">Un alt punct critic l-a reprezentat tema suveranit\u0103\u021bii: \u201eA\u021bi m\u0103turat pe jos cu voin\u021ba unui popor, \u00eenlocuind-o cu deciziile st\u0103p\u00e2nilor vo\u0219tri de la Bruxelles. Apropo, c<strong>arul cu pro\u0219ti s-a r\u0103sturnat la Bruxelles, nu la Caracal<\/strong>\u201d.<\/p>\n<p data-start=\"1994\" data-end=\"2146\" id=\"p-6\">Georgescu a acuzat, de asemenea, abandonarea pensionarilor \u0219i militarilor, afirm\u00e2nd c\u0103 promisiunile f\u0103cute acestora au fost doar instrumente electorale.<\/p>\n<p data-start=\"2148\" data-end=\"2271\" id=\"p-7\">\u201e<strong>A\u021bi compromis ideea de \u021bar\u0103, a\u021bi compromis tot<\/strong>\u201d, a concluzionat fostul candidat, \u00eencheind cu un mesaj categoric: \u201e<strong>Ajunge!<\/strong>\u201d,.<\/p>\n<p data-start=\"2148\" data-end=\"2271\" id=\"p-8\">C\u0103lin Georgescu s-a prezentat, mar\u021bi, la sec\u021bia de poli\u021bie din Buftea pentru a semna controlul judiciar.<\/p>\n","protected":false},"excerpt":{"rendered":"<p>Fostul candidat la alegerile preziden\u021biale, C\u0103lin Georgescu, lanseaz\u0103 un nou atac dur la adresa actualei clase politice, acuz\u00e2nd guvernarea de \u201elovitur\u0103 de stat\u201d \u0219i de distrugerea valorilor democratice. \u00centr-un discurs &hellip; <a href=\"https:\/\/microscopemedia.com\/?p=665381\" class=\"more-link\">Read More<\/a><\/p>\n","protected":false},"author":1,"featured_media":665382,"comment_status":"closed","ping_status":"closed","sticky":false,"template":"Default","format":"standard","meta":[],"categories":[1],"tags":[],"_links":{"self":[{"href":"https:\/\/microscopemedia.com\/index.php?rest_route=\/wp\/v2\/posts\/665381"}],"collection":[{"href":"https:\/\/microscopemedia.com\/index.php?rest_route=\/wp\/v2\/posts"}],"about":[{"href":"https:\/\/microscopemedia.com\/index.php?rest_route=\/wp\/v2\/types\/post"}],"author":[{"embeddable":true,"href":"https:\/\/microscopemedia.com\/index.php?rest_route=\/wp\/v2\/users\/1"}],"replies":[{"embeddable":true,"href":"https:\/\/microscopemedia.com\/index.php?rest_route=%2Fwp%2Fv2%2Fcomments&post=665381"}],"version-history":[{"count":0,"href":"https:\/\/microscopemedia.com\/index.php?rest_route=\/wp\/v2\/posts\/665381\/revisions"}],"wp:featuredmedia":[{"embeddable":true,"href":"https:\/\/microscopemedia.com\/index.php?rest_route=\/wp\/v2\/media\/665382"}],"wp:attachment":[{"href":"https:\/\/microscopemedia.com\/index.php?rest_route=%2Fwp%2Fv2%2Fmedia&parent=665381"}],"wp:term":[{"taxonomy":"category","embeddable":true,"href":"https:\/\/microscopemedia.com\/index.php?rest_route=%2Fwp%2Fv2%2Fcategories&post=665381"},{"taxonomy":"post_tag","embeddable":true,"href":"https:\/\/microscopemedia.com\/index.php?rest_route=%2Fwp%2Fv2%2Ftags&post=665381"}],"curies":[{"name":"wp","href":"https:\/\/api.w.org\/{rel}","templated":true}]}}