{"id":667759,"date":"2025-12-23T09:06:04","date_gmt":"2025-12-23T09:06:04","guid":{"rendered":"https:\/\/microscopemedia.com\/?p=667759"},"modified":"2025-12-23T09:06:04","modified_gmt":"2025-12-23T09:06:04","slug":"tanczos-barna-o-suspendare-a-presedintelui-nicusor-dan-aberanta-un-foc-de-paie-nu-se-va-intampla","status":"publish","type":"post","link":"https:\/\/microscopemedia.com\/?p=667759","title":{"rendered":"Tanczos Barna: O suspendare a pre\u0219edintelui Nicu\u0219or Dan, aberant\u0103, un foc de paie, nu se va \u00eent\u00e2mpla"},"content":{"rendered":"<div><img decoding=\"async\" src=\"https:\/\/microscopemedia.com\/wp-content\/uploads\/2025\/12\/tanczos-barna-o-suspendare-a-presedintelui-nicusor-dan-aberanta-un-foc-de-paie-nu-se-va-intampla.jpg\" class=\"ff-og-image-inserted\"><\/div>\n<p id=\"p-0\">Un grup de parlamentari inten\u021bioneaz\u0103 s\u0103 depun\u0103 \u00een Parlament <a href=\"https:\/\/mediafax.ro\/politic\/cerere-de-suspendare-a-presedintelui-nicusor-dan-in-parlament-initiatorii-invoca-ingerinte-in-justitie-23661772\">o cerere de suspendare<\/a> a \u0219efului statului, pentru \u201eatacuri asupra independen\u021bei justi\u021biei\u201d, dup\u0103 ce Nicu\u0219or Dan a propus un referendum \u00een r\u00e2ndul magistra\u021bilor legat de func\u021bionarea Consiliului Superior al Magistraturii (CSM), \u00een urma documentarului Recorder.<\/p>\n<p id=\"p-1\">Vicepremierul Tanczos Barna crede c\u0103 eventualele demersuri de suspendare a pre\u0219edintelui Nicu\u0219or Dan ar fi doar un foc de paie.<\/p>\n<p id=\"p-2\">\u201eAberante, n-au nici o \u0219ans\u0103. Nu se va \u00eent\u00e2mpla. Trebuie s\u0103 ne uit\u0103m la cine spune, nu la ce spune \u0219i o s\u0103 ne d\u0103m seama c\u0103 este doar o flac\u0103r\u0103 de paie. Este imposibil, nu exist\u0103 nici o inten\u021bie serioas\u0103 din partea nim\u0103nui de <a href=\"https:\/\/www.mediafax.ro\/politic\/ce-spune-ilie-bolojan-despre-demersurile-unor-parlamentari-privind-suspendarea-presedintelui-nicusor-dan-23662293\">suspendare<\/a> a pre\u0219edintelui Nicu\u0219or Dan\u201d, spun e vicepremierul.<\/p>\n<p id=\"p-3\">Vicepremierul consider\u0103 c\u0103 legisla\u021bia poate fi modificat\u0103, dup\u0103 documentarul Recorder, care a dezv\u0103luit o serie de nereguli \u00een justi\u021bie.<\/p>\n<p id=\"p-4\">\u201eEu v\u0103d posibil\u0103 o modificare a legisla\u021biei pe justi\u021bie, dup\u0103 aceste consult\u0103ri, \u00een a\u0219a fel \u00eenc\u00e2t s\u0103 nu revin\u0103 ingerin\u021ba serviciilor de informa\u021bii \u00een sistemul de justi\u021bie, s\u0103 avem o justi\u021bie independent\u0103, s\u0103 nu avem ingerin\u021be politice \u0219i s\u0103 avem consecin\u021be, dac\u0103 se \u00eent\u00e2mpl\u0103 asemenea lucruri, pentru c\u0103 \u0219i aceasta este o problem\u0103 foarte mare, avem situa\u021bii inadmisibile \u0219i nu exist\u0103 nici o consecin\u021b\u0103 dup\u0103 o asemenea situa\u021bie, c\u00e2nd cineva e condamnat \u00een prim\u0103 instan\u021b\u0103 la ani grei de pu\u0219c\u0103rie \u0219i p\u00e2n\u0103 la urm\u0103 se prescriu faptele foarte grave, dup\u0103 ce procesul este t\u0103r\u0103g\u0103nat\u201d, a spus Tanczos.<\/p>\n<p id=\"p-5\">Pre\u015fedintele Nicu\u015for Dan <a href=\"https:\/\/www.mediafax.ro\/politic\/discutiile-de-la-cotroceni-dintre-nicusor-dan-si-magistrati-s-au-incheiat-judecator-abuzurile-nu-sunt-identificate-si-corectate-din-interior-pentru-ca-puterea-este-concentrata-excesiv-la-v-23661928\">s-a consultat<\/a> cu reprezentan\u021bi ai magistra\u021bilor la Palatul Cotroceni, \u00een urma dezv\u0103luirilor din documentarul Recorder. El a anun\u0163at c\u0103 va ini\u0163ia un <a href=\"https:\/\/www.mediafax.ro\/politic\/nicusor-dan-anunta-un-referendum-in-corpul-magistratilor-daca-magistratii-considera-ca-csm-nu-actioneaza-in-interes-public-csm-va-pleca-de-urgenta-23661754\">referendum \u00een r\u00e2ndul magistra\u0163ilor<\/a>, cu o singur\u0103 \u00eentrebare: \u201eCSM ac\u0163ioneaz\u0103 \u00een interes public sau \u00een interesul unui grup din interiorul sistemului judiciar?\u201d. Dac\u0103 magistra\u021bii \u00een majoritatea lor vor spune c\u0103 CSM nu reprezint\u0103 interesul public, ci interesul breslei, atunci Consiliul Superior al Magistraturii va pleca de urgen\u021b\u0103, a spus \u0219eful statului.<\/p>\n<p id=\"p-6\">\u201eNu vom tolera nici o form\u0103 de ingerin\u021b\u0103 \u00een Justi\u021bie\u201d, \u00eei r\u0103spunde pre\u0219edintelui Nicu\u0219or Dan Sec\u021bia pentru judec\u0103tori a CSM.<\/p>\n","protected":false},"excerpt":{"rendered":"<p>Un grup de parlamentari inten\u021bioneaz\u0103 s\u0103 depun\u0103 \u00een Parlament o cerere de suspendare a \u0219efului statului, pentru \u201eatacuri asupra independen\u021bei justi\u021biei\u201d, dup\u0103 ce Nicu\u0219or Dan a propus un referendum \u00een &hellip; <a href=\"https:\/\/microscopemedia.com\/?p=667759\" class=\"more-link\">Read More<\/a><\/p>\n","protected":false},"author":1,"featured_media":667760,"comment_status":"closed","ping_status":"closed","sticky":false,"template":"Default","format":"standard","meta":[],"categories":[1],"tags":[],"_links":{"self":[{"href":"https:\/\/microscopemedia.com\/index.php?rest_route=\/wp\/v2\/posts\/667759"}],"collection":[{"href":"https:\/\/microscopemedia.com\/index.php?rest_route=\/wp\/v2\/posts"}],"about":[{"href":"https:\/\/microscopemedia.com\/index.php?rest_route=\/wp\/v2\/types\/post"}],"author":[{"embeddable":true,"href":"https:\/\/microscopemedia.com\/index.php?rest_route=\/wp\/v2\/users\/1"}],"replies":[{"embeddable":true,"href":"https:\/\/microscopemedia.com\/index.php?rest_route=%2Fwp%2Fv2%2Fcomments&post=667759"}],"version-history":[{"count":0,"href":"https:\/\/microscopemedia.com\/index.php?rest_route=\/wp\/v2\/posts\/667759\/revisions"}],"wp:featuredmedia":[{"embeddable":true,"href":"https:\/\/microscopemedia.com\/index.php?rest_route=\/wp\/v2\/media\/667760"}],"wp:attachment":[{"href":"https:\/\/microscopemedia.com\/index.php?rest_route=%2Fwp%2Fv2%2Fmedia&parent=667759"}],"wp:term":[{"taxonomy":"category","embeddable":true,"href":"https:\/\/microscopemedia.com\/index.php?rest_route=%2Fwp%2Fv2%2Fcategories&post=667759"},{"taxonomy":"post_tag","embeddable":true,"href":"https:\/\/microscopemedia.com\/index.php?rest_route=%2Fwp%2Fv2%2Ftags&post=667759"}],"curies":[{"name":"wp","href":"https:\/\/api.w.org\/{rel}","templated":true}]}}