{"id":667769,"date":"2025-12-23T09:56:05","date_gmt":"2025-12-23T09:56:05","guid":{"rendered":"https:\/\/microscopemedia.com\/?p=667769"},"modified":"2025-12-23T09:56:05","modified_gmt":"2025-12-23T09:56:05","slug":"perchezitii-la-casa-in-care-a-trait-rodica-stanoiu-surse","status":"publish","type":"post","link":"https:\/\/microscopemedia.com\/?p=667769","title":{"rendered":"Perchezi\u021bii la casa \u00een care a tr\u0103it Rodica St\u0103noiu \u2013 surse"},"content":{"rendered":"<div><img decoding=\"async\" src=\"https:\/\/microscopemedia.com\/wp-content\/uploads\/2025\/12\/perchezitii-la-casa-in-care-a-trait-rodica-stanoiu-surse.webp\" class=\"ff-og-image-inserted\"><\/div>\n<p id=\"p-0\">Mar\u021bi diminea\u021ba, sub coordonarea Parchetului de pe l\u00e2ng\u0103 Tribunalul Ilfov, poli\u021bi\u0219tii ilfoveni pun \u00een executare un mandat de perchezi\u021bie domiciliar\u0103 la domiciliul defunctei Rodica Mihaela St\u0103noiu.<\/p>\n<p id=\"p-1\">Perchezi\u021bia este \u00een curs de desf\u0103\u0219urare, au declarat, pentru MEDIAFAX, surse judiciare.<\/p>\n<p id=\"p-2\">Sunt c\u0103utate dispozitive electronice, respectiv telefoane.<\/p>\n<p id=\"p-3\">Rudele Rodic\u0103i St\u0103noiu au declarat dup\u0103 moartea fostului ministru c\u0103 telefonul s\u0103u era \u00een posesia partenerului de via\u021b\u0103, cu 50 de ani mai t\u00e2n\u0103r, astfel c\u0103 Rodica St\u0103noiu nu mai putea comunica cu nimeni din exteriorul casei.<\/p>\n<p id=\"p-4\">Trupul fostului ministru al Justi\u021biei, Rodica St\u0103noiu, <a href=\"https:\/\/www.mediafax.ro\/social\/update-rodica-stanoiu-a-fost-deshumata-reactia-iubitului-mai-tanar-cu-50-de-ani-23658288\">a fost deshumat<\/a> \u00een 15 decembrie dup\u0103 ce procurorii din Ilfov au deschis un dosar de moarte suspect\u0103. Trupul ne\u00eensufle\u021bit a fost dus la Institutul Na\u021bional de Medicin\u0103 Legal\u0103 (INML) pentru necropsie.<\/p>\n<p id=\"p-5\">Rodica St\u0103noiu, fost ministru al Justi\u021biei \u00een Guvernul condus de Adrian N\u0103stase, <a href=\"https:\/\/mediafax.ro\/politic\/fostul-ministru-al-justitiei-rodica-stanoiu-a-murit-23652469\">a murit<\/a> \u00een 3 decembrie, la v\u00e2rsta de 86 de ani, \u0219i a fost \u00eenmorm\u00e2ntat\u0103 rapid, f\u0103r\u0103 slujb\u0103, ceea ce a ridicat mari semne de \u00eentrebare.<\/p>\n<p id=\"p-6\">&nbsp;<\/p>\n","protected":false},"excerpt":{"rendered":"<p>Mar\u021bi diminea\u021ba, sub coordonarea Parchetului de pe l\u00e2ng\u0103 Tribunalul Ilfov, poli\u021bi\u0219tii ilfoveni pun \u00een executare un mandat de perchezi\u021bie domiciliar\u0103 la domiciliul defunctei Rodica Mihaela St\u0103noiu. Perchezi\u021bia este \u00een curs &hellip; <a href=\"https:\/\/microscopemedia.com\/?p=667769\" class=\"more-link\">Read More<\/a><\/p>\n","protected":false},"author":1,"featured_media":667770,"comment_status":"closed","ping_status":"closed","sticky":false,"template":"Default","format":"standard","meta":[],"categories":[1],"tags":[],"_links":{"self":[{"href":"https:\/\/microscopemedia.com\/index.php?rest_route=\/wp\/v2\/posts\/667769"}],"collection":[{"href":"https:\/\/microscopemedia.com\/index.php?rest_route=\/wp\/v2\/posts"}],"about":[{"href":"https:\/\/microscopemedia.com\/index.php?rest_route=\/wp\/v2\/types\/post"}],"author":[{"embeddable":true,"href":"https:\/\/microscopemedia.com\/index.php?rest_route=\/wp\/v2\/users\/1"}],"replies":[{"embeddable":true,"href":"https:\/\/microscopemedia.com\/index.php?rest_route=%2Fwp%2Fv2%2Fcomments&post=667769"}],"version-history":[{"count":0,"href":"https:\/\/microscopemedia.com\/index.php?rest_route=\/wp\/v2\/posts\/667769\/revisions"}],"wp:featuredmedia":[{"embeddable":true,"href":"https:\/\/microscopemedia.com\/index.php?rest_route=\/wp\/v2\/media\/667770"}],"wp:attachment":[{"href":"https:\/\/microscopemedia.com\/index.php?rest_route=%2Fwp%2Fv2%2Fmedia&parent=667769"}],"wp:term":[{"taxonomy":"category","embeddable":true,"href":"https:\/\/microscopemedia.com\/index.php?rest_route=%2Fwp%2Fv2%2Fcategories&post=667769"},{"taxonomy":"post_tag","embeddable":true,"href":"https:\/\/microscopemedia.com\/index.php?rest_route=%2Fwp%2Fv2%2Ftags&post=667769"}],"curies":[{"name":"wp","href":"https:\/\/api.w.org\/{rel}","templated":true}]}}