{"id":667771,"date":"2025-12-23T10:06:04","date_gmt":"2025-12-23T10:06:04","guid":{"rendered":"https:\/\/microscopemedia.com\/?p=667771"},"modified":"2025-12-23T10:06:04","modified_gmt":"2025-12-23T10:06:04","slug":"un-parlamentar-psd-ataca-guvernul-educatia-calcata-in-picioare-de-bolojan-si-reforma-lui-prima-sacrificata-prima-umilita","status":"publish","type":"post","link":"https:\/\/microscopemedia.com\/?p=667771","title":{"rendered":"Un parlamentar PSD atac\u0103 Guvernul: Educa\u021bia, c\u0103lcat\u0103 \u00een picioare de Bolojan \u0219i reforma lui. Prima sacrificat\u0103, prima umilit\u0103"},"content":{"rendered":"<div><img decoding=\"async\" src=\"https:\/\/microscopemedia.com\/wp-content\/uploads\/2025\/12\/un-parlamentar-psd-ataca-guvernul-educatia-calcata-in-picioare-de-bolojan-si-reforma-lui-prima-sacrificata-prima-umilita.jpg\" class=\"ff-og-image-inserted\"><\/div>\n<p data-start=\"392\" data-end=\"662\" id=\"p-0\">\u201eC\u00e2nd te joci cu educa\u021bia unui popor, te joci cu \u00eensu\u0219i viitorul lui\u201d, avertizeaz\u0103 Mihai Fifor.<\/p>\n<p data-start=\"392\" data-end=\"662\" id=\"p-1\">Parlamentarul PSD sus\u021bine c\u0103 <strong>excluderea educa\u021biei din OUG \u201e<a href=\"https:\/\/www.mediafax.ro\/economic\/ordonanta-trenulet-publicata-in-transparenta-de-ministerul-finantelor-romanii-pot-trimite-opinii-10-zile-23662350\">trenule\u021b<\/a>\u201d nu este o eroare tehnic\u0103, ci o \u201ealegere politic\u0103 rece, asumat\u0103 de premierul Bolojan\u201d<\/strong>.<\/p>\n<p data-start=\"664\" data-end=\"907\" id=\"p-2\">Fifor subliniaz\u0103 c\u0103 promisiunile privind majorarea cu 50% a pl\u0103\u021bii cu ora pentru profesori \u201eau disp\u0103rut complet din legisla\u021bie. Nicio majorare. Nicio prorogare. Nicio urm\u0103. Exact \u00een ziua \u00een care ministrul Daniel David \u0219i-a \u00eenaintat demisia.\u201d<\/p>\n<p data-start=\"909\" data-end=\"1276\" id=\"p-3\">Referitor la bursele studen\u021bilor, acesta spune: \u201eFondul r\u0103m\u00e2ne la nivelul mutilat prin Legea Bolojan, \u00een ciuda declara\u021biilor publice. A\u0219a-zisa completare cu fonduri europene nu este o politic\u0103 public\u0103, ci o solu\u021bie de avarie pentru aproximativ 40.000 de studen\u021bi afla\u021bi \u00een situa\u021bii sociale dificile. Nu repar\u0103 nimic. Doar mascheaz\u0103 efectele unei t\u0103ieri deliberate.\u201d<\/p>\n<p data-start=\"1278\" data-end=\"1657\" id=\"p-4\">Singura interven\u021bie concret\u0103 este continuarea Programului na\u021bional \u201eMas\u0103 s\u0103n\u0103toas\u0103\u201d, cu peste 1,5 miliarde de lei alocate pentru 2026. \u201eUn program necesar, dar tratat strict ca m\u0103sur\u0103 social\u0103, nu ca politic\u0103 educa\u021bional\u0103 structural\u0103. Nicio leg\u0103tur\u0103 cu resursa uman\u0103 din \u0219coli, cu condi\u021biile de munc\u0103 ale profesorilor sau cu managementul unit\u0103\u021bilor de \u00eenv\u0103\u021b\u0103m\u00e2nt\u201d, afirm\u0103 Fifor.<\/p>\n<p data-start=\"1659\" data-end=\"1935\" id=\"p-5\">Deputatul mai subliniaz\u0103 c\u0103 mesajul OUG este clar: \u201eS\u0103 fim clari: nicio demisie nu poate sp\u0103la ru\u0219inea unui ministru care a fost principalul inamic al dasc\u0103lilor din aceast\u0103 \u021bar\u0103.&nbsp;S\u0103 nu uit\u0103m c\u0103 educa\u021bia a fost prima lovit\u0103 de barda lui Ilie Bolojan \u0219i de a\u0219a-zisa lui reform\u0103. Prima sacrificat\u0103. Prima umilit\u0103. De acolo a \u00eenceput \u2018disciplina bugetar\u0103\u2019: din salariile profesorilor, din bursele elevilor, din viitorul copiilor.\u201d<\/p>\n<p data-start=\"1937\" data-end=\"2215\" id=\"p-6\">\u00cen concluzie, Mihai Fifor avertizeaz\u0103: \u201eCe r\u0103m\u00e2ne dup\u0103 Daniel David? Un mare NIMIC. Un corp profesoral \u00eengenuncheat. Elevi \u0219i p\u0103rin\u021bi min\u021bi\u021bi. Un sistem bulversat, f\u0103r\u0103 direc\u021bie, f\u0103r\u0103 predictibilitate, f\u0103r\u0103 respect. Cine pl\u0103te\u0219te nota de plat\u0103? Nu David. Nu Bolojan. Rom\u00e2nia.\u201d<\/p>\n","protected":false},"excerpt":{"rendered":"<p>\u201eC\u00e2nd te joci cu educa\u021bia unui popor, te joci cu \u00eensu\u0219i viitorul lui\u201d, avertizeaz\u0103 Mihai Fifor. Parlamentarul PSD sus\u021bine c\u0103 excluderea educa\u021biei din OUG \u201etrenule\u021b\u201d nu este o eroare tehnic\u0103, &hellip; <a href=\"https:\/\/microscopemedia.com\/?p=667771\" class=\"more-link\">Read More<\/a><\/p>\n","protected":false},"author":1,"featured_media":667772,"comment_status":"closed","ping_status":"closed","sticky":false,"template":"Default","format":"standard","meta":[],"categories":[1],"tags":[],"_links":{"self":[{"href":"https:\/\/microscopemedia.com\/index.php?rest_route=\/wp\/v2\/posts\/667771"}],"collection":[{"href":"https:\/\/microscopemedia.com\/index.php?rest_route=\/wp\/v2\/posts"}],"about":[{"href":"https:\/\/microscopemedia.com\/index.php?rest_route=\/wp\/v2\/types\/post"}],"author":[{"embeddable":true,"href":"https:\/\/microscopemedia.com\/index.php?rest_route=\/wp\/v2\/users\/1"}],"replies":[{"embeddable":true,"href":"https:\/\/microscopemedia.com\/index.php?rest_route=%2Fwp%2Fv2%2Fcomments&post=667771"}],"version-history":[{"count":0,"href":"https:\/\/microscopemedia.com\/index.php?rest_route=\/wp\/v2\/posts\/667771\/revisions"}],"wp:featuredmedia":[{"embeddable":true,"href":"https:\/\/microscopemedia.com\/index.php?rest_route=\/wp\/v2\/media\/667772"}],"wp:attachment":[{"href":"https:\/\/microscopemedia.com\/index.php?rest_route=%2Fwp%2Fv2%2Fmedia&parent=667771"}],"wp:term":[{"taxonomy":"category","embeddable":true,"href":"https:\/\/microscopemedia.com\/index.php?rest_route=%2Fwp%2Fv2%2Fcategories&post=667771"},{"taxonomy":"post_tag","embeddable":true,"href":"https:\/\/microscopemedia.com\/index.php?rest_route=%2Fwp%2Fv2%2Ftags&post=667771"}],"curies":[{"name":"wp","href":"https:\/\/api.w.org\/{rel}","templated":true}]}}