{"id":667777,"date":"2025-12-23T10:46:05","date_gmt":"2025-12-23T10:46:05","guid":{"rendered":"https:\/\/microscopemedia.com\/?p=667777"},"modified":"2025-12-23T10:46:05","modified_gmt":"2025-12-23T10:46:05","slug":"miruta-si-darau-depun-marti-juramantul-de-investire-ca-ministri-ai-economiei-si-apararii","status":"publish","type":"post","link":"https:\/\/microscopemedia.com\/?p=667777","title":{"rendered":"Miru\u021b\u0103 \u0219i Dar\u0103u depun mar\u021bi jur\u0103m\u00e2ntul de \u00eenvestire ca mini\u0219tri ai Economiei \u0219i Ap\u0103r\u0103rii"},"content":{"rendered":"<div><img decoding=\"async\" src=\"https:\/\/microscopemedia.com\/wp-content\/uploads\/2025\/12\/miruta-si-darau-depun-marti-juramantul-de-investire-ca-ministri-ai-economiei-si-apararii.jpg\" class=\"ff-og-image-inserted\"><\/div>\n<p id=\"p-0\">La ora 15.00 are loc 15:00 ceremonie de depunere a jur\u0103m\u00e2ntului de \u00eenvestitur\u0103 a unor membri ai Guvernului, anun\u021b\u0103 Administra\u021bia Preziden\u021bial\u0103.<\/p>\n<p id=\"p-1\"><a href=\"https:\/\/www.mediafax.ro\/politic\/usr-a-validat-propunerile-de-ministri-radu-miruta-la-aparare-si-irineu-darau-la-economie-23661107\">Comitetul Politic al USR<\/a>, \u00eentrunit online, a validat vineri propunerile pentru conducerea Ministerului Ap\u0103r\u0103rii Na\u021bionale \u0219i a Ministerului Economiei, Digitaliz\u0103rii, Antreprenoriatului \u0219i Turismului.<\/p>\n<p id=\"p-2\">Radu Miru\u021b\u0103 a fost validat ca propunere pentru func\u021bia de ministru al Ap\u0103r\u0103rii, urm\u00e2nd s\u0103 de\u021bin\u0103 \u0219i func\u021bia de vicepremier. Pentru ministerul Economiei a fost validat senatorul USR de Bra\u0219ov, Irineu Dar\u0103u.<\/p>\n<p id=\"p-3\">Propunerile au fost validate cu 81,22% din voturi \u201epentru\u201d, 4,42% \u201econtra\u201d \u0219i 14,36% \u201eab\u021binere\u201d.<\/p>\n<p id=\"p-4\">Radu Miru\u021b\u0103 este deputat USR la al doilea mandat. Este doctor \u00een Telecomunica\u021bii \u0219i absolvent al Facult\u0103\u021bii de Drept. \u00cen actualul mandat de ministru al Economiei, a participat la negocierile privind pachetul de finan\u021bare european\u0103 SAFE, prin care Rom\u00e2niei \u00eei sunt alocate peste 16,6 miliarde de euro pentru proiecte din domeniul ap\u0103r\u0103rii.<\/p>\n<p id=\"p-5\">Irineu Dar\u0103u este liderul filialei USR Bra\u0219ov. Este absolvent al Facult\u0103\u021bii de Matematic\u0103 \u0219i Informatic\u0103 a Universit\u0103\u021bii din Bucure\u0219ti \u0219i conduce Comisia pentru \u00eenv\u0103\u021b\u0103m\u00e2nt, \u0219tiin\u021b\u0103 \u0219i inovare din Senat. Este, de asemenea, membru \u00een mai multe comisii cu profil economic \u0219i social.<\/p>\n<p id=\"p-6\"><strong>Ionu\u021b Mo\u0219teanu \u0219i-a dat demisia din func\u021bia de ministru al Ap\u0103r\u0103rii, \u00een urm\u0103 cu aproape o lun\u0103, dup\u0103 scandalul privind studiile.<\/strong><\/p>\n","protected":false},"excerpt":{"rendered":"<p>La ora 15.00 are loc 15:00 ceremonie de depunere a jur\u0103m\u00e2ntului de \u00eenvestitur\u0103 a unor membri ai Guvernului, anun\u021b\u0103 Administra\u021bia Preziden\u021bial\u0103. Comitetul Politic al USR, \u00eentrunit online, a validat vineri &hellip; <a href=\"https:\/\/microscopemedia.com\/?p=667777\" class=\"more-link\">Read More<\/a><\/p>\n","protected":false},"author":1,"featured_media":667778,"comment_status":"closed","ping_status":"closed","sticky":false,"template":"Default","format":"standard","meta":[],"categories":[1],"tags":[],"_links":{"self":[{"href":"https:\/\/microscopemedia.com\/index.php?rest_route=\/wp\/v2\/posts\/667777"}],"collection":[{"href":"https:\/\/microscopemedia.com\/index.php?rest_route=\/wp\/v2\/posts"}],"about":[{"href":"https:\/\/microscopemedia.com\/index.php?rest_route=\/wp\/v2\/types\/post"}],"author":[{"embeddable":true,"href":"https:\/\/microscopemedia.com\/index.php?rest_route=\/wp\/v2\/users\/1"}],"replies":[{"embeddable":true,"href":"https:\/\/microscopemedia.com\/index.php?rest_route=%2Fwp%2Fv2%2Fcomments&post=667777"}],"version-history":[{"count":0,"href":"https:\/\/microscopemedia.com\/index.php?rest_route=\/wp\/v2\/posts\/667777\/revisions"}],"wp:featuredmedia":[{"embeddable":true,"href":"https:\/\/microscopemedia.com\/index.php?rest_route=\/wp\/v2\/media\/667778"}],"wp:attachment":[{"href":"https:\/\/microscopemedia.com\/index.php?rest_route=%2Fwp%2Fv2%2Fmedia&parent=667777"}],"wp:term":[{"taxonomy":"category","embeddable":true,"href":"https:\/\/microscopemedia.com\/index.php?rest_route=%2Fwp%2Fv2%2Fcategories&post=667777"},{"taxonomy":"post_tag","embeddable":true,"href":"https:\/\/microscopemedia.com\/index.php?rest_route=%2Fwp%2Fv2%2Ftags&post=667777"}],"curies":[{"name":"wp","href":"https:\/\/api.w.org\/{rel}","templated":true}]}}