{"id":667781,"date":"2025-12-23T11:16:04","date_gmt":"2025-12-23T11:16:04","guid":{"rendered":"https:\/\/microscopemedia.com\/?p=667781"},"modified":"2025-12-23T11:16:04","modified_gmt":"2025-12-23T11:16:04","slug":"accident-produs-la-nici-doua-ore-de-la-deschiderea-autostrazii-moldovei-doua-persoane-ranite","status":"publish","type":"post","link":"https:\/\/microscopemedia.com\/?p=667781","title":{"rendered":"Accident produs la nici dou\u0103 ore de la deschiderea Autostr\u0103zii Moldovei: dou\u0103 persoane r\u0103nite"},"content":{"rendered":"<div><img decoding=\"async\" src=\"https:\/\/microscopemedia.com\/wp-content\/uploads\/2025\/12\/accident-produs-la-nici-doua-ore-de-la-deschiderea-autostrazii-moldovei-doua-persoane-ranite.jpg\" class=\"ff-og-image-inserted\"><\/div>\n<p id=\"p-0\">Potrivit Centrului Infotrafic din Inspectoratul General al Poli\u0163iei Rom\u00e2ne, pe autostrada A 7 Foc\u0219ani \u2013 Adjud, la kilometrul 180, \u00een zona municipiului Adjud, jude\u021bul Vrancea, s-a produs un accident rutier.<\/p>\n<p id=\"p-1\">Au fost implicate un autoturism, o autoutilitar\u0103 \u0219i un camion.<\/p>\n<p id=\"p-2\">\u00cen urma impactului, dou\u0103 persoane au fost r\u0103nite \u0219i sunt \u00een evaluare medical\u0103 la fa\u021ba locului.<\/p>\n<p id=\"p-3\">Circula\u021bia rutier\u0103 este oprit\u0103 pe benzile sensului de mers Foc\u0219ani \u2013 Adjud, fiind deviat\u0103 pe DN 2, pe ruta ocolitoare Pufe\u0219ti \u2013 Adjud.<\/p>\n<p id=\"p-4\">Mar\u021bi, la ora 11.00, <a href=\"https:\/\/www.mediafax.ro\/economic\/autostrada-moldovei-extinsa-asteptarea-a-luat-sfarsit-s-au-deschis-cei-50-km-dintre-focsani-si-adjud-23662508\">a fost deschis traficul pe tronsonul Foc\u0219ani Nord \u2013 Adjud Nord<\/a>, cu o lungime de aproximativ 50 de kilometri, pe Autostrada A7 \u2013 Autostrada Moldovei.<\/p>\n","protected":false},"excerpt":{"rendered":"<p>Potrivit Centrului Infotrafic din Inspectoratul General al Poli\u0163iei Rom\u00e2ne, pe autostrada A 7 Foc\u0219ani \u2013 Adjud, la kilometrul 180, \u00een zona municipiului Adjud, jude\u021bul Vrancea, s-a produs un accident rutier. &hellip; <a href=\"https:\/\/microscopemedia.com\/?p=667781\" class=\"more-link\">Read More<\/a><\/p>\n","protected":false},"author":1,"featured_media":667782,"comment_status":"closed","ping_status":"closed","sticky":false,"template":"Default","format":"standard","meta":[],"categories":[1],"tags":[],"_links":{"self":[{"href":"https:\/\/microscopemedia.com\/index.php?rest_route=\/wp\/v2\/posts\/667781"}],"collection":[{"href":"https:\/\/microscopemedia.com\/index.php?rest_route=\/wp\/v2\/posts"}],"about":[{"href":"https:\/\/microscopemedia.com\/index.php?rest_route=\/wp\/v2\/types\/post"}],"author":[{"embeddable":true,"href":"https:\/\/microscopemedia.com\/index.php?rest_route=\/wp\/v2\/users\/1"}],"replies":[{"embeddable":true,"href":"https:\/\/microscopemedia.com\/index.php?rest_route=%2Fwp%2Fv2%2Fcomments&post=667781"}],"version-history":[{"count":0,"href":"https:\/\/microscopemedia.com\/index.php?rest_route=\/wp\/v2\/posts\/667781\/revisions"}],"wp:featuredmedia":[{"embeddable":true,"href":"https:\/\/microscopemedia.com\/index.php?rest_route=\/wp\/v2\/media\/667782"}],"wp:attachment":[{"href":"https:\/\/microscopemedia.com\/index.php?rest_route=%2Fwp%2Fv2%2Fmedia&parent=667781"}],"wp:term":[{"taxonomy":"category","embeddable":true,"href":"https:\/\/microscopemedia.com\/index.php?rest_route=%2Fwp%2Fv2%2Fcategories&post=667781"},{"taxonomy":"post_tag","embeddable":true,"href":"https:\/\/microscopemedia.com\/index.php?rest_route=%2Fwp%2Fv2%2Ftags&post=667781"}],"curies":[{"name":"wp","href":"https:\/\/api.w.org\/{rel}","templated":true}]}}