{"id":667787,"date":"2025-12-23T11:46:04","date_gmt":"2025-12-23T11:46:04","guid":{"rendered":"https:\/\/microscopemedia.com\/?p=667787"},"modified":"2025-12-23T11:46:04","modified_gmt":"2025-12-23T11:46:04","slug":"platforma-workinromania-gov-ro-devine-punct-unic-pentru-angajarea-lucratorilor-straini","status":"publish","type":"post","link":"https:\/\/microscopemedia.com\/?p=667787","title":{"rendered":"Platforma WorkinRomania.gov.ro devine punct unic pentru angajarea lucr\u0103torilor str\u0103ini"},"content":{"rendered":"<div><img decoding=\"async\" src=\"https:\/\/microscopemedia.com\/wp-content\/uploads\/2025\/12\/platforma-workinromania-gov-ro-devine-punct-unic-pentru-angajarea-lucratorilor-straini.jpg\" class=\"ff-og-image-inserted\"><\/div>\n<p data-start=\"88\" data-end=\"528\" id=\"p-0\">Guvernul Rom\u00e2niei a lansat \u00een procedur\u0103 de transparen\u021b\u0103 decizional\u0103 proiectul Ordonan\u021bei de urgen\u021b\u0103 privind \u00eenregistrarea \u0219i obliga\u021biile angajatorilor care recruteaz\u0103 lucr\u0103tori str\u0103ini, autorizarea \u0219i func\u021bionarea agen\u021biilor de plasare a for\u021bei de munc\u0103 din afara UE, precum \u0219i modificarea \u0219i completarea unor acte normative conexe. Documentul este \u00eenso\u021bit de Nota de fundamentare \u0219i este disponibil pe site-ul Cancelariei Prim-ministrului.<\/p>\n<p data-start=\"530\" data-end=\"808\" id=\"p-1\">Ini\u021biativa legislativ\u0103 vine \u00een contextul deficitului accentuat de for\u021b\u0103 de munc\u0103 din mai multe sectoare ale economiei rom\u00e2ne\u0219ti \u0219i urm\u0103re\u0219te, totodat\u0103, \u00eent\u0103rirea <a href=\"https:\/\/www.mediafax.ro\/economic\/legea-privind-accesul-si-munca-imigrantilor-in-romania-va-fi-schimbata-ciprian-vacaru-secretar-de-stat-in-ministerul-muncii-detalii-despre-modificarile-esentiale-23643206\">mecanismelor de protec\u021bie a lucr\u0103torilor str\u0103ini<\/a>, prevenirea exploat\u0103rii prin munc\u0103 \u0219i combaterea migra\u021biei ilegale.<\/p>\n<h2 data-start=\"810\" data-end=\"922\" id=\"chapter-0\"><strong data-start=\"810\" data-end=\"842\">Principalele nout\u0103\u021bi propuse<\/strong><\/h2>\n<p data-start=\"810\" data-end=\"922\" id=\"p-2\">Proiectul introduce un cadru legal unitar, modern \u0219i digitalizat, care include:<\/p>\n<ul data-start=\"923\" data-end=\"1854\" readability=\"11\">\n<li data-start=\"923\" data-end=\"1147\" readability=\"4\">\n<p data-start=\"925\" data-end=\"1147\" id=\"p-3\">digitalizarea complet\u0103 a proceselor de angajare a lucr\u0103torilor str\u0103ini, prin opera\u021bionalizarea platformei oficiale <strong data-start=\"1040\" data-end=\"1064\">WorkinRomania.gov.ro<\/strong>, ca punct unic de interac\u021biune \u00eentre angajatori, agen\u021bii de plasare \u0219i autorit\u0103\u021bi;<\/p>\n<\/li>\n<li data-start=\"1148\" data-end=\"1231\" readability=\"0\">\n<p data-start=\"1150\" data-end=\"1231\" id=\"p-4\">introducerea <strong data-start=\"1163\" data-end=\"1180\">cererii unice<\/strong>, pentru simplificarea procedurilor administrative;<\/p>\n<\/li>\n<li data-start=\"1232\" data-end=\"1354\" readability=\"0\">\n<p data-start=\"1234\" data-end=\"1354\" id=\"p-5\"><strong data-start=\"1234\" data-end=\"1263\">\u00eenregistrarea obligatorie<\/strong> a angajatorilor care doresc s\u0103 angajeze cet\u0103\u021beni din state ter\u021be \u00eentr-un registru oficial;<\/p>\n<\/li>\n<li data-start=\"1355\" data-end=\"1529\" readability=\"2\">\n<p data-start=\"1357\" data-end=\"1529\" id=\"p-6\">reglementarea clar\u0103 a activit\u0103\u021bii agen\u021biilor de plasare, printr-un sistem de autorizare bazat pe criterii de eligibilitate, reputa\u021bie profesional\u0103 \u0219i capacitate financiar\u0103;<\/p>\n<\/li>\n<li data-start=\"1530\" data-end=\"1632\" readability=\"1\">\n<p data-start=\"1532\" data-end=\"1632\" id=\"p-7\">crearea <strong data-start=\"1540\" data-end=\"1573\">Listei ocupa\u021biilor deficitare<\/strong>, aprobat\u0103 prin hot\u0103r\u00e2re de Guvern \u0219i actualizat\u0103 periodic;<\/p>\n<\/li>\n<li data-start=\"1633\" data-end=\"1698\" readability=\"-1\">\n<p data-start=\"1635\" data-end=\"1698\" id=\"p-8\">diferen\u021bierea vizelor de munc\u0103 \u00een func\u021bie de tipul de lucr\u0103tor;<\/p>\n<\/li>\n<li data-start=\"1699\" data-end=\"1854\" readability=\"1\">\n<p data-start=\"1701\" data-end=\"1854\" id=\"p-9\">alinierea legisla\u021biei na\u021bionale la standardele europene \u0219i interna\u021bionale privind migra\u021bia, drepturile lucr\u0103torilor \u0219i combaterea traficului de persoane.<\/p>\n<\/li>\n<\/ul>\n<p data-start=\"1856\" data-end=\"2018\" id=\"p-10\">Autorit\u0103\u021bile subliniaz\u0103 c\u0103 m\u0103surile propuse urm\u0103resc un echilibru \u00eentre nevoile angajatorilor, buna func\u021bionare a pie\u021bei muncii \u0219i protec\u021bia lucr\u0103torilor str\u0103ini.<\/p>\n<h2 data-start=\"2020\" data-end=\"2302\" id=\"chapter-1\"><strong data-start=\"2020\" data-end=\"2042\">Consultare public\u0103<\/strong><\/h2>\n<p data-start=\"2020\" data-end=\"2302\" id=\"p-11\">Guvernul invit\u0103 angajatorii, agen\u021biile de plasare, organiza\u021biile sindicale \u0219i patronale, ONG-urile \u0219i societatea civil\u0103 s\u0103 transmit\u0103 observa\u021bii \u0219i propuneri \u00een cadrul consult\u0103rii publice, desf\u0103\u0219urate conform Legii nr. 52\/2003 privind transparen\u021ba decizional\u0103.<\/p>\n<p data-start=\"2304\" data-end=\"2498\" data-is-last-node data-is-only-node id=\"p-12\">Proiectul de act normativ \u0219i Nota de fundamentare pot fi consultate pe site-ul Cancelariei Prim-ministrului, iar contribu\u021biile pot fi transmise pe durata perioadei de consultare stabilite legal.<\/p>\n","protected":false},"excerpt":{"rendered":"<p>Guvernul Rom\u00e2niei a lansat \u00een procedur\u0103 de transparen\u021b\u0103 decizional\u0103 proiectul Ordonan\u021bei de urgen\u021b\u0103 privind \u00eenregistrarea \u0219i obliga\u021biile angajatorilor care recruteaz\u0103 lucr\u0103tori str\u0103ini, autorizarea \u0219i func\u021bionarea agen\u021biilor de plasare a for\u021bei &hellip; <a href=\"https:\/\/microscopemedia.com\/?p=667787\" class=\"more-link\">Read More<\/a><\/p>\n","protected":false},"author":1,"featured_media":667788,"comment_status":"closed","ping_status":"closed","sticky":false,"template":"Default","format":"standard","meta":[],"categories":[1],"tags":[],"_links":{"self":[{"href":"https:\/\/microscopemedia.com\/index.php?rest_route=\/wp\/v2\/posts\/667787"}],"collection":[{"href":"https:\/\/microscopemedia.com\/index.php?rest_route=\/wp\/v2\/posts"}],"about":[{"href":"https:\/\/microscopemedia.com\/index.php?rest_route=\/wp\/v2\/types\/post"}],"author":[{"embeddable":true,"href":"https:\/\/microscopemedia.com\/index.php?rest_route=\/wp\/v2\/users\/1"}],"replies":[{"embeddable":true,"href":"https:\/\/microscopemedia.com\/index.php?rest_route=%2Fwp%2Fv2%2Fcomments&post=667787"}],"version-history":[{"count":0,"href":"https:\/\/microscopemedia.com\/index.php?rest_route=\/wp\/v2\/posts\/667787\/revisions"}],"wp:featuredmedia":[{"embeddable":true,"href":"https:\/\/microscopemedia.com\/index.php?rest_route=\/wp\/v2\/media\/667788"}],"wp:attachment":[{"href":"https:\/\/microscopemedia.com\/index.php?rest_route=%2Fwp%2Fv2%2Fmedia&parent=667787"}],"wp:term":[{"taxonomy":"category","embeddable":true,"href":"https:\/\/microscopemedia.com\/index.php?rest_route=%2Fwp%2Fv2%2Fcategories&post=667787"},{"taxonomy":"post_tag","embeddable":true,"href":"https:\/\/microscopemedia.com\/index.php?rest_route=%2Fwp%2Fv2%2Ftags&post=667787"}],"curies":[{"name":"wp","href":"https:\/\/api.w.org\/{rel}","templated":true}]}}