{"id":667789,"date":"2025-12-23T12:06:04","date_gmt":"2025-12-23T12:06:04","guid":{"rendered":"https:\/\/microscopemedia.com\/?p=667789"},"modified":"2025-12-23T12:06:04","modified_gmt":"2025-12-23T12:06:04","slug":"ciprian-serban-alaturi-de-dorinel-umbrarescu-pe-noul-tronson-al-autostrazii-moldovei-un-coridor-modern-care-transforma-radical-mobilitatea","status":"publish","type":"post","link":"https:\/\/microscopemedia.com\/?p=667789","title":{"rendered":"Ciprian \u0218erban, al\u0103turi de Dorinel Umbr\u0103rescu pe noul tronson al Autostr\u0103zii Moldovei: Un coridor modern care transform\u0103 radical mobilitatea"},"content":{"rendered":"<div><img decoding=\"async\" src=\"https:\/\/microscopemedia.com\/wp-content\/uploads\/2025\/12\/ciprian-serban-alaturi-de-dorinel-umbrarescu-pe-noul-tronson-al-autostrazii-moldovei-un-coridor-modern-care-transforma-radical-mobilitatea.jpg\" class=\"ff-og-image-inserted\"><\/div>\n<p data-start=\"108\" data-end=\"434\" id=\"p-0\">Ministrul Transporturilor, Ciprian \u0218erban, anun\u021bat mar\u021bi pe pagina sa de Facebook c\u0103 a fost prezent la deschiderea traficul pe tronsonul Foc\u0219ani Nord \u2013 Adjud Nord, cu o lungime de aproximativ 50 de kilometri, al\u0103turi de constructorul Dorinel Umbr\u0103rescu.<\/p>\n<p data-start=\"436\" data-end=\"766\" id=\"p-1\">Ministrul a declarat c\u0103 este un moment important pentru regiunea Moldovei. El a ar\u0103tat c\u0103, odat\u0103 cu acest nou tronson, Autostrada A7 devine un \u201ecoridor modern \u0219i continuu, care schimb\u0103 semnificativ modul \u00een care se circul\u0103 \u00een zon\u0103\u201d.<\/p>\n<p data-start=\"768\" data-end=\"1019\" id=\"p-2\">\u201e\u00cencep\u00e2nd de ast\u0103zi, circul\u0103m pe \u00eenc\u0103 50 de kilometri noi din A7, realiz\u00e2nd astfel un coridor modern \u0219i continuu care transform\u0103 radical mobilitatea \u0219i aduce un impuls concret pentru dezvoltarea \u00eentregii regiuni\u201d, a transmis ministrul Transporturilor.<\/p>\n<p data-start=\"1021\" data-end=\"1359\" id=\"p-3\">Ministrul Transporturilor nu a omis \u00een postarea sa beneficiile noului proiect.<\/p>\n<div class=\"x14z9mp xat24cr x1lziwak x1vvkbs xtlvy1s\" readability=\"13\">\n<p>\u201eAcest proiect strategic optimizeaz\u0103 fluxurile de m\u0103rfuri \u0219i persoane prin reducerea costurilor logistice \u0219i a timpilor de deplasare, cre\u0219te substan\u021bial siguran\u021ba rutier\u0103 \u0219i impulsioneaz\u0103 o transformare economic\u0103 durabil\u0103 \u00een Moldova, deschiz\u00e2nd noi perspective de prosperitate \u0219i cre\u0219tere sustenabil\u0103 pentru jude\u021bele din nordul regiunii.\u201d, a scris Ciprian \u0218erban.<\/p>\n<\/div>\n<p>La finalul mesajului s\u0103u, Ciprian \u0218erban a transmis \u0219i un g\u00e2nd de s\u0103rb\u0103tori. El a urat tuturor rom\u00e2nilor Cr\u0103ciun fericit \u0219i un an nou binecuv\u00e2ntat, spun\u00e2nd c\u0103 dezvoltarea infrastructurii r\u0103m\u00e2ne o prioritate pentru guvern.<\/p>\n<div dir=\"auto\" readability=\"23.26213592233\">\n<p id=\"p-4\"><a href=\"https:\/\/www.mediafax.ro\/economic\/autostrada-moldovei-extinsa-asteptarea-a-luat-sfarsit-s-au-deschis-cei-50-km-dintre-focsani-si-adjud-23662508\"><span>Autostrada Moldovei<\/span><\/a><span> a f\u0103cut un pas important \u00eenainte. Mar\u021bi, la ora 11:0, a fost deschis traficul pe tronsonul Foc\u0219ani Nord \u2013 Adjud Nord.<\/span><\/p>\n<p id=\"p-5\"><span>&nbsp;\u201eA\u0219teptarea a luat sf\u00e2r\u0219it! Se va circula pe segmentul de autostrad\u0103 dintre Foc\u0219ani Nord \u0219i Adjud Nord\u201d, a anun\u021ba luni \u0219eful CNAIR.<\/span><\/p>\n<p id=\"p-6\"><span>Odat\u0103 cu deschiderea acestui sector, lungimea total\u0103 a Autostr\u0103zii Moldovei dat\u0103 \u00een trafic se ajunge la aproape 200 de kilometri, mai exact 196 km, \u00eentre Ploie\u0219ti (Dumbrava) \u0219i Adjud Nord. Prin conexiunea cu A3, \u0219oferii vor putea ajunge p\u00e2n\u0103 la Bucure\u0219ti, pe un traseu de aproximativ 240 de kilometri de autostrad\u0103.<\/span><\/p>\n<\/div>\n","protected":false},"excerpt":{"rendered":"<p>Ministrul Transporturilor, Ciprian \u0218erban, anun\u021bat mar\u021bi pe pagina sa de Facebook c\u0103 a fost prezent la deschiderea traficul pe tronsonul Foc\u0219ani Nord \u2013 Adjud Nord, cu o lungime de aproximativ &hellip; <a href=\"https:\/\/microscopemedia.com\/?p=667789\" class=\"more-link\">Read More<\/a><\/p>\n","protected":false},"author":1,"featured_media":667790,"comment_status":"closed","ping_status":"closed","sticky":false,"template":"Default","format":"standard","meta":[],"categories":[1],"tags":[],"_links":{"self":[{"href":"https:\/\/microscopemedia.com\/index.php?rest_route=\/wp\/v2\/posts\/667789"}],"collection":[{"href":"https:\/\/microscopemedia.com\/index.php?rest_route=\/wp\/v2\/posts"}],"about":[{"href":"https:\/\/microscopemedia.com\/index.php?rest_route=\/wp\/v2\/types\/post"}],"author":[{"embeddable":true,"href":"https:\/\/microscopemedia.com\/index.php?rest_route=\/wp\/v2\/users\/1"}],"replies":[{"embeddable":true,"href":"https:\/\/microscopemedia.com\/index.php?rest_route=%2Fwp%2Fv2%2Fcomments&post=667789"}],"version-history":[{"count":0,"href":"https:\/\/microscopemedia.com\/index.php?rest_route=\/wp\/v2\/posts\/667789\/revisions"}],"wp:featuredmedia":[{"embeddable":true,"href":"https:\/\/microscopemedia.com\/index.php?rest_route=\/wp\/v2\/media\/667790"}],"wp:attachment":[{"href":"https:\/\/microscopemedia.com\/index.php?rest_route=%2Fwp%2Fv2%2Fmedia&parent=667789"}],"wp:term":[{"taxonomy":"category","embeddable":true,"href":"https:\/\/microscopemedia.com\/index.php?rest_route=%2Fwp%2Fv2%2Fcategories&post=667789"},{"taxonomy":"post_tag","embeddable":true,"href":"https:\/\/microscopemedia.com\/index.php?rest_route=%2Fwp%2Fv2%2Ftags&post=667789"}],"curies":[{"name":"wp","href":"https:\/\/api.w.org\/{rel}","templated":true}]}}