{"id":667791,"date":"2025-12-23T12:16:05","date_gmt":"2025-12-23T12:16:05","guid":{"rendered":"https:\/\/microscopemedia.com\/?p=667791"},"modified":"2025-12-23T12:16:05","modified_gmt":"2025-12-23T12:16:05","slug":"aur-despre-demersurile-pentru-suspendarea-lui-nicusor-dan-continuam-discutiile-la-inceput-de-februarie-vom-sti-pe-cate-semnaturi-ne-bazam","status":"publish","type":"post","link":"https:\/\/microscopemedia.com\/?p=667791","title":{"rendered":"AUR, despre demersurile pentru suspendarea lui Nicu\u0219or Dan: Continu\u0103m discu\u021biile. La \u00eenceput de februarie vom \u0219ti pe c\u00e2te semn\u0103turi ne baz\u0103m"},"content":{"rendered":"<div><img decoding=\"async\" src=\"https:\/\/microscopemedia.com\/wp-content\/uploads\/2025\/12\/aur-despre-demersurile-pentru-suspendarea-lui-nicusor-dan-continuam-discutiile-la-inceput-de-februarie-vom-sti-pe-cate-semnaturi-ne-bazam.png\" class=\"ff-og-image-inserted\"><\/div>\n<p data-start=\"396\" data-end=\"782\" id=\"p-0\">Deputatul AUR \u0218tefan Avr\u0103mu\u021b\u0103 a precizat, mar\u021bi, c\u0103, \u00een acest moment, ini\u021biatorii demersului se pot baza pe aproximativ 120 de semn\u0103turi, num\u0103r care ar putea cre\u0219te la circa 140 \u00een perioada urm\u0103toare. Potrivit deputatului AUR, obiectivul este atingerea pragului de 155 de semn\u0103turi necesare, lucru care ar putea deveni posibil \u00een urma discu\u021biilor politice programate p\u00e2n\u0103 \u00een luna februarie.<\/p>\n<p data-start=\"784\" data-end=\"990\" id=\"p-1\">\u201e<strong>Vom continua discu\u021biile cu privire la demersul de <a href=\"https:\/\/www.mediafax.ro\/politic\/ce-spune-ilie-bolojan-despre-demersurile-unor-parlamentari-privind-suspendarea-presedintelui-nicusor-dan-23662293\">suspendare<\/a>. Vom avea \u00eent\u00e2lniri \u00een continuare. La \u00eenceput de februarie cel mai probabil vom putea \u0219ti exact pe c\u00e2te semn\u0103turi ne baz\u0103m<\/strong>\u201d, a afirmat Avr\u0103mu\u021b\u0103.<\/p>\n<p data-start=\"992\" data-end=\"1281\" id=\"p-2\">Acesta a subliniat dificultatea str\u00e2ngerii tuturor mandatelor din zona suveranist\u0103, invoc\u00e2nd ruptura ap\u0103rut\u0103 \u00een Parlament \u00een cadrul partidelor SOS \u0219i POT. Cu toate acestea, deputatul AUR a ar\u0103tat c\u0103 exist\u0103 deschidere pentru dialog \u0219i cu al\u021bi parlamentari, inclusiv din arcul guvernamental.<\/p>\n<p data-start=\"1283\" data-end=\"1474\" id=\"p-3\">\u201e<strong>\u00cen perioada urm\u0103toare vom \u00eencerca s\u0103 o convingem inclusiv pe doamna Gavril\u0103 s\u0103 semneze al\u0103turi de noi acest demers, dar \u0219i pe al\u021bi parlamentari din arcul guvernamental<\/strong>\u201d, a mai spus Avr\u0103mu\u021b\u0103.<\/p>\n<p data-start=\"1476\" data-end=\"1864\" data-is-last-node data-is-only-node id=\"p-4\">Referindu-se la situa\u021bia din partidul SOS, deputatul AUR a men\u021bionat c\u0103, de\u0219i Diana \u0218o\u0219oac\u0103 ar fi pierdut o mare parte dintre parlamentarii forma\u021biunii, la nivelul Parlamentului exist\u0103 o colaborare bun\u0103 cu ace\u0219tia. \u201eAvem o colaborare foarte bun\u0103 cu colegii dumnea ei, care sunt oameni rezonabili \u0219i cu care, p\u00e2n\u0103 acum, am sus\u021binut demersurile de opozi\u021bie\u201d, a concluzionat \u0218tefan Avr\u0103mu\u021b\u0103.<\/p>\n<p data-start=\"1476\" data-end=\"1864\" data-is-last-node data-is-only-node id=\"p-5\">Senatorul <a href=\"https:\/\/www.mediafax.ro\/politic\/cerere-de-suspendare-a-presedintelui-nicusor-dan-in-parlament-initiatorii-invoca-ingerinte-in-justitie-23661772\">Ninel Peia<\/a>&nbsp;din Grupul parlamentar PACE \u2013 \u00cent\u00e2i Rom\u00e2nia<span class=\"cf2\">&nbsp;a anun<\/span><span class=\"cf3\">\u021bat c\u0103 un grup de parlamentari inten\u021bioneaz\u0103 s\u0103 ini\u021bieze suspendarea pre\u0219edintelui&nbsp;<a href=\"https:\/\/www.mediafax.ro\/politic\/discutiile-de-la-cotroceni-dintre-nicusor-dan-si-magistrati-s-au-incheiat-judecator-abuzurile-nu-sunt-identificate-si-corectate-din-interior-pentru-ca-puterea-este-concentrata-excesiv-la-v-23661928\">Nicu\u0219or Dan<\/a>.<\/span><\/p>\n<p data-start=\"1476\" data-end=\"1864\" data-is-last-node data-is-only-node id=\"p-6\"><span class=\"cf3\">Ninel Peia \u00eel acuz\u0103 pe Nicu\u0219or Dan de imixtiuni&nbsp;<\/span><span class=\"cf2\">\u00een func<\/span><span class=\"cf3\">\u021bionarea justi\u021biei, dup\u0103 ce \u0219eful statului a vorbit despre organizarea unui referendum printre magistra\u021bi.<\/span><\/p>\n<p data-start=\"1476\" data-end=\"1864\" data-is-last-node data-is-only-node id=\"p-7\">\u201e\u00cen temeiul prevederilor constitu\u021bionale,&nbsp;<strong>solicit\u0103m suspendarea din func\u021bie a pre\u0219edintelui Rom\u00e2niei,&nbsp;<a href=\"https:\/\/www.mediafax.ro\/politic\/nicusor-dan-anunta-un-referendum-in-corpul-magistratilor-daca-magistratii-considera-ca-csm-nu-actioneaza-in-interes-public-csm-va-pleca-de-urgenta-23661754\">Nicu\u0219or Dan<\/a>, ca urmare a unor fapte grave care afecteaz\u0103 func\u021bionarea statului de drept \u0219i independen\u021ba justi\u021biei<\/strong>\u201d, se arat\u0103 \u00een document.<\/p>\n","protected":false},"excerpt":{"rendered":"<p>Deputatul AUR \u0218tefan Avr\u0103mu\u021b\u0103 a precizat, mar\u021bi, c\u0103, \u00een acest moment, ini\u021biatorii demersului se pot baza pe aproximativ 120 de semn\u0103turi, num\u0103r care ar putea cre\u0219te la circa 140 \u00een &hellip; <a href=\"https:\/\/microscopemedia.com\/?p=667791\" class=\"more-link\">Read More<\/a><\/p>\n","protected":false},"author":1,"featured_media":667792,"comment_status":"closed","ping_status":"closed","sticky":false,"template":"Default","format":"standard","meta":[],"categories":[1],"tags":[],"_links":{"self":[{"href":"https:\/\/microscopemedia.com\/index.php?rest_route=\/wp\/v2\/posts\/667791"}],"collection":[{"href":"https:\/\/microscopemedia.com\/index.php?rest_route=\/wp\/v2\/posts"}],"about":[{"href":"https:\/\/microscopemedia.com\/index.php?rest_route=\/wp\/v2\/types\/post"}],"author":[{"embeddable":true,"href":"https:\/\/microscopemedia.com\/index.php?rest_route=\/wp\/v2\/users\/1"}],"replies":[{"embeddable":true,"href":"https:\/\/microscopemedia.com\/index.php?rest_route=%2Fwp%2Fv2%2Fcomments&post=667791"}],"version-history":[{"count":0,"href":"https:\/\/microscopemedia.com\/index.php?rest_route=\/wp\/v2\/posts\/667791\/revisions"}],"wp:featuredmedia":[{"embeddable":true,"href":"https:\/\/microscopemedia.com\/index.php?rest_route=\/wp\/v2\/media\/667792"}],"wp:attachment":[{"href":"https:\/\/microscopemedia.com\/index.php?rest_route=%2Fwp%2Fv2%2Fmedia&parent=667791"}],"wp:term":[{"taxonomy":"category","embeddable":true,"href":"https:\/\/microscopemedia.com\/index.php?rest_route=%2Fwp%2Fv2%2Fcategories&post=667791"},{"taxonomy":"post_tag","embeddable":true,"href":"https:\/\/microscopemedia.com\/index.php?rest_route=%2Fwp%2Fv2%2Ftags&post=667791"}],"curies":[{"name":"wp","href":"https:\/\/api.w.org\/{rel}","templated":true}]}}