{"id":667797,"date":"2025-12-23T12:46:05","date_gmt":"2025-12-23T12:46:05","guid":{"rendered":"https:\/\/microscopemedia.com\/?p=667797"},"modified":"2025-12-23T12:46:05","modified_gmt":"2025-12-23T12:46:05","slug":"catedrala-nationala-redeschisa-publicului-de-sarbatori-intervalul-orar-in-care-va-putea-fi-vizitata","status":"publish","type":"post","link":"https:\/\/microscopemedia.com\/?p=667797","title":{"rendered":"Catedrala Na\u021bional\u0103, redeschis\u0103 publicului de s\u0103rb\u0103tori. Intervalul orar \u00een care va putea fi vizitat\u0103"},"content":{"rendered":"<div><img decoding=\"async\" src=\"https:\/\/microscopemedia.com\/wp-content\/uploads\/2025\/12\/catedrala-nationala-redeschisa-publicului-de-sarbatori-intervalul-orar-in-care-va-putea-fi-vizitata.jpg\" class=\"ff-og-image-inserted\"><\/div>\n<p id=\"p-0\">Patriarhia Rom\u00e2n\u0103 anun\u021b\u0103 c\u0103 l\u0103ca\u0219ul de cult se redeschide publicului \u00een perioada <strong>24 decembrie 2025 \u2013 8 ianuarie 2026<\/strong>. Astfel, <span class=\"cf2\">pelerinii \u0219i vizitatorii din&nbsp;<\/span><span class=\"cf1\">\u00eentreaga&nbsp;<\/span><span class=\"cf2\">\u021bar\u0103 \u0219i din str\u0103in\u0103tate vor putea s\u0103 viziteze \u0219i s\u0103 se&nbsp;<\/span><span class=\"cf1\">\u00eenchine \u00een Catedrala Na<\/span><span class=\"cf2\">\u021bional\u0103.<\/span><\/p>\n<p id=\"p-1\"><span class=\"cf2\">Aceasta va fi deschis\u0103 zilnic&nbsp;<\/span><span class=\"cf1\">\u00eentre orele 9.00&nbsp;<\/span><span class=\"cf2\">\u0219i 17.00.&nbsp;<\/span><\/p>\n<p id=\"p-2\">\u201ePatriarhia Rom\u00e2n\u0103 reaminte\u015fte tuturor credincio\u015filor care doresc s\u0103 viziteze Catedrala Na\u0163ional\u0103 c\u0103 aceasta va fi deschis\u0103 zilnic, \u00een intervalul orar 9:00-17:00, \u00een perioada 24 decembrie 2025 \u2013 8 ianuarie 2026. Astfel, \u00een perioada s\u0103rb\u0103torii Na\u015fterii Domnului, a Anului Nou \u015fi a Botezului Domnului, pelerinii \u015fi vizitatorii din \u00eentreaga \u0163ar\u0103 \u015fi din str\u0103in\u0103tate vor putea s\u0103 viziteze \u015fi s\u0103 se \u00eenchine \u00een Catedrala Na\u0163ional\u0103\u201d, precizeaz\u0103 Patriarhia.<\/p>\n<p id=\"p-3\">De men\u021bionat \u00een acest sens este faptul c\u0103 \u00een perioada men\u021bionat\u0103 nu se vor \u021bine slujbe liturgice, Catedrala fiind deschis\u0103 doar pentru vizitare.<\/p>\n<p id=\"p-4\">Catedrala Na\u0163ional\u0103 va fi deschis\u0103 \u00een perioada men\u0163ionat\u0103 doar pentru vizitare, nu \u015fi pentru s\u0103v\u00e2r\u015firea slujbelor liturgice, acestea fiind s\u0103v\u00e2r\u0219ite \u00een Catedrala Patriarhal\u0103 istoric\u0103 Sfin\u021bii \u00cemp\u0103ra\u021bi Constantin \u0219i Elena, de pe Colina Patriarhiei, \u015fi la Paraclisul&nbsp;Catedralei M\u00e2ntuirii Neamului, se mai arat\u0103 \u00een anun\u021bul Patriarhiei, potrivit Basilica.<\/p>\n<p id=\"p-5\"><span class=\"cf1\">Catedrala Na<\/span><span class=\"cf2\">\u021bional\u0103 va fi&nbsp;<\/span><span class=\"cf1\">\u00eenchis<\/span><span class=\"cf2\">\u0103, din nou, din 9 ianuarie 2026, pentru continuarea lucr\u0103rilor la interior.<\/span><\/p>\n","protected":false},"excerpt":{"rendered":"<p>Patriarhia Rom\u00e2n\u0103 anun\u021b\u0103 c\u0103 l\u0103ca\u0219ul de cult se redeschide publicului \u00een perioada 24 decembrie 2025 \u2013 8 ianuarie 2026. Astfel, pelerinii \u0219i vizitatorii din&nbsp;\u00eentreaga&nbsp;\u021bar\u0103 \u0219i din str\u0103in\u0103tate vor putea s\u0103 &hellip; <a href=\"https:\/\/microscopemedia.com\/?p=667797\" class=\"more-link\">Read More<\/a><\/p>\n","protected":false},"author":1,"featured_media":667798,"comment_status":"closed","ping_status":"closed","sticky":false,"template":"Default","format":"standard","meta":[],"categories":[1],"tags":[],"_links":{"self":[{"href":"https:\/\/microscopemedia.com\/index.php?rest_route=\/wp\/v2\/posts\/667797"}],"collection":[{"href":"https:\/\/microscopemedia.com\/index.php?rest_route=\/wp\/v2\/posts"}],"about":[{"href":"https:\/\/microscopemedia.com\/index.php?rest_route=\/wp\/v2\/types\/post"}],"author":[{"embeddable":true,"href":"https:\/\/microscopemedia.com\/index.php?rest_route=\/wp\/v2\/users\/1"}],"replies":[{"embeddable":true,"href":"https:\/\/microscopemedia.com\/index.php?rest_route=%2Fwp%2Fv2%2Fcomments&post=667797"}],"version-history":[{"count":0,"href":"https:\/\/microscopemedia.com\/index.php?rest_route=\/wp\/v2\/posts\/667797\/revisions"}],"wp:featuredmedia":[{"embeddable":true,"href":"https:\/\/microscopemedia.com\/index.php?rest_route=\/wp\/v2\/media\/667798"}],"wp:attachment":[{"href":"https:\/\/microscopemedia.com\/index.php?rest_route=%2Fwp%2Fv2%2Fmedia&parent=667797"}],"wp:term":[{"taxonomy":"category","embeddable":true,"href":"https:\/\/microscopemedia.com\/index.php?rest_route=%2Fwp%2Fv2%2Fcategories&post=667797"},{"taxonomy":"post_tag","embeddable":true,"href":"https:\/\/microscopemedia.com\/index.php?rest_route=%2Fwp%2Fv2%2Ftags&post=667797"}],"curies":[{"name":"wp","href":"https:\/\/api.w.org\/{rel}","templated":true}]}}