{"id":667801,"date":"2025-12-23T13:16:04","date_gmt":"2025-12-23T13:16:04","guid":{"rendered":"https:\/\/microscopemedia.com\/?p=667801"},"modified":"2025-12-23T13:16:04","modified_gmt":"2025-12-23T13:16:04","slug":"dan-armeanu-vicepresedinte-asf-dupa-votul-final-din-parlament-asupa-legii-de-plata-moment-istoric-pentru-sistemul-de-pensii-private-din-romania","status":"publish","type":"post","link":"https:\/\/microscopemedia.com\/?p=667801","title":{"rendered":"Dan Armeanu, vicepre\u0219edinte ASF, dup\u0103 votul final din Parlament asupa legii de plat\u0103: \u201eMoment istoric pentru sistemul de pensii private din Rom\u00e2nia\u201d"},"content":{"rendered":"<div><img decoding=\"async\" src=\"https:\/\/microscopemedia.com\/wp-content\/uploads\/2025\/12\/dan-armeanu-vicepresedinte-asf-dupa-votul-final-din-parlament-asupa-legii-de-plata-moment-istoric-pentru-sistemul-de-pensii-private-din-romania.jpg\" class=\"ff-og-image-inserted\"><\/div>\n<p id=\"p-0\"><a href=\"https:\/\/www.mediafax.ro\/economic\/legea-care-stabileste-modul-in-care-se-vor-plati-pensiile-private-a-primit-votul-final-in-parlament-dupa-decizia-ccr-actul-normativ-poate-merge-la-promulgare-23662540\">Adoptarea legii privind plata pensiilor private<\/a>, elaborat\u0103 de ASF, reprezint\u0103 un moment istoric pentru sistemul de pensii private din Rom\u00e2nia \u0219i putem afirma c\u0103 arhitectura complet\u0103 a sistemului este ast\u0103zi consolidat\u0103 printr-un mecanism de plat\u0103 validat \u0219i robust, care confer\u0103 soliditate \u0219i predictibilitate pe termen lung, a declarat vicepre\u0219edintele ASF.<\/p>\n<p id=\"p-1\">Mai mult, subliniaz\u0103 Dan Armeanu, acest mecanism de plat\u0103 a pensiilor nu doar protejeaz\u0103 interesele participan\u021bilor, ci asigur\u0103 transformarea economiilor acumulate \u00eentr-o pensie sigur\u0103 \u0219i sustenabil\u0103, contribuind la stabilitatea financiar\u0103 \u0219i la dezvoltarea economiei na\u021bionale.<\/p>\n<blockquote readability=\"12.565977742448\">\n<p id=\"p-2\">\u201eSistemul de pensii private devine astfel un pilon strategic, capabil s\u0103 sus\u021bin\u0103 cre\u0219terea economic\u0103 \u0219i s\u0103 ofere \u00eencredere \u00eentr-un cadru reglementat conform celor mai bune practici interna\u021bionale. Decizia Parlamentului Rom\u00e2niei marcheaz\u0103 un pas esen\u021bial pentru sistemul de pensii private, confirm\u00e2nd soliditatea mecanismului de plat\u0103 a pensiilor private \u00een forma prezentat\u0103 de A.S.F. la O.C.D.E. Aceast\u0103 reglementare respect\u0103 bunele practici, principiile Uniunii Europene \u0219i standardele O.C.D.E., consolid\u00e2nd protec\u021bia participan\u021bilor \u0219i sustenabilitatea sistemului\u201d, a declarat <a href=\"https:\/\/www.mediafax.ro\/economic\/prima-reactie-a-asf-dupa-anuntul-ccr-dan-armeanu-decizia-ccr-confirma-ca-mecanismul-de-plata-a-pensiilor-private-este-constitutional-intarind-astfel-propunerea-initiala-a-asf-23648372\">vicepre\u0219edintele ASF<\/a>.<\/p>\n<\/blockquote>\n<h2 id=\"chapter-0\">Obiectivele ASF<\/h2>\n<p id=\"p-3\">Potrivit lui Dan Armeanu, acest moment istoric pentru sistemul de pensii private din Rom\u00e2nia se suprapune cu un alt reper de excep\u021bie: atingerea unei performan\u021be record, prin dep\u0103\u0219irea pragului de 200 miliarde lei active totale, echivalentul a peste 11% din PIB, dou\u0103 borne majore care marcheaz\u0103 maturitatea deplin\u0103 a arhitecturii sistemului \u0219i confirm\u0103 rolul s\u0103u strategic \u00een economia na\u021bional\u0103.<\/p>\n<p id=\"p-4\">\u201eEste dovada c\u0103 Rom\u00e2nia nu doar a construit un mecanism solid \u0219i predictibil, ci a reu\u0219it s\u0103 transforme economiile participan\u021bilor \u00eentr-un pilon de stabilitate \u0219i dezvoltare\u201d, consider\u0103 Dan Armeanu.<\/p>\n<p id=\"p-5\">\u00cen elaborarea proiectului, A.S.F. a avut \u00een vedere:<\/p>\n<ul>\n<li>Respectarea standardelor interna\u021bionale \u0219i a bunelor practici O.C.D.E., \u00een contextul angajamentului Rom\u00e2niei de aderare la O.C.D.E.;<\/li>\n<li>Protejarea intereselor participan\u021bilor, prin transformarea economiilor acumulate \u00eentr-o pensie sigur\u0103 \u0219i predictibil\u0103;<\/li>\n<li>Aplicarea principiului propor\u021bionalit\u0103\u021bii, oferind flexibilitate \u00een op\u021biunile de plat\u0103, men\u021bin\u00e2nd sustenabilitatea sistemului;<\/li>\n<li>Respectarea integral\u0103 a dreptului de proprietate, a dreptului de garan\u021bie \u0219i a dreptului de mo\u0219tenire, precum \u0219i conformitatea cu principiile constitu\u021bionale, aplicabile tuturor categoriilor de pensii private.<\/li>\n<\/ul>\n<p id=\"p-6\">Dan Armeanu subliniaz\u0103 faptul c\u0103, prin decizia din 25 noiembrie, ca urmare a celor dou\u0103 sesiz\u0103ri de cosntitu\u021bionalitate depuse, <a href=\"https:\/\/www.mediafax.ro\/economic\/legea-privind-plata-pensiilor-private-intarziata-14-ani-cu-un-pas-mai-aproape-de-implementare-ce-urmeaza-dupa-publicarea-deciziei-ccr-in-monitorul-oficial-23657157\">Curtea Constitu\u021bional\u0103 a validat \u00een totalitate forma ini\u021bial\u0103 propus\u0103<\/a> de A.S.F., singura prevedere declarat\u0103 neconstitu\u021bional\u0103 fiind un amendament introdus ulterior \u00een Parlament. Rom\u00e2nia dispune ast\u0103zi de una dintre cele mai echilibrate reglement\u0103ri din regiune, care va deveni un model de bune practici pentru statele O.C.D.E. Acest pas ne aduce \u0219i mai aproape de obiectivul strategic al ader\u0103rii Rom\u00e2niei la O.C.D.E.<\/p>\n<p id=\"p-7\">\u201eValidarea de c\u0103tre Curtea Constitu\u021bional\u0103 confirm\u0103 nu doar constitu\u021bionalitatea, ci \u0219i calitatea acestui mecanism, apreciat inclusiv la nivelul O.C.D.E. Odat\u0103 cu adoptarea Legii privind plata pensiilor private, am speran\u021ba c\u0103 acest pas va aduce claritate inclusiv pentru cei care nu au \u00een\u021beles p\u00e2n\u0103 acum principiile de func\u021bionare ale sistemului. Este un moment care consolideaz\u0103 \u00eencrederea participan\u021bilor \u0219i confirm\u0103 soliditatea \u0219i predictibilitatea mecanismului de plat\u0103, fundamentat pe bune practici interna\u021bionale. Sunt convins c\u0103 aceast\u0103 reglementare va contribui la educa\u021bia \u0219i stabilitatea financiar\u0103 \u0219i la cre\u0219terea \u00eencrederii \u00een sistemul de pensii private\u201d, a conchis Dan Armeanu.<\/p>\n<p id=\"p-8\">&nbsp;<\/p>\n<p id=\"p-9\">&nbsp;<\/p>\n","protected":false},"excerpt":{"rendered":"<p>Adoptarea legii privind plata pensiilor private, elaborat\u0103 de ASF, reprezint\u0103 un moment istoric pentru sistemul de pensii private din Rom\u00e2nia \u0219i putem afirma c\u0103 arhitectura complet\u0103 a sistemului este ast\u0103zi &hellip; <a href=\"https:\/\/microscopemedia.com\/?p=667801\" class=\"more-link\">Read More<\/a><\/p>\n","protected":false},"author":1,"featured_media":667802,"comment_status":"closed","ping_status":"closed","sticky":false,"template":"Default","format":"standard","meta":[],"categories":[1],"tags":[],"_links":{"self":[{"href":"https:\/\/microscopemedia.com\/index.php?rest_route=\/wp\/v2\/posts\/667801"}],"collection":[{"href":"https:\/\/microscopemedia.com\/index.php?rest_route=\/wp\/v2\/posts"}],"about":[{"href":"https:\/\/microscopemedia.com\/index.php?rest_route=\/wp\/v2\/types\/post"}],"author":[{"embeddable":true,"href":"https:\/\/microscopemedia.com\/index.php?rest_route=\/wp\/v2\/users\/1"}],"replies":[{"embeddable":true,"href":"https:\/\/microscopemedia.com\/index.php?rest_route=%2Fwp%2Fv2%2Fcomments&post=667801"}],"version-history":[{"count":0,"href":"https:\/\/microscopemedia.com\/index.php?rest_route=\/wp\/v2\/posts\/667801\/revisions"}],"wp:featuredmedia":[{"embeddable":true,"href":"https:\/\/microscopemedia.com\/index.php?rest_route=\/wp\/v2\/media\/667802"}],"wp:attachment":[{"href":"https:\/\/microscopemedia.com\/index.php?rest_route=%2Fwp%2Fv2%2Fmedia&parent=667801"}],"wp:term":[{"taxonomy":"category","embeddable":true,"href":"https:\/\/microscopemedia.com\/index.php?rest_route=%2Fwp%2Fv2%2Fcategories&post=667801"},{"taxonomy":"post_tag","embeddable":true,"href":"https:\/\/microscopemedia.com\/index.php?rest_route=%2Fwp%2Fv2%2Ftags&post=667801"}],"curies":[{"name":"wp","href":"https:\/\/api.w.org\/{rel}","templated":true}]}}