{"id":667805,"date":"2025-12-23T13:36:04","date_gmt":"2025-12-23T13:36:04","guid":{"rendered":"https:\/\/microscopemedia.com\/?p=667805"},"modified":"2025-12-23T13:36:04","modified_gmt":"2025-12-23T13:36:04","slug":"noii-ministri-ai-economiei-si-apararii-au-depus-juramantul-la-palatul-cotroceni","status":"publish","type":"post","link":"https:\/\/microscopemedia.com\/?p=667805","title":{"rendered":"Noii mini\u0219tri ai Economiei \u0219i Ap\u0103r\u0103rii au depus jur\u0103m\u00e2ntul la Palatul Cotroceni"},"content":{"rendered":"<div><img decoding=\"async\" src=\"https:\/\/microscopemedia.com\/wp-content\/uploads\/2025\/12\/noii-ministri-ai-economiei-si-apararii-au-depus-juramantul-la-palatul-cotroceni.webp\" class=\"ff-og-image-inserted\"><\/div>\n<p id=\"p-0\">Radu Miru\u021b\u0103 \u0219i Irineu Dar\u0103u au depus jur\u0103m\u00e2ntul de \u00eenvestitur\u0103 \u00een func\u021biile de mini\u0219tri ai Economiei \u0219i Ap\u0103r\u0103rii. Ceremonia a avut loc la Palatul Cotroceni \u00een prezen\u021ba pre\u0219edintelui Nicu\u0219or Dan.<\/p>\n<p id=\"p-1\"><a href=\"https:\/\/www.mediafax.ro\/politic\/miruta-si-darau-depun-marti-juramantul-de-investire-ca-ministri-ai-economiei-si-apararii-23662544\"> Ceremonia<\/a> a \u021binut c\u00e2teva minute \u0219i nu a fost urmat\u0103 de un discurs al pre\u0219edintelui.<\/p>\n<p id=\"p-2\">Comitetul Politic al USR, \u00eentrunit online, a validat vineri propunerile pentru conducerea Ministerului Ap\u0103r\u0103rii Na\u021bionale \u0219i a Ministerului Economiei, Digitaliz\u0103rii, Antreprenoriatului \u0219i Turismului.<\/p>\n<p id=\"p-3\">Radu Miru\u021b\u0103 a fost validat ca propunere pentru func\u021bia de ministru al Ap\u0103r\u0103rii, urm\u00e2nd s\u0103 de\u021bin\u0103 \u0219i func\u021bia de vicepremier. Pentru ministerul Economiei a fost validat senatorul USR de Bra\u0219ov, Irineu Dar\u0103u.<\/p>\n<p id=\"p-4\">Propunerile au fost validate cu 81,22% din voturi \u201epentru\u201d, 4,42% \u201econtra\u201d \u0219i 14,36% \u201eab\u021binere\u201d.<\/p>\n<p id=\"p-5\">Radu Miru\u021b\u0103 este deputat USR la al doilea mandat. Este doctor \u00een Telecomunica\u021bii \u0219i absolvent al Facult\u0103\u021bii de Drept. \u00cen actualul mandat de ministru al Economiei, a participat la negocierile privind pachetul de finan\u021bare european\u0103 SAFE, prin care Rom\u00e2niei \u00eei sunt alocate peste 16,6 miliarde de euro pentru proiecte din domeniul ap\u0103r\u0103rii.<\/p>\n<p id=\"p-6\">Irineu Dar\u0103u este liderul filialei USR Bra\u0219ov. Este absolvent al Facult\u0103\u021bii de Matematic\u0103 \u0219i Informatic\u0103 a Universit\u0103\u021bii din Bucure\u0219ti \u0219i conduce Comisia pentru \u00eenv\u0103\u021b\u0103m\u00e2nt, \u0219tiin\u021b\u0103 \u0219i inovare din Senat. De asemenea, este membru \u00een mai multe comisii cu profil economic \u0219i social.<\/p>\n<p id=\"p-7\">Ionu\u021b Mo\u0219teanu \u0219i-a dat demisia din func\u021bia de ministru al Ap\u0103r\u0103rii, \u00een urm\u0103 cu aproape o lun\u0103, dup\u0103 un scandal privind studiile trecute \u00een CV.<\/p>\n","protected":false},"excerpt":{"rendered":"<p>Radu Miru\u021b\u0103 \u0219i Irineu Dar\u0103u au depus jur\u0103m\u00e2ntul de \u00eenvestitur\u0103 \u00een func\u021biile de mini\u0219tri ai Economiei \u0219i Ap\u0103r\u0103rii. Ceremonia a avut loc la Palatul Cotroceni \u00een prezen\u021ba pre\u0219edintelui Nicu\u0219or Dan. &hellip; <a href=\"https:\/\/microscopemedia.com\/?p=667805\" class=\"more-link\">Read More<\/a><\/p>\n","protected":false},"author":1,"featured_media":667806,"comment_status":"closed","ping_status":"closed","sticky":false,"template":"Default","format":"standard","meta":[],"categories":[1],"tags":[],"_links":{"self":[{"href":"https:\/\/microscopemedia.com\/index.php?rest_route=\/wp\/v2\/posts\/667805"}],"collection":[{"href":"https:\/\/microscopemedia.com\/index.php?rest_route=\/wp\/v2\/posts"}],"about":[{"href":"https:\/\/microscopemedia.com\/index.php?rest_route=\/wp\/v2\/types\/post"}],"author":[{"embeddable":true,"href":"https:\/\/microscopemedia.com\/index.php?rest_route=\/wp\/v2\/users\/1"}],"replies":[{"embeddable":true,"href":"https:\/\/microscopemedia.com\/index.php?rest_route=%2Fwp%2Fv2%2Fcomments&post=667805"}],"version-history":[{"count":0,"href":"https:\/\/microscopemedia.com\/index.php?rest_route=\/wp\/v2\/posts\/667805\/revisions"}],"wp:featuredmedia":[{"embeddable":true,"href":"https:\/\/microscopemedia.com\/index.php?rest_route=\/wp\/v2\/media\/667806"}],"wp:attachment":[{"href":"https:\/\/microscopemedia.com\/index.php?rest_route=%2Fwp%2Fv2%2Fmedia&parent=667805"}],"wp:term":[{"taxonomy":"category","embeddable":true,"href":"https:\/\/microscopemedia.com\/index.php?rest_route=%2Fwp%2Fv2%2Fcategories&post=667805"},{"taxonomy":"post_tag","embeddable":true,"href":"https:\/\/microscopemedia.com\/index.php?rest_route=%2Fwp%2Fv2%2Ftags&post=667805"}],"curies":[{"name":"wp","href":"https:\/\/api.w.org\/{rel}","templated":true}]}}