{"id":667815,"date":"2025-12-23T14:46:05","date_gmt":"2025-12-23T14:46:05","guid":{"rendered":"https:\/\/microscopemedia.com\/?p=667815"},"modified":"2025-12-23T14:46:05","modified_gmt":"2025-12-23T14:46:05","slug":"germania-reia-expulzarile-catre-siria-dupa-aproape-15-ani","status":"publish","type":"post","link":"https:\/\/microscopemedia.com\/?p=667815","title":{"rendered":"Germania reia expulz\u0103rile c\u0103tre Siria dup\u0103 aproape 15 ani"},"content":{"rendered":"<div><img decoding=\"async\" src=\"https:\/\/microscopemedia.com\/wp-content\/uploads\/2025\/12\/germania-reia-expulzarile-catre-siria-dupa-aproape-15-ani.jpg\" class=\"ff-og-image-inserted\"><\/div>\n<p data-start=\"232\" data-end=\"435\" id=\"p-0\">B\u0103rbatul a fost predat autorit\u0103\u021bilor din capitala Siriei mar\u021bi diminea\u021b\u0103, a precizat Ministerul german de Interne, ad\u0103ug\u00e2nd c\u0103 acesta isp\u0103\u0219ise o pedeaps\u0103 cu \u00eenchisoarea pentru t\u00e2lh\u0103rie calificat\u0103, agresiune \u0219i \u0219antaj, conform agen\u021biei dpa.<\/p>\n<p data-start=\"437\" data-end=\"633\" id=\"p-1\">Tot mar\u021bi, un cet\u0103\u021bean afgan condamnat pentru v\u0103t\u0103mare corporal\u0103 a fost, de asemenea, expulzat.<\/p>\n<p data-start=\"635\" data-end=\"914\" id=\"p-2\">\u201eExpulz\u0103rile c\u0103tre Siria \u0219i Afganistan trebuie s\u0103 fie posibile. Societatea noastr\u0103 are un interes legitim ca infractorii s\u0103 p\u0103r\u0103seasc\u0103 \u021bara\u201d, a declarat ministrul german de Interne, Alexander Dobrindt, promi\u021b\u00e2nd \u201econtroale, consecven\u021b\u0103 \u0219i o pozi\u021bie clar\u0103\u201d \u00een privin\u021ba migra\u021biei.<\/p>\n<p data-start=\"916\" data-end=\"1124\" id=\"p-3\"><a href=\"https:\/\/www.mediafax.ro\/externe\/extrema-dreapta-din-germania-acuzata-ca-strange-informatii-pentru-moscova-un-parlamentar-afd-se-apara-nu-este-treaba-mea-sa-mi-limitez-intrebarile-23662469\">Germania<\/a> a suspendat expulz\u0103rile directe c\u0103tre Siria dup\u0103 izbucnirea r\u0103zboiului \u00een 2011, \u00een urma reprim\u0103rii violente a protestelor pro-democra\u021bie de c\u0103tre regimul Bashar al-Assad.<\/p>\n<p data-start=\"1126\" data-end=\"1449\" id=\"p-4\">Dup\u0103 ce Bashar al-Assad a fost \u00eenl\u0103turat de la putere la sf\u00e2r\u0219itul anului trecut, \u00een Germania au ap\u0103rut apeluri tot mai frecvente pentru ca refugia\u021bii sirieni s\u0103 se \u00eentoarc\u0103 \u00een \u021bar\u0103.<\/p>\n<h2 data-start=\"635\" data-end=\"914\" id=\"chapter-0\">Guvernul Merz a adoptat o politic\u0103 mai dur\u0103 \u00een privin\u021ba migra\u021biei<\/h2>\n<p data-start=\"1451\" data-end=\"1707\" id=\"p-5\">Guvernul conservator condus de cancelarul Friedrich Merz, instalat \u00een func\u021bie \u00een luna mai, a adoptat o linie mai dur\u0103 \u00een privin\u021ba migra\u021biei, angaj\u00e2ndu-se s\u0103 reia expulz\u0103rile c\u0103tre Siria \u0219i Afganistan, \u00eencep\u00e2nd cu persoanele condamnate penal.<\/p>\n<p data-start=\"1929\" data-end=\"2221\" id=\"p-6\">Dup\u0103 luni de negocieri, oficialii germani au ajuns la acorduri cu noul guvern al Siriei, precum \u0219i cu regimul taliban din Afganistan, pentru a facilita, \u00een mod regulat, expulzarea infractorilor condamna\u021bi \u0219i a persoanelor considerate un risc de securitate, potrivit ministerului.<\/p>\n<p data-start=\"2223\" data-end=\"2400\" id=\"p-7\">M\u0103sura vine dup\u0103 ce <a href=\"https:\/\/www.mediafax.ro\/externe\/repatrierea-refugiatilor-sirieni-din-germania-pe-agenda-lui-merz-razboiul-civil-s-a-terminat-23636209\">Merz<\/a> declara, \u00een noiembrie, c\u0103 va face personal demersuri pe l\u00e2ng\u0103 pre\u0219edintele sirian Ahmed al-Sharaa pentru reluarea rapid\u0103 a expulz\u0103rilor c\u0103tre Siria.<\/p>\n<p data-start=\"2402\" data-end=\"2569\" id=\"p-8\">\u201eR\u0103zboiul civil din Siria s-a \u00eencheiat. Nu mai exist\u0103 motive pentru azil \u00een Germania\u201d, a afirmat Merz la \u00eenceputul lunii noiembrie.<\/p>\n<p data-start=\"2571\" data-end=\"2675\" data-is-last-node data-is-only-node id=\"p-9\">Ulterior, acesta a precizat c\u0103 Germania \u201enu va expulza\u201d persoanele persecutate politic sau religios.<\/p>\n","protected":false},"excerpt":{"rendered":"<p>B\u0103rbatul a fost predat autorit\u0103\u021bilor din capitala Siriei mar\u021bi diminea\u021b\u0103, a precizat Ministerul german de Interne, ad\u0103ug\u00e2nd c\u0103 acesta isp\u0103\u0219ise o pedeaps\u0103 cu \u00eenchisoarea pentru t\u00e2lh\u0103rie calificat\u0103, agresiune \u0219i \u0219antaj, &hellip; <a href=\"https:\/\/microscopemedia.com\/?p=667815\" class=\"more-link\">Read More<\/a><\/p>\n","protected":false},"author":1,"featured_media":667816,"comment_status":"closed","ping_status":"closed","sticky":false,"template":"Default","format":"standard","meta":[],"categories":[1],"tags":[],"_links":{"self":[{"href":"https:\/\/microscopemedia.com\/index.php?rest_route=\/wp\/v2\/posts\/667815"}],"collection":[{"href":"https:\/\/microscopemedia.com\/index.php?rest_route=\/wp\/v2\/posts"}],"about":[{"href":"https:\/\/microscopemedia.com\/index.php?rest_route=\/wp\/v2\/types\/post"}],"author":[{"embeddable":true,"href":"https:\/\/microscopemedia.com\/index.php?rest_route=\/wp\/v2\/users\/1"}],"replies":[{"embeddable":true,"href":"https:\/\/microscopemedia.com\/index.php?rest_route=%2Fwp%2Fv2%2Fcomments&post=667815"}],"version-history":[{"count":0,"href":"https:\/\/microscopemedia.com\/index.php?rest_route=\/wp\/v2\/posts\/667815\/revisions"}],"wp:featuredmedia":[{"embeddable":true,"href":"https:\/\/microscopemedia.com\/index.php?rest_route=\/wp\/v2\/media\/667816"}],"wp:attachment":[{"href":"https:\/\/microscopemedia.com\/index.php?rest_route=%2Fwp%2Fv2%2Fmedia&parent=667815"}],"wp:term":[{"taxonomy":"category","embeddable":true,"href":"https:\/\/microscopemedia.com\/index.php?rest_route=%2Fwp%2Fv2%2Fcategories&post=667815"},{"taxonomy":"post_tag","embeddable":true,"href":"https:\/\/microscopemedia.com\/index.php?rest_route=%2Fwp%2Fv2%2Ftags&post=667815"}],"curies":[{"name":"wp","href":"https:\/\/api.w.org\/{rel}","templated":true}]}}