{"id":667817,"date":"2025-12-23T15:06:04","date_gmt":"2025-12-23T15:06:04","guid":{"rendered":"https:\/\/microscopemedia.com\/?p=667817"},"modified":"2025-12-23T15:06:04","modified_gmt":"2025-12-23T15:06:04","slug":"luca-niculescu-coordonatorul-national-pentru-aderarea-la-ocde-dupa-adoptarea-legii-privind-plata-pensiilor-private-demonstram-ca-ne-aliniem-la-bune-practici-internationale","status":"publish","type":"post","link":"https:\/\/microscopemedia.com\/?p=667817","title":{"rendered":"Luca Niculescu, coordonatorul na\u021bional pentru aderarea la OCDE, dup\u0103 adoptarea legii privind plata pensiilor private: \u201eDemonstr\u0103m c\u0103 ne aliniem la bune practici interna\u021bionale\u201d"},"content":{"rendered":"<div><img decoding=\"async\" src=\"https:\/\/microscopemedia.com\/wp-content\/uploads\/2025\/12\/luca-niculescu-coordonatorul-national-pentru-aderarea-la-ocde-dupa-adoptarea-legii-privind-plata-pensiilor-private-demonstram-ca-ne-aliniem-la-bune-practici-internationale.jpg\" class=\"ff-og-image-inserted\"><\/div>\n<p id=\"p-0\">Legea privind plata pensiilor private, adoptat\u0103, mar\u021bi, de Camera Deputa\u021bilor,, dup\u0103 ce a fost <a href=\"https:\/\/www.mediafax.ro\/economic\/legea-care-stabileste-modul-in-care-se-vor-plati-pensiile-private-a-primit-votul-final-in-parlament-dupa-decizia-ccr-actul-normativ-poate-merge-la-promulgare-23662540\">armonizat\u0103 cu decizia Cur\u021bii Constitu\u021bionale a Rom\u00e2niei<\/a>, este a\u0219teptat de 14 ani.<\/p>\n<p id=\"p-1\">Conform prevederilor ini\u021biale ale reformei sistemului de pensii, legea de plat\u0103 a pensiilor private trebuia adoptat\u0103 din 2011, dup\u0103 trei ani de la \u00eenfiin\u021barea fondurilor de pensii private \u00een 2008.<\/p>\n<p id=\"p-2\">\u00cen esen\u021b\u0103, ale\u0219ii au votat excluderea unui singur aliniat din legea contestat\u0103 la CCR de \u00cenalta Curte de Casa\u021bia \u0219i Justi\u021bie (ICCJ) \u0219i grupulul parlamenta al Alian\u021bei pentru Unirea Rom\u00e2nilor (AUR).<\/p>\n<p id=\"p-3\">Proiectul, adoptat ini\u021bial pe 16 octombrie de Camera Deputa\u021bilor, \u00een calitate de for decizional, a fost elaborat de <a href=\"https:\/\/www.mediafax.ro\/economic\/dan-armeanu-vicepresedinte-asf-dupa-votul-final-din-parlament-asupa-legii-de-plata-moment-istoric-pentru-sistemul-de-pensii-private-din-romania-23662630\">Autoritatea de Supraveghere Financiar\u0103 (ASF)<\/a> &nbsp;\u0219i pus pe traseul legislativ de Ministerul Muncii \u00een luna august \u00een contextul \u00een care elaborarea acestei ultime etape a reformei sistemului de pensii este parte din demersurile pentru aderarea Rom\u00e2niei la Organiza\u021biei pentru Cooperare \u0219i Dezvoltare Economic\u0103 (OCDE). Termenul asumat oficial de statul rom\u00e2n pentru intrarea \u00een OCDE este sf\u00e2r\u0219itul anul 2026.<\/p>\n<h2 id=\"chapter-0\">\u201eSuntem cu un pas mai aproape de aderarea la OCDE\u201d<\/h2>\n<p id=\"p-4\">\u201ePrin adoptarea de c\u0103tre Parlament a legii privind plata pensiilor private, \u00een aplicarea deciziei CCR,&nbsp; suntem cu un pas mai aproape de aderarea la OCDE. Dup\u0103 cum \u0219ti\u021bi, \u00een contextul procesului de aderare la Organiza\u021bie, legisla\u021bia \u0219i politicile na\u021bionale au fost evaluate \u00een raport cu standardele OCDE \u0219i cele mai bune practici \u00eentr-o serie de domenii, inclusiv pensiile private. Iar adoptarea legii r\u0103spunde unei recomand\u0103ri prioritare primite de la Organiza\u021bie \u00een cadrul procesului de evaluare\u201d, a declarat <a href=\"https:\/\/www.mediafax.ro\/economic\/cat-de-importanta-este-legea-de-plata-a-pensiilor-private-pentru-intrarea-romaniei-in-ocde-declaratiile-secretarului-de-stat-luca-niculescu-mae-coordonatorul-procesului-de-aderare-23597782\">Luca Niculescu<\/a>, pentru Mediafax.<\/p>\n<blockquote readability=\"13\">\n<p id=\"p-5\">\u201eAlinierea la standardele OCDE, prin adoptarea legii, va permite atingerea obiectivelor de asigurare a stabilit\u0103\u021bii sistemului \u0219i predictibilit\u0103\u021bii financiare pentru beneficiari. Sunt principii esen\u021biale promovate de c\u0103tre Organiza\u021bie \u00een domeniul pensiilor private. De asemenea, prin adoptarea legii de c\u0103tre Parlament, demonstr\u0103m c\u0103 ne aliniem la bune practici interna\u021bionale \u0219i c\u0103 suntem hot\u0103r\u00e2\u021bi s\u0103 implement\u0103m reformele necesare pentru a avansa \u00een procesul de aderare la OCDE\u201d, consider\u0103 coordonatorul na\u021bional pentru procesul de aderare a Rom\u00e2niei la OCDE.<\/p>\n<\/blockquote>\n<p id=\"p-6\">Proiectul urmeaz\u0103 s\u0103 fie trimis la Palatul Cotroceni \u0219i va intra \u00een vigoare la un an de la publicarea \u00een Monitorul Oficial.<\/p>\n<p id=\"p-7\">&nbsp;<\/p>\n","protected":false},"excerpt":{"rendered":"<p>Legea privind plata pensiilor private, adoptat\u0103, mar\u021bi, de Camera Deputa\u021bilor,, dup\u0103 ce a fost armonizat\u0103 cu decizia Cur\u021bii Constitu\u021bionale a Rom\u00e2niei, este a\u0219teptat de 14 ani. Conform prevederilor ini\u021biale ale &hellip; <a href=\"https:\/\/microscopemedia.com\/?p=667817\" class=\"more-link\">Read More<\/a><\/p>\n","protected":false},"author":1,"featured_media":667818,"comment_status":"closed","ping_status":"closed","sticky":false,"template":"Default","format":"standard","meta":[],"categories":[1],"tags":[],"_links":{"self":[{"href":"https:\/\/microscopemedia.com\/index.php?rest_route=\/wp\/v2\/posts\/667817"}],"collection":[{"href":"https:\/\/microscopemedia.com\/index.php?rest_route=\/wp\/v2\/posts"}],"about":[{"href":"https:\/\/microscopemedia.com\/index.php?rest_route=\/wp\/v2\/types\/post"}],"author":[{"embeddable":true,"href":"https:\/\/microscopemedia.com\/index.php?rest_route=\/wp\/v2\/users\/1"}],"replies":[{"embeddable":true,"href":"https:\/\/microscopemedia.com\/index.php?rest_route=%2Fwp%2Fv2%2Fcomments&post=667817"}],"version-history":[{"count":0,"href":"https:\/\/microscopemedia.com\/index.php?rest_route=\/wp\/v2\/posts\/667817\/revisions"}],"wp:featuredmedia":[{"embeddable":true,"href":"https:\/\/microscopemedia.com\/index.php?rest_route=\/wp\/v2\/media\/667818"}],"wp:attachment":[{"href":"https:\/\/microscopemedia.com\/index.php?rest_route=%2Fwp%2Fv2%2Fmedia&parent=667817"}],"wp:term":[{"taxonomy":"category","embeddable":true,"href":"https:\/\/microscopemedia.com\/index.php?rest_route=%2Fwp%2Fv2%2Fcategories&post=667817"},{"taxonomy":"post_tag","embeddable":true,"href":"https:\/\/microscopemedia.com\/index.php?rest_route=%2Fwp%2Fv2%2Ftags&post=667817"}],"curies":[{"name":"wp","href":"https:\/\/api.w.org\/{rel}","templated":true}]}}