{"id":667829,"date":"2025-12-23T16:06:04","date_gmt":"2025-12-23T16:06:04","guid":{"rendered":"https:\/\/microscopemedia.com\/?p=667829"},"modified":"2025-12-23T16:06:04","modified_gmt":"2025-12-23T16:06:04","slug":"directorul-executiv-al-confederatiei-concordia-despre-noua-ordonanta-trenulet-suntem-pusi-in-situatia-de-a-trece-impreuna-printr-un-2026-cu-o-serie-de-sacrificii","status":"publish","type":"post","link":"https:\/\/microscopemedia.com\/?p=667829","title":{"rendered":"Directorul executiv al Confedera\u021biei Concordia, despre noua \u201eordonan\u021b\u0103-trenule\u021b\u201d: \u201eSuntem pu\u0219i \u00een situa\u021bia de a trece \u00eempreun\u0103 printr-un 2026 cu o serie de sacrificii\u201d"},"content":{"rendered":"<div><img decoding=\"async\" src=\"https:\/\/microscopemedia.com\/wp-content\/uploads\/2025\/12\/directorul-executiv-al-confederatiei-concordia-despre-noua-ordonanta-trenulet-suntem-pusi-in-situatia-de-a-trece-impreuna-printr-un-2026-cu-o-serie-de-sacrificii.jpg\" class=\"ff-og-image-inserted\"><\/div>\n<p id=\"p-0\">Asumarea reducerii cheltuielilor \u00een zona public\u0103 este un pas absolut necesar de echitate, a declarat directorul executiv al Confedera\u021biei Patronale Concordia, Paul Aparaschivei, \u00eentr-un comentariu succint privind principalele prevederi din proiectul \u201eordonan\u021bei-trenule\u021b\u201d<\/p>\n<p id=\"p-1\">\u00cen urm\u0103 c\u00e2teva zile, Confedera\u021bia Patronal\u0103 Concordia a lansat, \u00eentr-o conferin\u021b\u0103 de pres\u0103 dedicat\u0103, <a href=\"https:\/\/www.mediafax.ro\/economic\/dan-sucu-concordia-povestea-de-succes-a-romaniei-poate-sa-intre-in-pericol-daca-cheltuirea-banului-public-se-face-iresponsabil-planul-propus-de-confederatia-patronala-23660571\">un pachet de relansare \u0219i cre\u0219tere economic\u0103 a Rom\u00e2niei<\/a> prin politici fiscale pentru investi\u021bii, reforme structurale \u0219i mobilizarea capitalului autohton pentru competitivitate.<\/p>\n<p id=\"p-2\">Confedera\u021bia Patronal\u0103 Concordia reprezint\u0103 20 dintre cele mai importante sectoare ale economiei rom\u00e2ne\u0219ti, cu o contribu\u021bie de 30% din \u00een PIB \u0219i peste 450.000 de angaja\u021bi \u00een 3900 de firme mari \u0219i mici, cu capital rom\u00e2nesc \u0219i str\u0103in.<\/p>\n<h2 id=\"chapter-0\">\u201ePovara echilibr\u0103rii deficitului a fost pus\u0103 \u00een mod dispropor\u021bionat doar pe umerii mediului privat\u201d<\/h2>\n<p id=\"p-3\"><em>Reporter: Cum comenta\u021bi m\u0103surile din noua \u201eordonan\u021b\u0103-trenule\u021b\u201d?<\/em><\/p>\n<p id=\"p-4\"><strong>Paul Aparaschivei:<\/strong> Dac\u0103 ne uit\u0103m atent la acest \u201etrenule\u021b\u201d, mesajul este unul de realism: ne spune c\u0103 2026 va continua s\u0103 fie un an complex, un an de tranzi\u021bie \u0219i consolidare, dar ne arat\u0103 \u0219i o proiec\u021bie mai pozitiv\u0103 \u00eencep\u00e2nd cu 2027. Iar mediul de afaceri avea nevoie de perspective ceva mai optimiste \u00een jurul c\u0103rora s\u0103 poat\u0103 \u00eencepe s\u0103 planifice pe viitor.<\/p>\n<p id=\"p-5\">Un semnal bun pe care \u00eel remarc\u0103m este asumarea reducerii cheltuielilor \u00een zona public\u0103. Este un pas absolut necesar de echitate, pentru c\u0103, p\u00e2n\u0103 ast\u0103zi, povara echilibr\u0103rii deficitului a fost pus\u0103 \u00een mod dispropor\u021bionat doar pe umerii mediului privat. Faptul c\u0103 statul \u00eencepe s\u0103 \u00eempart\u0103 acest efort este o schimbare de paradigm\u0103 binevenit\u0103.<\/p>\n<p id=\"p-6\">Fiscal, suntem pu\u0219i \u00een situa\u021bia de a trece \u00eempreun\u0103 printr-un 2026 cu o serie de sacrificii, av\u00e2nd promis\u0103 perspectiva anului 2027 \u2013 cu eliminarea IMCA \u0219i a taxei pe construc\u021bii. Totu\u0219i, nu putem ignora faptul c\u0103 anumite <a href=\"https:\/\/www.mediafax.ro\/economic\/reactia-producatorilor-din-energie-privind-ordonanta-trenulet-fpe-mediul-de-afaceri-din-nou-ignorat-aceste-decizii-adancesc-instabilitatea-fiscala-23662661\">sectoare strategice, precum cel al energiei \u0219i gazelor, r\u0103m\u00e2n sub o presiune fiscal\u0103 ridicat\u0103<\/a> \u0219i \u00een anul care vine, iar men\u021binerea unor elemente de suprataxare risc\u0103 s\u0103 afecteze capacitatea de investi\u021bie exact acolo unde avem nevoie, fie c\u0103 vorbim de securitate energetic\u0103 sau competitivitate. De aceea, pentru toate aceste domenii cheie care pot asigura o cre\u0219tere economic\u0103 robust\u0103, e \u00een continuare nevoie de consultare real\u0103, iar orice decizie fiscal\u0103 major\u0103 s\u0103 fie anun\u021bat\u0103 cu un termen minim de 6 luni \u00eenainte.<\/p>\n<p id=\"p-7\">Noi tocmai ce am lansat la Concordia un pachet de solu\u021bii care s\u0103 repun\u0103 Rom\u00e2nia pe traiectoria unei cre\u0219teri aliniate cu poten\u021bialul nostru real, s\u0103 ne ajute s\u0103 schimb\u0103m modelul economic pe care am stat \u00een ultimii ani. Pilonii acestui nou model sunt simplificarea administrativ\u0103, debirocratizarea \u0219i digitalizarea real\u0103 a rela\u021biei cu statul. Sunt m\u0103suri care elibereaz\u0103 resurse uria\u0219e \u00een economie f\u0103r\u0103 a \u00eempov\u0103ra bugetul. \u00cen plus, este vital s\u0103 atragem c\u00e2t mai multe fonduri europene \u0219i s\u0103 ne conect\u0103m mult mai bine la agenda european\u0103 privind competitivitatea. Europa \u00ee\u0219i redefine\u0219te priorit\u0103\u021bile industriale, iar Rom\u00e2nia nu trebuie s\u0103 piard\u0103 acest tren. Trebuie s\u0103 \u021binem ritmul prin reforme structurale care s\u0103 transforme eficien\u021ba institu\u021bional\u0103 \u00eentr-un avantaj competitiv, nu \u00eentr-o barier\u0103.<\/p>\n<p id=\"p-8\"><em>Reporter: \u00cen urm\u0103 cu c\u00e2teva zile, pre\u0219edintele Concordia, Dan \u0218ucu, declara c\u0103 nu va fi surprins de proiectul ordonan\u021bei-trenule\u021b. Vi s-a adeverit estimarea?<\/em><\/p>\n<p id=\"p-9\"><strong>Paul Aparaschivei:<\/strong> Da, estimarea s-a confirmat pentru data de 1 ianuarie 2026. Faptul c\u0103 nu avem taxe introduse peste noapte este dovada c\u0103 dialogul social a func\u021bionat \u0219i c\u0103 Rom\u00e2nia a ie\u0219it din logica \u0219ocurilor fiscale bru\u0219te.<\/p>\n<p id=\"p-10\">Totu\u0219i, a\u0219 aduce o nuan\u021b\u0103 important\u0103: surpriza sau provocarea major\u0103 pe care va trebui s\u0103 o adres\u0103m nu vine de la 1 ianuarie, ci spre 1 iulie. Acela risc\u0103 s\u0103 fie un moment de inflexiune pentru costurile cu for\u021ba de munc\u0103 \u0219i sustenabilitatea multor companii. De aceea, noi discut\u0103m de nevoia unei plase de siguran\u021b\u0103 \u2013 o etap\u0103 care trebuie preg\u0103tit\u0103 cu mare aten\u021bie \u00eenc\u0103 de pe acum, prin monitorizare atent\u0103 a realit\u0103\u021bii economice \u0219i dialog constant cu autorit\u0103\u021bile, pentru c\u0103 miza fundamental\u0103 este s\u0103 p\u0103str\u0103m locurile de munc\u0103, nu s\u0103 le punem \u00een pericol prin costuri pe care economia nu le poate absorbi.<\/p>\n<p id=\"p-11\">\u00cen rest, pentru 2026, ne dorim ca singurele surprize s\u0103 vin\u0103 din zona vitezei de implementare a reformelor, a simplific\u0103rii administrative \u0219i a digitaliz\u0103rii, unde avem foarte mult de recuperat.<\/p>\n","protected":false},"excerpt":{"rendered":"<p>Asumarea reducerii cheltuielilor \u00een zona public\u0103 este un pas absolut necesar de echitate, a declarat directorul executiv al Confedera\u021biei Patronale Concordia, Paul Aparaschivei, \u00eentr-un comentariu succint privind principalele prevederi din &hellip; <a href=\"https:\/\/microscopemedia.com\/?p=667829\" class=\"more-link\">Read More<\/a><\/p>\n","protected":false},"author":1,"featured_media":667830,"comment_status":"closed","ping_status":"closed","sticky":false,"template":"Default","format":"standard","meta":[],"categories":[1],"tags":[],"_links":{"self":[{"href":"https:\/\/microscopemedia.com\/index.php?rest_route=\/wp\/v2\/posts\/667829"}],"collection":[{"href":"https:\/\/microscopemedia.com\/index.php?rest_route=\/wp\/v2\/posts"}],"about":[{"href":"https:\/\/microscopemedia.com\/index.php?rest_route=\/wp\/v2\/types\/post"}],"author":[{"embeddable":true,"href":"https:\/\/microscopemedia.com\/index.php?rest_route=\/wp\/v2\/users\/1"}],"replies":[{"embeddable":true,"href":"https:\/\/microscopemedia.com\/index.php?rest_route=%2Fwp%2Fv2%2Fcomments&post=667829"}],"version-history":[{"count":0,"href":"https:\/\/microscopemedia.com\/index.php?rest_route=\/wp\/v2\/posts\/667829\/revisions"}],"wp:featuredmedia":[{"embeddable":true,"href":"https:\/\/microscopemedia.com\/index.php?rest_route=\/wp\/v2\/media\/667830"}],"wp:attachment":[{"href":"https:\/\/microscopemedia.com\/index.php?rest_route=%2Fwp%2Fv2%2Fmedia&parent=667829"}],"wp:term":[{"taxonomy":"category","embeddable":true,"href":"https:\/\/microscopemedia.com\/index.php?rest_route=%2Fwp%2Fv2%2Fcategories&post=667829"},{"taxonomy":"post_tag","embeddable":true,"href":"https:\/\/microscopemedia.com\/index.php?rest_route=%2Fwp%2Fv2%2Ftags&post=667829"}],"curies":[{"name":"wp","href":"https:\/\/api.w.org\/{rel}","templated":true}]}}