{"id":667857,"date":"2025-12-23T19:26:04","date_gmt":"2025-12-23T19:26:04","guid":{"rendered":"https:\/\/microscopemedia.com\/?p=667857"},"modified":"2025-12-23T19:26:04","modified_gmt":"2025-12-23T19:26:04","slug":"sos-vrea-in-polul-suveranist-si-cheama-aur-si-pot-la-discutii-au-fost-propuse-doua-date-si-au-fost-lansate-critici","status":"publish","type":"post","link":"https:\/\/microscopemedia.com\/?p=667857","title":{"rendered":"SOS vrea \u00een Polul suveranist \u0219i cheam\u0103 AUR \u0219i POT la discu\u021bii. Au fost propuse dou\u0103 date \u0219i au fost lansate critici"},"content":{"rendered":"<div><img decoding=\"async\" src=\"https:\/\/microscopemedia.com\/wp-content\/uploads\/2025\/12\/sos-vrea-in-polul-suveranist-si-cheama-aur-si-pot-la-discutii-au-fost-propuse-doua-date-si-au-fost-lansate-critici.jpg\" class=\"ff-og-image-inserted\"><\/div>\n<p id=\"p-0\">Mesajul SOS a fost trimis prin intermediul unui comunicat de pres\u0103 publicat pe pagina de Facebook a Dianei \u0218o\u0219oac\u0103.<\/p>\n<p id=\"p-1\">Reprezentan\u021bii SOS sus\u021bin c\u0103 demersul AUR reprezint\u0103 un \u201er\u0103spuns, dup\u0103 \u0219apte zile de analiz\u0103, la apelul public lansat de pre\u015fedintele S.O.S. Rom\u00e2nia, Av. Europarlamentar Diana Iovanovici-\u0218o\u0219oac\u0103 pentru constituirea unui pol suveranist puternic de opozi\u021bie\u201d.<\/p>\n<p id=\"p-2\">SOS \u00eei critic\u0103 pe poten\u021bialii alia\u021bi deoarece r\u0103spunsul nu a fost trimis prin canalele oficiale de comunicare.<\/p>\n<p id=\"p-3\">\u201eS.O.S. Rom\u00e2nia salut\u0103 aceast\u0103 decizie \u00een\u021beleapt\u0103 luat\u0103 de conducerea A.U.R de\u015fi constat\u0103 c\u0103 acest r\u0103spuns a fost transmis exclusiv prin intermediul presei, nu \u015fi prin canale de comunicare oficiale sau institu\u021bionale, a\u0219a cum impun cutumele specifice dialogului politic responsabil \u0219i ale unei minime diploma\u021bii politice. \u00centr-un context na\u021bional grav, care reclam\u0103 coeren\u021b\u0103, maturitate \u0219i asumare public\u0103, comunicarea prin intermediari media nu poate \u021bine loc de dialog politic real\u201d, scrie \u00een mesajul SOS.<\/p>\n<h2 id=\"chapter-0\">SOS \u00eei cheam\u0103 pe suverani\u0219ti la discu\u021bii<\/h2>\n<p id=\"p-4\">Ca urmare, \u201eS.O.S. Rom\u00e2nia adreseaz\u0103 o invita\u021bie oficial\u0103 Alian\u021bei pentru Unirea Rom\u00e2nilor \u0219i Partidului Oamenilor Tineri pentru o \u00eent\u00e2lnire fa\u021b\u0103 \u00een fa\u021b\u0103, \u00een vederea unei discu\u021bii deschise, oneste \u0219i institu\u021bionale privind posibilitatea unei cooper\u0103ri politice suveraniste, \u00een interesul na\u021bional.\u201d<\/p>\n<p id=\"p-5\">\u00cent\u00e2lnirea este propus\u0103 \u00een una dou\u0103 variante, duminic\u0103 sau luni, la Grupul parlamentar SOS. Rom\u00e2nia din Camera Deputa\u021bilor. SOS mai anun\u021b\u0103 c\u0103 nu este luat\u0103 \u00een calcul o fuziune \u00eentre partidele suveraniste.<\/p>\n<p id=\"p-6\">\u201ePreciz\u0103m, f\u0103r\u0103 echivoc, c\u0103 nu a fost discutat\u0103 niciodat\u0103 ideea unei fuziuni \u00eentre forma\u021biunile politice men\u021bionate. Apelul S.O.S. Rom\u00e2nia a vizat exclusiv coagularea unui pol suveranist de opozi\u021bie, bazat pe cooperare politic\u0103, coordonare parlamentar\u0103 \u0219i ac\u021biune comun\u0103 pe teme majore de interes na\u021bional, cu respectarea identit\u0103\u021bii doctrinare \u0219i organizatorice a fiec\u0103rui partid. Rom\u00e2nia se afl\u0103 \u00eentr-un moment \u00een care orgoliile politice, ezit\u0103rile \u0219i jocurile de imagine trebuie l\u0103sate deoparte. Este timpul pentru discu\u021bii directe, asumate \u0219i transparente, nu pentru declara\u021bii indirecte \u0219i mesaje filtrate prin titluri de pres\u0103\u201d, a precizat Biroul de pres\u0103 al SOS Rom\u00e2nia.<\/p>\n<h2 id=\"chapter-1\">Pol suveranist f\u0103r\u0103 SOS<\/h2>\n<p id=\"p-7\">Grupul parlamentar PACE \u00cent\u00e2i Rom\u00e2nia a anun\u021bat constituirea, \u00eempreun\u0103 cu Alian\u021ba pentru Unirea Rom\u00e2nilor, a <a href=\"https:\/\/www.mediafax.ro\/politic\/un-pol-suveranist-s-a-constituit-in-parlamentul-romaniei-cine-face-parte-cine-a-refuzat-23662690\">Polului suveranist<\/a> din Parlament. Potrivit ini\u021biatorilor, este o formul\u0103 de cooperare parlamentar\u0103 menit\u0103 s\u0103 consolideze opozi\u021bia politic\u0103 \u0219i s\u0103 ofere o alternativ\u0103 coerent\u0103 la actuala guvernare.<\/p>\n<p id=\"p-8\">Decizia constituirii acestui Pol suveranist este \u201efundamentat\u0103 pe convergen\u021ba unor pozi\u021bii politice esen\u021biale privind suveranitatea decizional\u0103, respectarea interesului na\u021bional \u0219i necesitatea unei opozi\u021bii func\u021bionale, capabile s\u0103 ac\u021bioneze coordonat \u00een Parlament, nu doar declarativ.\u201d<\/p>\n<p id=\"p-9\">\u00cen baza acestui acord de colaborare, cele dou\u0103 grupuri parlamentare vor ac\u021biona unitar pentru semnarea \u0219i sus\u021binerea comun\u0103 a mo\u021biunilor simple \u0219i a mo\u021biunilor de cenzur\u0103, pentru ini\u021bierea de proiecte legislative \u0219i pachete de legi prin grupuri de lucru comune \u0219i pentru coordonarea pozi\u021biilor politice pe ordinea de zi a Parlamentului, inclusiv pe voturile esen\u021biale din plen \u0219i din comisii.<\/p>\n<p id=\"p-10\">Primul demers al noului pol vizeaz\u0103 suspendarea pre\u0219edintelui Rom\u00e2niei, Nicu\u0219or Dan. \u00cen paralel, colaborarea dintre PACE \u00cent\u00e2i Rom\u00e2nia \u0219i AUR va fi extins\u0103 treptat \u00een plan politic, dincolo de activitatea parlamentar\u0103. Obiectivul este \u201econstruirea unei re\u021bele de cooperare la nivel na\u021bional \u0219i jude\u021bean, care s\u0103 permit\u0103 formularea unor pozi\u021bii comune, consistente \u0219i articulate \u00eempotriva actualei coali\u021bii de guvernare \u0219i a politicilor promovate de Guvernul Bolojan.\u201d<\/p>\n","protected":false},"excerpt":{"rendered":"<p>Mesajul SOS a fost trimis prin intermediul unui comunicat de pres\u0103 publicat pe pagina de Facebook a Dianei \u0218o\u0219oac\u0103. Reprezentan\u021bii SOS sus\u021bin c\u0103 demersul AUR reprezint\u0103 un \u201er\u0103spuns, dup\u0103 \u0219apte &hellip; <a href=\"https:\/\/microscopemedia.com\/?p=667857\" class=\"more-link\">Read More<\/a><\/p>\n","protected":false},"author":1,"featured_media":667858,"comment_status":"closed","ping_status":"closed","sticky":false,"template":"Default","format":"standard","meta":[],"categories":[1],"tags":[],"_links":{"self":[{"href":"https:\/\/microscopemedia.com\/index.php?rest_route=\/wp\/v2\/posts\/667857"}],"collection":[{"href":"https:\/\/microscopemedia.com\/index.php?rest_route=\/wp\/v2\/posts"}],"about":[{"href":"https:\/\/microscopemedia.com\/index.php?rest_route=\/wp\/v2\/types\/post"}],"author":[{"embeddable":true,"href":"https:\/\/microscopemedia.com\/index.php?rest_route=\/wp\/v2\/users\/1"}],"replies":[{"embeddable":true,"href":"https:\/\/microscopemedia.com\/index.php?rest_route=%2Fwp%2Fv2%2Fcomments&post=667857"}],"version-history":[{"count":0,"href":"https:\/\/microscopemedia.com\/index.php?rest_route=\/wp\/v2\/posts\/667857\/revisions"}],"wp:featuredmedia":[{"embeddable":true,"href":"https:\/\/microscopemedia.com\/index.php?rest_route=\/wp\/v2\/media\/667858"}],"wp:attachment":[{"href":"https:\/\/microscopemedia.com\/index.php?rest_route=%2Fwp%2Fv2%2Fmedia&parent=667857"}],"wp:term":[{"taxonomy":"category","embeddable":true,"href":"https:\/\/microscopemedia.com\/index.php?rest_route=%2Fwp%2Fv2%2Fcategories&post=667857"},{"taxonomy":"post_tag","embeddable":true,"href":"https:\/\/microscopemedia.com\/index.php?rest_route=%2Fwp%2Fv2%2Ftags&post=667857"}],"curies":[{"name":"wp","href":"https:\/\/api.w.org\/{rel}","templated":true}]}}