{"id":667867,"date":"2025-12-23T20:26:05","date_gmt":"2025-12-23T20:26:05","guid":{"rendered":"https:\/\/microscopemedia.com\/?p=667867"},"modified":"2025-12-23T20:26:05","modified_gmt":"2025-12-23T20:26:05","slug":"hidroelectrica-propune-actionarilor-sa-se-asocieze-cu-gigantul-francez-edf-pentru-hidrolecentrala-tarnita-aflata-in-stadiu-de-proiect-de-pe-vremea-lui-ceausescu","status":"publish","type":"post","link":"https:\/\/microscopemedia.com\/?p=667867","title":{"rendered":"Hidroelectrica propune ac\u021bionarilor s\u0103 se asocieze cu gigantul francez EDF pentru hidrolecentrala Tarni\u021ba, aflat\u0103 \u00een stadiu de proiect de pe vremea lui Ceau\u0219escu"},"content":{"rendered":"<div><img decoding=\"async\" src=\"https:\/\/microscopemedia.com\/wp-content\/uploads\/2025\/12\/hidroelectrica-propune-actionarilor-sa-se-asocieze-cu-gigantul-francez-edf-pentru-hidrolecentrala-tarnita-aflata-in-stadiu-de-proiect-de-pe-vremea-lui-ceausescu.webp\" class=\"ff-og-image-inserted\"><\/div>\n<p id=\"p-0\">Adunarea General\u0103 Extraordinar\u0103 a Ac\u021bionarilor (AGEA) Hidroelectrica, convocat\u0103 de directoratul companiei pentru data de 27 ianuarie, are pe ordinea de zi o nou\u0103 decizie pentru avansarea proiectului Hidrocentralei cu acumulare prin pompaj Tarni\u0163a-L\u0103pu\u015fte\u015fti, conform <a href=\"https:\/\/bvb.ro\/infocont\/infocont25\/H2O_20251223171529_RO-H2O-RC-Convocare-AGEA-27-01-2026-BVB.pdf\" target=\"_blank\" rel=\"noopener\">inform\u0103rii transmise la BVB<\/a>&nbsp;.<\/p>\n<p id=\"p-1\">Primul punct pe ordinea de zi vizeaz\u0103 aprobarea \u00eenfiin\u021b\u0103rii de c\u0103tre SPEEH Hidroelectrica SA \u00eempreun\u0103 cu EDF power solutions International a unei societ\u0103\u021bi mixte\/asociere \u00een participa\u021bie (Joint Venture Company \u2013 JVC) \u00een cote egale de 50% \u2013 50% fiecare, precum \u0219i aprobarea Acordului Ac\u021bionarilor (Shareholders Agreeement, SHA) care urmeaz\u0103 a fi \u00eencheiat de c\u0103tre SPEEH Hidroelectrica SA cu EDF power solutions International, prin care se definesc termenii \u0219i condi\u021biile privind modul de func\u021bionare al unei companii (societ\u0103\u021bi mixte\/asociere \u00een participa\u021bie (Joint Venture Company \u2013 JVC) care va fi \u00eenfiin\u021bat\u0103 de c\u0103tre p\u0103r\u021bi \u00een vederea dezvolt\u0103rii proiectului Centralei Hidroelectrice cu Acumulare prin Pompaj (CHEAP) Tarni\u021ba \u2013 Investi\u021bia\/ Oportunitatea Propus\u0103.<\/p>\n<p id=\"p-2\">\u00cen aceast\u0103 faz\u0103 nu sunt date mai multe detalii privind termenii acordului.<\/p>\n<p id=\"p-3\"><a href=\"https:\/\/www.mediafax.ro\/economic\/hidroelectrica-a-atins-un-nou-record-istoric-de-clienti-atrasi-intr-o-singura-zi-de-black-friday-furnizorul-si-a-crescut-portofoliul-cu-peste-4-prin-campania-promotionala-23655036\">Hidroelectrica<\/a>, de\u021binut\u0103 \u00een propor\u021bie de 80,06% de statul rom\u00e2n, prin Ministerul Energiei, este cel mai mare produc\u0103tor de energie din Rom\u00e2nia, furnizeaz\u0103 servicii tehnologice esen\u021biale pentru Sistemul Energetic Na\u021bional \u0219i este lider pe pia\u021ba furniz\u0103rii, cu un portofoliu de peste un milion de clien\u021bi.<\/p>\n<h2 id=\"chapter-0\">Traseul deciziei<\/h2>\n<p id=\"p-4\">Potentiala colaborare cu compania francez\u0103 a fost recent subiect de discu\u021biie \u00een cadrul <a href=\"https:\/\/www.mediafax.ro\/politic\/presedintele-nicusor-dan-declaratii-de-la-paris-macron-vine-in-romania-in-2026-franta-este-parte-importanta-din-sistemul-de-securitate-al-romaniei-23655582\">\u00eent\u00e2lnirii pre\u0219edintelui Nicu\u0219or Dan cu liderul francez Emmanuel Macron<\/a> la Palatul \u00c9lys\u00e9e, din 9 decembrie.<\/p>\n<blockquote readability=\"10\">\n<p id=\"p-5\">\u201eAm vorbit de chestiuni concrete, cum e investi\u021bia de la Tarni\u021ba, pe care o companie francez\u0103 vrea s\u0103 o fac\u0103 \u00een zona de energie,\u201d a declarat Nicu\u0219or Dan, la Paris.<\/p>\n<\/blockquote>\n<p id=\"p-6\">Construc\u021bia centralei hidroelectrice cu acumulare prin pompaj Tarni\u021ba \u2013 L\u0103pu\u0219te\u0219ti, din jude\u021bul Cluj, un proiect care dateaz\u0103 \u00eenc\u0103 de pe vremea lui Ceau\u0219escu a fost relansat \u00een spa\u021biul public acum doi ani de Sebastian Burduja, la preluarea mandatului de ministru al Energiei.<\/p>\n<p id=\"p-7\">La scurt timp de la preluarea mandatului de ministru al Energiei, Sebastian Burduja anun\u021bat, \u00een 28 iulie 2023, c\u0103 reia acest proiect, o \u201ebaterie natural\u0103\u201d, invit\u00e2nd operatorii interesa\u021bi s\u0103 transmit\u0103, p\u00e2n\u0103 pe 8 august 2023, o ofert\u0103 neangajant\u0103 estimativ\u0103, c\u00e2t mai detaliat\u0103 \u0219i \u00een concordan\u021b\u0103 cu cerin\u021bele ata\u0219ate la anun\u021b.<\/p>\n<p id=\"p-8\">Pentru realizarea Studiului de Fezabilitate se preconiza un cost cuprins \u00eentre 3,2 \u2013 3,5 milioane de euro, f\u0103r\u0103 a include TVA, varia\u021bia fiind datorat\u0103 diferen\u021belor \u00een abord\u0103ri, profunzimii analizelor \u0219i caracteristicilor specifice ale fiec\u0103rei oferte, conform documentelor oficiale.<\/p>\n<p id=\"p-9\">Procedura a e\u0219uat, de dou\u0103 ori, \u0219i \u00een mandatul lui Sebastian Burduja, la fel ca cele derulate \u00een anii anteriori pentru a atrage investitori, dar acestea au fost sistate de stat.<\/p>\n<p id=\"p-10\">Operatorul sistemului energetic na\u021bional, Transelectrica, recomanda \u00een 2022, \u00een Planul de Dezvoltare a Re\u021belei Electrice de Transport (RET) perioada 2022 \u2013 2031, reluarea proiectului. Transelectrica preciza la acea dat\u0103 c\u0103, din cauza lipsei de informa\u021bii cu privire la evolu\u021bia proiectului Centralei Hidroelectrice cu Acumulare prin Pompare (CHEAP) Tarni\u021ba \u2013 L\u0103pu\u0219te\u0219ti, aceast\u0103 central\u0103 nu a fost considerat\u0103 \u00een cadrul scenariilor care stau la baza Planului de Dezvoltare a RET pentru perioada 2022-2031.<\/p>\n<p id=\"p-11\">\u201e\u00cen condi\u0163iile \u00een care, la orizontul anului 2030, \u00een mixul tehnologic din sistemul de produc\u0163ie al energiei electrice din Rom\u00e2nia va cre\u015fte ponderea sectorului nuclear \u015fi a energiei din surse regenerabile, sunt necesare capacit\u0103\u0163i care s\u0103 asigure flexibilitatea sistemului electroenergetic\u201d, arat\u0103 documentele oficiale<\/p>\n<p id=\"p-12\">\u00cen octombrie 2024, Sebastian Burduja, dezam\u0103git de modul \u00een care SAPE a derulat licita\u021bia pentru Hidrocentrala de la Tarni\u021ba \u2013 L\u0103pu\u0219te\u0219ti, a anun\u021bat un \u201eplan B\u201d.<\/p>\n<p id=\"p-13\">La acel moment, Burduja anun\u021ba continuarea discu\u021biilor cu partenerii strategici din Japonia \u0219i Fran\u021ba, consor\u021biul format din Itochu-EDF, doi gigan\u021bi energetici la nivel mondial.<\/p>\n<p id=\"p-14\">Potrivit fostului ministrul, EDF este cea mai important\u0103 companie de utilit\u0103\u021bi din Europa, care produce peste 16% din energia electric\u0103 din Uniunea European\u0103. EDF este cel mai mare operator de active nucleare din lume, cu aproximativ 180.000 de angaja\u021bi, iar Itochu, gigantul japonez, are venituri totale de aproape 90 de miliarde de dolari.<\/p>\n<p id=\"p-15\">\u00cen urm\u0103 cu mai bine de un an, pe 4 noiembrie, Ministerul Energiei semna un memorandum de \u00een\u0163elegere, document neamgajant, cu <a href=\"https:\/\/www.mediafax.ro\/economic\/japonia-intra-in-proiectul-hidrocentralei-tarnita-lapustesti-22538926\">compania japonez\u0103 ITOCHU<\/a> pentru dezvoltarea hidrocentralei cu acumulare prin pompaj Tarni\u0163a-L\u0103pu\u015fte\u015fti.<\/p>\n<p id=\"p-16\">C\u00e2teva luni mai t\u00e2rziu, pe 4 august, la scurt timp de la preluarea mandatului de c\u00e2tre actualul ministru al Energiei, Bogdan Ivan, reprezentan\u021bii Ministerului au detaliat, la solicitarea G\u00e2ndul c\u0103 proiectul Hidrocentralei Tarni\u021ba \u2013 L\u0103pu\u0219te\u0219ti nu a fost abandonat.<\/p>\n<blockquote readability=\"7.3186813186813\">\n<p id=\"p-17\">\u201eProiectul Tarni\u021ba \u2013 L\u0103pu\u0219te\u0219ti r\u0103m\u00e2ne pentru Ministerul Energiei <a href=\"https:\/\/www.gandul.ro\/exclusiv\/hidrocentrala-tarnita-proiect-de-pe-vremea-lui-ceausescu-este-inca-de-actualitate-pentru-noul-minister-al-energiei-cat-e-de-valoroasa-pentru-sistem-20591087\" target=\"_blank\" rel=\"noopener\">un proiect strategic \u0219i prioritar<\/a>\u201d, a transmis ministrul Energiei, Bogdan Ivan, la solicitarea G\u00e2ndul.<\/p>\n<\/blockquote>\n<p id=\"p-18\">\u201eLa acest moment, <a href=\"https:\/\/www.mediafax.ro\/economic\/ministerul-energiei-spune-ca-sapte-companii-din-subordine-inclusiv-hidroelectrica-au-facut-numiri-conforme-pasii-pentru-ridicarea-suspendarii-platii-din-pnrr-23649372\">Hidroelectrica<\/a> SA continu\u0103 discu\u021biile \u00een vederea stabilirii cadrului de colaborare \u00eentre p\u0103r\u021bi printr-un memorandum pentru realizarea unui studiu de prefezabilitate, care va fundamenta implementarea acestui proiect\u201d, au anun\u021bat oficialii institu\u021biei la \u00eenceputul lunii august.<\/p>\n<p id=\"p-19\">&nbsp;<\/p>\n","protected":false},"excerpt":{"rendered":"<p>Adunarea General\u0103 Extraordinar\u0103 a Ac\u021bionarilor (AGEA) Hidroelectrica, convocat\u0103 de directoratul companiei pentru data de 27 ianuarie, are pe ordinea de zi o nou\u0103 decizie pentru avansarea proiectului Hidrocentralei cu acumulare &hellip; <a href=\"https:\/\/microscopemedia.com\/?p=667867\" class=\"more-link\">Read More<\/a><\/p>\n","protected":false},"author":1,"featured_media":667868,"comment_status":"closed","ping_status":"closed","sticky":false,"template":"Default","format":"standard","meta":[],"categories":[1],"tags":[],"_links":{"self":[{"href":"https:\/\/microscopemedia.com\/index.php?rest_route=\/wp\/v2\/posts\/667867"}],"collection":[{"href":"https:\/\/microscopemedia.com\/index.php?rest_route=\/wp\/v2\/posts"}],"about":[{"href":"https:\/\/microscopemedia.com\/index.php?rest_route=\/wp\/v2\/types\/post"}],"author":[{"embeddable":true,"href":"https:\/\/microscopemedia.com\/index.php?rest_route=\/wp\/v2\/users\/1"}],"replies":[{"embeddable":true,"href":"https:\/\/microscopemedia.com\/index.php?rest_route=%2Fwp%2Fv2%2Fcomments&post=667867"}],"version-history":[{"count":0,"href":"https:\/\/microscopemedia.com\/index.php?rest_route=\/wp\/v2\/posts\/667867\/revisions"}],"wp:featuredmedia":[{"embeddable":true,"href":"https:\/\/microscopemedia.com\/index.php?rest_route=\/wp\/v2\/media\/667868"}],"wp:attachment":[{"href":"https:\/\/microscopemedia.com\/index.php?rest_route=%2Fwp%2Fv2%2Fmedia&parent=667867"}],"wp:term":[{"taxonomy":"category","embeddable":true,"href":"https:\/\/microscopemedia.com\/index.php?rest_route=%2Fwp%2Fv2%2Fcategories&post=667867"},{"taxonomy":"post_tag","embeddable":true,"href":"https:\/\/microscopemedia.com\/index.php?rest_route=%2Fwp%2Fv2%2Ftags&post=667867"}],"curies":[{"name":"wp","href":"https:\/\/api.w.org\/{rel}","templated":true}]}}