{"id":667879,"date":"2025-12-23T21:46:05","date_gmt":"2025-12-23T21:46:05","guid":{"rendered":"https:\/\/microscopemedia.com\/?p=667879"},"modified":"2025-12-23T21:46:05","modified_gmt":"2025-12-23T21:46:05","slug":"vouchere-de-50-de-lei-pentru-energie-electrica-guvernul-prelungeste-programul","status":"publish","type":"post","link":"https:\/\/microscopemedia.com\/?p=667879","title":{"rendered":"Vouchere de 50 de lei pentru energie electric\u0103: Guvernul prelunge\u0219te programul"},"content":{"rendered":"<div><img decoding=\"async\" src=\"https:\/\/microscopemedia.com\/wp-content\/uploads\/2025\/12\/vouchere-de-50-de-lei-pentru-energie-electrica-guvernul-prelungeste-programul.jpg\" class=\"ff-og-image-inserted\"><\/div>\n<p id=\"p-0\">La \u00eentrebarea dac\u0103 cotele de persoane vulnerabile vor cre\u0219te sau vor r\u0103m\u00e2ne acelea\u0219i, ministrul Finan\u021belor a r\u0103spuns c\u0103 programul se prelunge\u0219te, dar c\u0103 ritmul de \u00eenscriere depinde de cet\u0103\u021beni.<\/p>\n<p id=\"p-1\">\u201e\u00cen primul r\u00e2nd nu depinde neap\u0103rat de noi pentru c\u0103 \u00een acest program e vorba de ritmul \u00een care se fac \u00eenscrierile \u00een program. Am prognozat \u00eempreun\u0103 pe baza unui impact al Ministerului Muncii o cre\u0219tere a ritmului de \u00eenscriere \u00een 2026. Dar este o prognoz\u0103, nu \u0219tim exact c\u00e2te persoane se vor \u00eenrola \u00een 2026. Ministerul Muncii are un impact detaliat \u00een aceast\u0103 zon\u0103\u201d, a declarat Alexandru Nazare.<\/p>\n<p id=\"p-2\">\u00centrebat dac\u0103 limitele de venit \u2013 1.740-1.980 de lei pentru persoanele singure \u2013 se vor schimba, ministrul a fost categoric: \u201eNu, nu, nu se schimb\u0103. Se prelunge\u0219te programul \u0219i se prelunge\u0219te programul lu\u00e2nd \u00een calcul o cre\u0219tere a ritmului de \u00eenscriere \u00een el\u201d.<\/p>\n","protected":false},"excerpt":{"rendered":"<p>La \u00eentrebarea dac\u0103 cotele de persoane vulnerabile vor cre\u0219te sau vor r\u0103m\u00e2ne acelea\u0219i, ministrul Finan\u021belor a r\u0103spuns c\u0103 programul se prelunge\u0219te, dar c\u0103 ritmul de \u00eenscriere depinde de cet\u0103\u021beni. \u201e\u00cen &hellip; <a href=\"https:\/\/microscopemedia.com\/?p=667879\" class=\"more-link\">Read More<\/a><\/p>\n","protected":false},"author":1,"featured_media":667880,"comment_status":"closed","ping_status":"closed","sticky":false,"template":"Default","format":"standard","meta":[],"categories":[1],"tags":[],"_links":{"self":[{"href":"https:\/\/microscopemedia.com\/index.php?rest_route=\/wp\/v2\/posts\/667879"}],"collection":[{"href":"https:\/\/microscopemedia.com\/index.php?rest_route=\/wp\/v2\/posts"}],"about":[{"href":"https:\/\/microscopemedia.com\/index.php?rest_route=\/wp\/v2\/types\/post"}],"author":[{"embeddable":true,"href":"https:\/\/microscopemedia.com\/index.php?rest_route=\/wp\/v2\/users\/1"}],"replies":[{"embeddable":true,"href":"https:\/\/microscopemedia.com\/index.php?rest_route=%2Fwp%2Fv2%2Fcomments&post=667879"}],"version-history":[{"count":0,"href":"https:\/\/microscopemedia.com\/index.php?rest_route=\/wp\/v2\/posts\/667879\/revisions"}],"wp:featuredmedia":[{"embeddable":true,"href":"https:\/\/microscopemedia.com\/index.php?rest_route=\/wp\/v2\/media\/667880"}],"wp:attachment":[{"href":"https:\/\/microscopemedia.com\/index.php?rest_route=%2Fwp%2Fv2%2Fmedia&parent=667879"}],"wp:term":[{"taxonomy":"category","embeddable":true,"href":"https:\/\/microscopemedia.com\/index.php?rest_route=%2Fwp%2Fv2%2Fcategories&post=667879"},{"taxonomy":"post_tag","embeddable":true,"href":"https:\/\/microscopemedia.com\/index.php?rest_route=%2Fwp%2Fv2%2Ftags&post=667879"}],"curies":[{"name":"wp","href":"https:\/\/api.w.org\/{rel}","templated":true}]}}