{"id":667883,"date":"2025-12-23T22:16:05","date_gmt":"2025-12-23T22:16:05","guid":{"rendered":"https:\/\/microscopemedia.com\/?p=667883"},"modified":"2025-12-23T22:16:05","modified_gmt":"2025-12-23T22:16:05","slug":"ministrul-finantelor-deficitul-bugetar-din-noiembrie-este-mai-mic-decat-anul-trecut-tinta-pentru-2026-va-fi-intre-6-si-65","status":"publish","type":"post","link":"https:\/\/microscopemedia.com\/?p=667883","title":{"rendered":"Ministrul Finan\u021belor: Deficitul bugetar din noiembrie este mai mic dec\u00e2t anul trecut. \u021ainta pentru 2026 va fi \u00eentre 6 \u0219i 6,5%"},"content":{"rendered":"<div><img decoding=\"async\" src=\"https:\/\/microscopemedia.com\/wp-content\/uploads\/2025\/12\/ministrul-finantelor-deficitul-bugetar-din-noiembrie-este-mai-mic-decat-anul-trecut-tinta-pentru-2026-va-fi-intre-6-si-65.jpg\" class=\"ff-og-image-inserted\"><\/div>\n<p data-start=\"723\" data-end=\"927\" id=\"p-0\">\u00centrebat c\u00e2nd vor \u00eencepe discu\u021biile privind bugetul pe anul viitor, Alexandru Nazare a precizat c\u0103 primele consult\u0103ri vor avea loc \u00een luna ianuarie, moment \u00een care va fi anun\u021bat \u0219i calendarul de aprobare.<\/p>\n<p data-start=\"929\" data-end=\"1172\" id=\"p-1\">\u201eE foarte important modul \u00een care vom pune bazele bugetului pentru 2026. Primele consult\u0103ri pentru elaborarea bugetului vor \u00eencepe \u00een ianuarie. \u00cen acel moment vom \u0219i anun\u021ba un calendar de aprobare a bugetului\u201d, a spus ministrul Finan\u021belor.<\/p>\n<h2 data-start=\"1174\" data-end=\"1219\" id=\"chapter-0\">Deficit mai mic \u00een noiembrie fa\u021b\u0103 de aceea\u0219i perioad\u0103 din 2024<\/h2>\n<p data-start=\"1221\" data-end=\"1368\" id=\"p-2\">Ministrul a prezentat date preliminare privind execu\u021bia bugetar\u0103 din luna noiembrie, ar\u0103t\u00e2nd c\u0103 deficitul este mai redus comparativ cu anul trecut.<\/p>\n<p data-start=\"1370\" data-end=\"1729\" id=\"p-3\">\u201eA\u0219 putea s\u0103 v\u0103 spun \u00een preambul, \u00een privin\u021ba lunii noiembrie, dac\u0103 tot m\u0103 \u00eentreba\u021bi de execu\u021bie, v\u0103 dau ve\u0219ti bune \u00een privin\u021ba execu\u021biei, \u00eenc\u0103 nu s-a publicat execu\u021bia bugetar\u0103 pentru luna noiembrie, dar pot s\u0103 v\u0103 spun c\u0103 <strong>deficitul \u00eenregistrat \u00een luna noiembrie este un deficit de 6,4% fa\u021b\u0103 de deficitul \u00eenregistrat anul trecut de 7,15%<\/strong>\u201d, a afirmat Nazare.<\/p>\n<p data-start=\"1731\" data-end=\"1805\" id=\"p-4\">Acesta a ad\u0103ugat c\u0103 deficitul nominal este mai mic fa\u021b\u0103 de anul precedent.<\/p>\n<p data-start=\"1807\" data-end=\"2000\" id=\"p-5\">\u201eVorbim de 121 miliarde aproximativ fa\u021b\u0103 de 125 c\u00e2te erau anul trecut. Practic, deficitul nominal este mai mic \u00een luna noiembrie cu aproximativ 4 miliarde\u201d, a precizat ministrul Finan\u021belor.<\/p>\n<h2 data-start=\"2002\" data-end=\"2051\" id=\"chapter-1\">\u021ainta de deficit pentru 2026: \u00eentre 6 \u0219i 6,5%<\/h2>\n<p data-start=\"2053\" data-end=\"2229\" id=\"p-6\">\u00cen ceea ce prive\u0219te anul 2026, Alexandru Nazare a subliniat c\u0103 \u021binta exact\u0103 de deficit va fi stabilit\u0103 odat\u0103 cu proiectarea bugetului, \u00eens\u0103 a indicat intervalul avut \u00een vedere.<\/p>\n<p data-start=\"2231\" data-end=\"2447\" id=\"p-7\">\u201ePentru 2026, bine\u00een\u021beles c\u0103 \u021binta de deficit o vom anun\u021ba \u00een momentul c\u00e2nd avem proiectat bugetul, dar se \u0219tie, \u0219i am vorbit public despre asta, c\u0103 va fi \u00een jurul cifrei de 6, \u00eentre 6 \u0219i 6,5%\u201d, a spus ministrul.<\/p>\n<p data-start=\"2449\" data-end=\"2531\" id=\"p-8\">Acesta a subliniat c\u0103 nivelul va respecta angajamentele asumate la nivel european.<\/p>\n<p data-start=\"2533\" data-end=\"2769\" id=\"p-9\">\u201eCu c\u00e2t vom \u00eenainta \u00een elaborarea bugetului, vom \u0219ti exact care va fi \u0219i cifra final\u0103 de deficit pentru 2026, oricum \u00een limitele pe care le-am agreat deja cu Comisia \u0219i sunt \u00een traiectoria fiscal-bugetar\u0103 agreat\u0103\u201d, a ad\u0103ugat Nazare.<\/p>\n","protected":false},"excerpt":{"rendered":"<p>\u00centrebat c\u00e2nd vor \u00eencepe discu\u021biile privind bugetul pe anul viitor, Alexandru Nazare a precizat c\u0103 primele consult\u0103ri vor avea loc \u00een luna ianuarie, moment \u00een care va fi anun\u021bat \u0219i &hellip; <a href=\"https:\/\/microscopemedia.com\/?p=667883\" class=\"more-link\">Read More<\/a><\/p>\n","protected":false},"author":1,"featured_media":667884,"comment_status":"closed","ping_status":"closed","sticky":false,"template":"Default","format":"standard","meta":[],"categories":[1],"tags":[],"_links":{"self":[{"href":"https:\/\/microscopemedia.com\/index.php?rest_route=\/wp\/v2\/posts\/667883"}],"collection":[{"href":"https:\/\/microscopemedia.com\/index.php?rest_route=\/wp\/v2\/posts"}],"about":[{"href":"https:\/\/microscopemedia.com\/index.php?rest_route=\/wp\/v2\/types\/post"}],"author":[{"embeddable":true,"href":"https:\/\/microscopemedia.com\/index.php?rest_route=\/wp\/v2\/users\/1"}],"replies":[{"embeddable":true,"href":"https:\/\/microscopemedia.com\/index.php?rest_route=%2Fwp%2Fv2%2Fcomments&post=667883"}],"version-history":[{"count":0,"href":"https:\/\/microscopemedia.com\/index.php?rest_route=\/wp\/v2\/posts\/667883\/revisions"}],"wp:featuredmedia":[{"embeddable":true,"href":"https:\/\/microscopemedia.com\/index.php?rest_route=\/wp\/v2\/media\/667884"}],"wp:attachment":[{"href":"https:\/\/microscopemedia.com\/index.php?rest_route=%2Fwp%2Fv2%2Fmedia&parent=667883"}],"wp:term":[{"taxonomy":"category","embeddable":true,"href":"https:\/\/microscopemedia.com\/index.php?rest_route=%2Fwp%2Fv2%2Fcategories&post=667883"},{"taxonomy":"post_tag","embeddable":true,"href":"https:\/\/microscopemedia.com\/index.php?rest_route=%2Fwp%2Fv2%2Ftags&post=667883"}],"curies":[{"name":"wp","href":"https:\/\/api.w.org\/{rel}","templated":true}]}}