{"id":667891,"date":"2025-12-23T23:46:05","date_gmt":"2025-12-23T23:46:05","guid":{"rendered":"https:\/\/microscopemedia.com\/?p=667891"},"modified":"2025-12-23T23:46:05","modified_gmt":"2025-12-23T23:46:05","slug":"seful-de-stat-major-al-armatei-libiene-a-murit-intr-un-accident-aviatic-in-turcia","status":"publish","type":"post","link":"https:\/\/microscopemedia.com\/?p=667891","title":{"rendered":"\u0218eful de Stat Major al armatei libiene a murit \u00eentr-un accident aviatic \u00een Turcia"},"content":{"rendered":"<div><img decoding=\"async\" src=\"https:\/\/microscopemedia.com\/wp-content\/uploads\/2025\/12\/seful-de-stat-major-al-armatei-libiene-a-murit-intr-un-accident-aviatic-in-turcia.jpg\" class=\"ff-og-image-inserted\"><\/div>\n<p id=\"p-0\"><span>Moartea acestuia a fost anun\u021bat\u0103 de premierul libian Abdulhamid Dbeibah, liderul Guvernului de Uniune Na\u021bional\u0103 al Libiei. \u201eAceasta a avut loc \u00een urma unui incident tragic \u0219i dureros, survenit \u00een timp ce se \u00eentorceau dintr-o c\u0103l\u0103torie oficial\u0103 din ora\u0219ul turc Ankara. Aceast\u0103 pierdere grav\u0103 este o mare pierdere pentru na\u021biune, pentru institu\u021bia militar\u0103 \u0219i pentru tot poporul\u201d, a transmis liderul libian.&nbsp;<\/span><\/p>\n<p id=\"p-1\"><span>La bordul avionului se mai aflau comandantul for\u021belor terestre ale Libiei, directorul Autorit\u0103\u021bii pentru Industria Militar\u0103, un consilier al \u0219efului Statului Major \u0219i un fotograf.&nbsp;<\/span><\/p>\n<p id=\"p-2\"><span>\u00cen urma incidentului, guvernul de la Tripoli a anun\u021bat trei zile de doliu na\u021bional.&nbsp;<\/span><\/p>\n<p id=\"p-3\"><span>Al-Haddad s-a aflat \u00eentr-o vizit\u0103 la Ankara unde s-a \u00eent\u00e2lnit cu&nbsp; Selcuk Bayraktaroglu, \u0218eful de Stat Major al Armatei Turce, Yasar Guler, ministrul turc al Ap\u0103r\u0103rii \u0219i al\u021bi oficiali militari.&nbsp;<\/span><\/p>\n<p id=\"p-4\"><span>Cauza accidentului nu este cunoscut\u0103 deocamdat\u0103. Ministrul turc de Interne a anun\u021bat c\u0103 aeronava <span><a href=\"https:\/\/www.mediafax.ro\/externe\/aeroportul-din-ankara-a-pierdut-contactul-cu-avionul-in-care-s-ar-afla-seful-armatei-libiene-23662811\">a pierdut contactul<\/a><\/span> cu turnul de control, iar ministrul de Justi\u021bie a anun\u021bat demararea anchetei.&nbsp;<\/span><\/p>\n<p id=\"p-5\"><span>Guvernul libian a anun\u021bat c\u0103 va trimite o delega\u021bie care s\u0103 sus\u021bin\u0103 ancheta.&nbsp;<\/span><\/p>\n<p id=\"p-6\"><span>Accidentul s-a produs la o zi dup\u0103 ce Parlamentul Turciei a decis prelungirea cu \u00eenc\u0103 doi ani a mandatului trupelor turce dislocate \u00een Libia. De\u0219i este stat membru NATO, Turcia sprijin\u0103 militar \u0219i politic guvernul de la Tripoli. Turcia a trimis militari \u00een Libia pentru instruc\u021bia trupelor \u0219i pentru sprijinirea guvernului \u0219i a semnat un acord energetic \u00een 2022.&nbsp;&nbsp;<\/span><\/p>\n<p id=\"p-7\">&nbsp;<\/p>\n<p id=\"p-8\"><span>&nbsp;&nbsp;<\/span><\/p>\n","protected":false},"excerpt":{"rendered":"<p>Moartea acestuia a fost anun\u021bat\u0103 de premierul libian Abdulhamid Dbeibah, liderul Guvernului de Uniune Na\u021bional\u0103 al Libiei. \u201eAceasta a avut loc \u00een urma unui incident tragic \u0219i dureros, survenit \u00een &hellip; <a href=\"https:\/\/microscopemedia.com\/?p=667891\" class=\"more-link\">Read More<\/a><\/p>\n","protected":false},"author":1,"featured_media":667892,"comment_status":"closed","ping_status":"closed","sticky":false,"template":"Default","format":"standard","meta":[],"categories":[1],"tags":[],"_links":{"self":[{"href":"https:\/\/microscopemedia.com\/index.php?rest_route=\/wp\/v2\/posts\/667891"}],"collection":[{"href":"https:\/\/microscopemedia.com\/index.php?rest_route=\/wp\/v2\/posts"}],"about":[{"href":"https:\/\/microscopemedia.com\/index.php?rest_route=\/wp\/v2\/types\/post"}],"author":[{"embeddable":true,"href":"https:\/\/microscopemedia.com\/index.php?rest_route=\/wp\/v2\/users\/1"}],"replies":[{"embeddable":true,"href":"https:\/\/microscopemedia.com\/index.php?rest_route=%2Fwp%2Fv2%2Fcomments&post=667891"}],"version-history":[{"count":0,"href":"https:\/\/microscopemedia.com\/index.php?rest_route=\/wp\/v2\/posts\/667891\/revisions"}],"wp:featuredmedia":[{"embeddable":true,"href":"https:\/\/microscopemedia.com\/index.php?rest_route=\/wp\/v2\/media\/667892"}],"wp:attachment":[{"href":"https:\/\/microscopemedia.com\/index.php?rest_route=%2Fwp%2Fv2%2Fmedia&parent=667891"}],"wp:term":[{"taxonomy":"category","embeddable":true,"href":"https:\/\/microscopemedia.com\/index.php?rest_route=%2Fwp%2Fv2%2Fcategories&post=667891"},{"taxonomy":"post_tag","embeddable":true,"href":"https:\/\/microscopemedia.com\/index.php?rest_route=%2Fwp%2Fv2%2Ftags&post=667891"}],"curies":[{"name":"wp","href":"https:\/\/api.w.org\/{rel}","templated":true}]}}