{"id":667901,"date":"2025-12-24T03:06:04","date_gmt":"2025-12-24T03:06:04","guid":{"rendered":"https:\/\/microscopemedia.com\/?p=667901"},"modified":"2025-12-24T03:06:04","modified_gmt":"2025-12-24T03:06:04","slug":"un-cetatean-britanic-din-australia-ar-putea-sa-fie-deportat-pentru-afisarea-de-simboluri-naziste","status":"publish","type":"post","link":"https:\/\/microscopemedia.com\/?p=667901","title":{"rendered":"Un cet\u0103\u021bean britanic din Australia ar putea s\u0103 fie deportat pentru afi\u0219area de simboluri naziste"},"content":{"rendered":"<div><img decoding=\"async\" src=\"https:\/\/microscopemedia.com\/wp-content\/uploads\/2025\/12\/un-cetatean-britanic-din-australia-ar-putea-sa-fie-deportat-pentru-afisarea-de-simboluri-naziste.jpg\" class=\"ff-og-image-inserted\"><\/div>\n<p id=\"p-0\"><span>B\u0103rbatul a fost arestat \u0219i pus sub acuzare la \u00eenceputul acestei luni, fiind suspectat c\u0103 a publicat pe re\u021bele de socializare simboluri \u0219i propagand\u0103 nazist\u0103. \u0219i a instigat la violen\u021b\u0103 \u00eempotriva comunit\u0103\u021bii evreie\u0219ti. Procesul acestuia este a\u0219teptat pentru luna ianuarie a anului viitor.&nbsp;<\/span><\/p>\n<p id=\"p-1\"><span>\u00cen urma perchezi\u021biilor efectuate la domiciliul s\u0103u din Caboolture, \u00een apropiere de Brisbane, poli\u021bia a confiscat telefoane, arme \u0219i mai multe s\u0103bii inscrip\u021bionate cu simboluri naziste.<\/span><\/p>\n<p id=\"p-2\"><span>Tony Burke, ministrul Afacerilor Interne, a transmis: \u201eA venit aici s\u0103 urasc\u0103, nu are voie s\u0103 r\u0103m\u00e2n\u0103. Dac\u0103 vii \u00een Australia cu viz\u0103, e\u0219ti aici ca oaspete\u201d.<\/span><\/p>\n<p id=\"p-3\"><span>Autorit\u0103\u021bile australiene au \u00eenceput s\u0103-\u0219i intensifice m\u0103surile luate \u00eempotriva ideologiile extremiste. Astfel, luna trecut\u0103, autorit\u0103\u021bile au revocat \u0219i viza unui cet\u0103\u021bean sud-african, Matthew Gruter, care locuia \u00een Australia din 2022, dup\u0103 ce acesta a fost v\u0103zut particip\u00e2nd la un miting neo-nazist.&nbsp;<\/span><\/p>\n<p id=\"p-4\"><span>Cei doi au posibilitatea de a contesta decizia de anulare a vizei. \u00cen plus, pot p\u0103r\u0103si Australia voluntar sau pot a\u0219tepta s\u0103 fie deporta\u021bi. Autorit\u0103\u021bile analizeaz\u0103 \u00een prezent dac\u0103 deportarea va fi am\u00e2nat\u0103 pentru ca acesta s\u0103 poat\u0103 r\u0103spunde \u00een fa\u021ba instan\u021bei pentru acuza\u021biile penale formulate.&nbsp;<\/span><\/p>\n<p id=\"p-5\"><span>\u00cenc\u0103 de la \u00eenceputul anului, Australia a&nbsp; \u00een\u0103sprit legisla\u021bia privind infrac\u021biunile motivate de ur\u0103.&nbsp;<\/span><\/p>\n<p id=\"p-6\"><span>&nbsp;<\/span><\/p>\n","protected":false},"excerpt":{"rendered":"<p>B\u0103rbatul a fost arestat \u0219i pus sub acuzare la \u00eenceputul acestei luni, fiind suspectat c\u0103 a publicat pe re\u021bele de socializare simboluri \u0219i propagand\u0103 nazist\u0103. \u0219i a instigat la violen\u021b\u0103 &hellip; <a href=\"https:\/\/microscopemedia.com\/?p=667901\" class=\"more-link\">Read More<\/a><\/p>\n","protected":false},"author":1,"featured_media":667902,"comment_status":"closed","ping_status":"closed","sticky":false,"template":"Default","format":"standard","meta":[],"categories":[1],"tags":[],"_links":{"self":[{"href":"https:\/\/microscopemedia.com\/index.php?rest_route=\/wp\/v2\/posts\/667901"}],"collection":[{"href":"https:\/\/microscopemedia.com\/index.php?rest_route=\/wp\/v2\/posts"}],"about":[{"href":"https:\/\/microscopemedia.com\/index.php?rest_route=\/wp\/v2\/types\/post"}],"author":[{"embeddable":true,"href":"https:\/\/microscopemedia.com\/index.php?rest_route=\/wp\/v2\/users\/1"}],"replies":[{"embeddable":true,"href":"https:\/\/microscopemedia.com\/index.php?rest_route=%2Fwp%2Fv2%2Fcomments&post=667901"}],"version-history":[{"count":0,"href":"https:\/\/microscopemedia.com\/index.php?rest_route=\/wp\/v2\/posts\/667901\/revisions"}],"wp:featuredmedia":[{"embeddable":true,"href":"https:\/\/microscopemedia.com\/index.php?rest_route=\/wp\/v2\/media\/667902"}],"wp:attachment":[{"href":"https:\/\/microscopemedia.com\/index.php?rest_route=%2Fwp%2Fv2%2Fmedia&parent=667901"}],"wp:term":[{"taxonomy":"category","embeddable":true,"href":"https:\/\/microscopemedia.com\/index.php?rest_route=%2Fwp%2Fv2%2Fcategories&post=667901"},{"taxonomy":"post_tag","embeddable":true,"href":"https:\/\/microscopemedia.com\/index.php?rest_route=%2Fwp%2Fv2%2Ftags&post=667901"}],"curies":[{"name":"wp","href":"https:\/\/api.w.org\/{rel}","templated":true}]}}