{"id":667913,"date":"2025-12-24T05:46:04","date_gmt":"2025-12-24T05:46:04","guid":{"rendered":"https:\/\/microscopemedia.com\/?p=667913"},"modified":"2025-12-24T05:46:04","modified_gmt":"2025-12-24T05:46:04","slug":"papa-leon-al-xiv-lea-nou-apel-la-armistitiu-de-craciun-in-ucraina-ma-intristeaza-refuzul-rusiei","status":"publish","type":"post","link":"https:\/\/microscopemedia.com\/?p=667913","title":{"rendered":"Papa Leon al XIV-lea, nou apel la armisti\u021biu de Cr\u0103ciun \u00een Ucraina: \u201eM\u0103 \u00eentristeaz\u0103 refuzul Rusiei\u201d"},"content":{"rendered":"<div><img decoding=\"async\" src=\"https:\/\/microscopemedia.com\/wp-content\/uploads\/2025\/12\/papa-leon-al-xiv-lea-nou-apel-la-armistitiu-de-craciun-in-ucraina-ma-intristeaza-refuzul-rusiei.jpg\" class=\"ff-og-image-inserted\"><\/div>\n<p id=\"p-0\">Declara\u021bia Suveranului Pontif a fost f\u0103cut\u0103 la plecarea din Villa Barberini, unde acesta a vorbit despre una dintre cele mai dureroase realit\u0103\u021bi ale momentului: continuare luptelor grele din Ucraina chiar \u0219i \u00een perioada s\u0103rb\u0103torilor. \u201eM\u0103 \u00eentristeaz\u0103 profund faptul c\u0103, din c\u00e2te se pare, Rusia a respins propunerea unui armisti\u021biu de Cr\u0103ciun\u201d, a afirmat Papa Leon al XIV-lea. El a subliniat c\u0103 solicitarea are un caracter eminamente uman \u0219i spiritual, nu unul politic, scrie cotidianul La Stampa.<\/p>\n<h2 id=\"chapter-0\">Papa Leon despre armisti\u021biu: \u201eO singur\u0103 zi de pace pentru \u00eentreaga lume\u201d<\/h2>\n<p id=\"p-1\">Papa Leon al XIV-lea a adresat \u00eenc\u0103 o dat\u0103 un apel pentru armisti\u021biu, c\u0103tre \u201eoamenii cu inima bun\u0103\u201d din ambele taberele. A \u00eendemnat la oprirea violen\u021belor m\u0103car pentru o zi. \u201eRepet aceast\u0103 rug\u0103minte: s\u0103 existe pace, m\u0103car \u00een ziua \u00een care s\u0103rb\u0103torim na\u0219terea M\u00e2ntuitorului. O zi de pace \u00een \u00eentreaga lume\u201d, a spus liderul Bisericii Catolice.<\/p>\n<p id=\"p-2\">Mesajul vine \u00een contextul \u00een care luptele din Ucraina continu\u0103, iar perspectivele unei solu\u021bii diplomatice r\u0103m\u00e2n neclare. R\u0103zboiul nu pare s\u0103 se opreasc\u0103, \u00een pofida presiunilor interna\u021bionale \u0219i a apelurilor frecvente la dialog.<\/p>\n<h2 id=\"chapter-1\">O tradi\u021bie a apelurilor papale de Cr\u0103ciun<\/h2>\n<p id=\"p-3\">De-a lungul istoriei, papii au folosit mereu momentul Cr\u0103ciunului pentru a solicita \u00eencetarea temporar\u0103 a ostilit\u0103\u021bilor. Ei au invocat \u00een permanen\u021b\u0103 sacralitatea s\u0103rb\u0103torii \u0219i protejarea popula\u021biei civile. \u00cen cazul conflictului din Ucraina, Vaticanul a lansat multiple apeluri la pace \u00eenc\u0103 de la debutul invaziei ruse.<\/p>\n<p id=\"p-4\">Chiar dac\u0103 \u0219ansele ca un <a href=\"https:\/\/www.mediafax.ro\/stirile-zilei\/kremlinul-conditioneaza-propunerea-ucraineana-a-unui-armistitiu-de-craciun-de-incheierea-unei-paci-23659026\" target=\"_blank\" rel=\"noopener\">armisti\u021biu<\/a> temporar s\u0103 fie respectat sunt reduse, mesajul Papei Leon al XIV-lea r\u0103m\u00e2ne un \u00eendemn moral puternic, menit s\u0103 reaminteasc\u0103 responsabilitatea uman\u0103, care are capacitatea de a merge dincolo logica distructiv\u0103 a r\u0103zboiului.<\/p>\n","protected":false},"excerpt":{"rendered":"<p>Declara\u021bia Suveranului Pontif a fost f\u0103cut\u0103 la plecarea din Villa Barberini, unde acesta a vorbit despre una dintre cele mai dureroase realit\u0103\u021bi ale momentului: continuare luptelor grele din Ucraina chiar &hellip; <a href=\"https:\/\/microscopemedia.com\/?p=667913\" class=\"more-link\">Read More<\/a><\/p>\n","protected":false},"author":1,"featured_media":667914,"comment_status":"closed","ping_status":"closed","sticky":false,"template":"Default","format":"standard","meta":[],"categories":[1],"tags":[],"_links":{"self":[{"href":"https:\/\/microscopemedia.com\/index.php?rest_route=\/wp\/v2\/posts\/667913"}],"collection":[{"href":"https:\/\/microscopemedia.com\/index.php?rest_route=\/wp\/v2\/posts"}],"about":[{"href":"https:\/\/microscopemedia.com\/index.php?rest_route=\/wp\/v2\/types\/post"}],"author":[{"embeddable":true,"href":"https:\/\/microscopemedia.com\/index.php?rest_route=\/wp\/v2\/users\/1"}],"replies":[{"embeddable":true,"href":"https:\/\/microscopemedia.com\/index.php?rest_route=%2Fwp%2Fv2%2Fcomments&post=667913"}],"version-history":[{"count":0,"href":"https:\/\/microscopemedia.com\/index.php?rest_route=\/wp\/v2\/posts\/667913\/revisions"}],"wp:featuredmedia":[{"embeddable":true,"href":"https:\/\/microscopemedia.com\/index.php?rest_route=\/wp\/v2\/media\/667914"}],"wp:attachment":[{"href":"https:\/\/microscopemedia.com\/index.php?rest_route=%2Fwp%2Fv2%2Fmedia&parent=667913"}],"wp:term":[{"taxonomy":"category","embeddable":true,"href":"https:\/\/microscopemedia.com\/index.php?rest_route=%2Fwp%2Fv2%2Fcategories&post=667913"},{"taxonomy":"post_tag","embeddable":true,"href":"https:\/\/microscopemedia.com\/index.php?rest_route=%2Fwp%2Fv2%2Ftags&post=667913"}],"curies":[{"name":"wp","href":"https:\/\/api.w.org\/{rel}","templated":true}]}}