{"id":667923,"date":"2025-12-24T06:56:04","date_gmt":"2025-12-24T06:56:04","guid":{"rendered":"https:\/\/microscopemedia.com\/?p=667923"},"modified":"2025-12-24T06:56:04","modified_gmt":"2025-12-24T06:56:04","slug":"calatorii-stb-sunt-dusi-chiar-de-mos-craciun-soferi-si-vatmani-aduc-spiritul-sarbatorilor-in-capitala","status":"publish","type":"post","link":"https:\/\/microscopemedia.com\/?p=667923","title":{"rendered":"C\u0103l\u0103torii STB sunt du\u0219i chiar de Mo\u0219 Cr\u0103ciun: \u0219oferi \u0219i vatmani aduc spiritul s\u0103rb\u0103torilor \u00een Capital\u0103"},"content":{"rendered":"<div><img decoding=\"async\" src=\"https:\/\/microscopemedia.com\/wp-content\/uploads\/2025\/12\/calatorii-stb-sunt-dusi-chiar-de-mos-craciun-soferi-si-vatmani-aduc-spiritul-sarbatorilor-in-capitala.jpg\" class=\"ff-og-image-inserted\"><\/div>\n<p id=\"p-0\">Purt\u0103torul de cuv\u00e2nt al STB, Constantin Tobescu, a declarat pentru MEDIAFAX c\u0103 ini\u021biativa apar\u021bine exclusiv angaja\u021bilor \u0219i nu este un caz izolat.<\/p>\n<p id=\"p-1\">\u201e<strong>Este o ini\u021biativ\u0103 proprie. E l\u0103udabil. Ce pot spune este c\u0103 nu este un caz singular. Sunt mai mul\u021bi colegi, \u0219oferi \u0219i vatmani, care au decis s\u0103 \u00eencurajeze, astfel, bucuria s\u0103rb\u0103torilor din aceste zile<\/strong>\u201d, a explicat Tobescu.<\/p>\n<p id=\"p-2\">Acesta a ad\u0103ugat c\u0103 fenomenul nu este nou, dar \u00een acest an pare s\u0103 capete amploare.<\/p>\n<p id=\"p-3\">\u201eAstfel de situa\u021bii au fost \u0219i anii trecu\u021bi, \u00eens\u0103 fenomenul cap\u0103t\u0103 amploare. Ei spun, pe bun\u0103 dreptate, c\u0103 to\u021bi c\u0103l\u0103torii au o stare de bine c\u00e2nd sunt du\u0219i \u00een diverse p\u0103r\u021bi ale Capitalei chiar de\u2026 Mo\u0219 Cr\u0103ciun\u201d, a mai precizat reprezentantul STB.<\/p>\n<p id=\"p-4\">Imaginile cu \u0219oferi costuma\u021bi \u00een Mo\u0219 Cr\u0103ciun au devenit virale pe re\u021belele sociale.<\/p>\n<p id=\"p-5\">O c\u0103l\u0103toare din Bucure\u0219ti a postat o fotografie realizat\u0103 \u00eentr-un autobuz de pe linia 385, unde conduc\u0103torul auto purta costumul specific s\u0103rb\u0103torilor. \u201e<strong>C\u00e2nd <a href=\"https:\/\/www.mediafax.ro\/life-inedit\/exista-sau-nu-exista-mos-craciun-cum-pot-raspunde-parintii-la-aceasta-intrebare-a-copiilor-23662930\">Mo\u0219 Cr\u0103ciun<\/a> nu mai vine cu sania\u2026 ci cu autobuzul 385. Respect, Mo\u0219ule<\/strong>\u201d, a scris aceasta.<\/p>\n<p id=\"p-6\">Gestul angaja\u021bilor STB a fost apreciat de numero\u0219i bucure\u0219teni, care spun c\u0103 astfel de ini\u021biative aduc un plus de c\u0103ldur\u0103 \u0219i spirit festiv \u00een aglomera\u021bia specific\u0103 perioadei de s\u0103rb\u0103tori.<\/p>\n","protected":false},"excerpt":{"rendered":"<p>Purt\u0103torul de cuv\u00e2nt al STB, Constantin Tobescu, a declarat pentru MEDIAFAX c\u0103 ini\u021biativa apar\u021bine exclusiv angaja\u021bilor \u0219i nu este un caz izolat. \u201eEste o ini\u021biativ\u0103 proprie. E l\u0103udabil. Ce pot &hellip; <a href=\"https:\/\/microscopemedia.com\/?p=667923\" class=\"more-link\">Read More<\/a><\/p>\n","protected":false},"author":1,"featured_media":667924,"comment_status":"closed","ping_status":"closed","sticky":false,"template":"Default","format":"standard","meta":[],"categories":[1],"tags":[],"_links":{"self":[{"href":"https:\/\/microscopemedia.com\/index.php?rest_route=\/wp\/v2\/posts\/667923"}],"collection":[{"href":"https:\/\/microscopemedia.com\/index.php?rest_route=\/wp\/v2\/posts"}],"about":[{"href":"https:\/\/microscopemedia.com\/index.php?rest_route=\/wp\/v2\/types\/post"}],"author":[{"embeddable":true,"href":"https:\/\/microscopemedia.com\/index.php?rest_route=\/wp\/v2\/users\/1"}],"replies":[{"embeddable":true,"href":"https:\/\/microscopemedia.com\/index.php?rest_route=%2Fwp%2Fv2%2Fcomments&post=667923"}],"version-history":[{"count":0,"href":"https:\/\/microscopemedia.com\/index.php?rest_route=\/wp\/v2\/posts\/667923\/revisions"}],"wp:featuredmedia":[{"embeddable":true,"href":"https:\/\/microscopemedia.com\/index.php?rest_route=\/wp\/v2\/media\/667924"}],"wp:attachment":[{"href":"https:\/\/microscopemedia.com\/index.php?rest_route=%2Fwp%2Fv2%2Fmedia&parent=667923"}],"wp:term":[{"taxonomy":"category","embeddable":true,"href":"https:\/\/microscopemedia.com\/index.php?rest_route=%2Fwp%2Fv2%2Fcategories&post=667923"},{"taxonomy":"post_tag","embeddable":true,"href":"https:\/\/microscopemedia.com\/index.php?rest_route=%2Fwp%2Fv2%2Ftags&post=667923"}],"curies":[{"name":"wp","href":"https:\/\/api.w.org\/{rel}","templated":true}]}}