{"id":667927,"date":"2025-12-24T07:16:05","date_gmt":"2025-12-24T07:16:05","guid":{"rendered":"https:\/\/microscopemedia.com\/?p=667927"},"modified":"2025-12-24T07:16:05","modified_gmt":"2025-12-24T07:16:05","slug":"hot-deghizat-in-livrator-de-mancare-arestat-preventiv-dupa-ce-a-furat-un-seif-cu-40-000-de-euro-dintr-o-locuinta-din-cluj-napoca","status":"publish","type":"post","link":"https:\/\/microscopemedia.com\/?p=667927","title":{"rendered":"Ho\u021b deghizat \u00een livrator de m\u00e2ncare, arestat preventiv dup\u0103 ce a furat un seif cu 40.000 de euro dintr-o locuin\u021b\u0103 din Cluj-Napoca"},"content":{"rendered":"<div><img decoding=\"async\" src=\"https:\/\/microscopemedia.com\/wp-content\/uploads\/2025\/12\/hot-deghizat-in-livrator-de-mancare-arestat-preventiv-dupa-ce-a-furat-un-seif-cu-40-000-de-euro-dintr-o-locuinta-din-cluj-napoca.jpg\" class=\"ff-og-image-inserted\"><\/div>\n<p data-start=\"414\" data-end=\"815\" id=\"p-0\">Procurorul de caz din cadrul Parchetului de pe l\u00e2ng\u0103 Judec\u0103toria Cluj-Napoca a propus, la data de 23 decembrie 2025, luarea m\u0103surii arest\u0103rii preventive fa\u021b\u0103 de doi inculpa\u021bi cerceta\u021bi pentru furt calificat, respectiv complicitate la furt calificat. Judec\u0103torul de drepturi \u0219i libert\u0103\u021bi a admis propunerea \u0219i a dispus arestarea preventiv\u0103 a celor doi pentru o perioad\u0103 de 30 de zile.<\/p>\n<p data-start=\"817\" data-end=\"1147\" id=\"p-1\">Potrivit <a href=\"https:\/\/www.mediafax.ro\/social\/perchezitii-in-calarasi-si-bucuresti-cinci-tone-de-materiale-pirotehnice-confiscate-de-politisti-23662523\">anchetatorilor<\/a>, fapta a avut loc \u00een data de 5 noiembrie 2025. Inculpatul D.I., beneficiind de sprijinul moral al inculpatului C.N., care i-ar fi \u00eent\u0103rit rezolu\u021bia infrac\u021bional\u0103 \u0219i i-ar fi promis c\u0103 \u00eel va prelua cu autoturismul dup\u0103 comiterea faptei, s-a deghizat \u00eentr-un livrator de m\u00e2ncare pentru a nu st\u00e2rni suspiciuni.<\/p>\n<p data-start=\"1149\" data-end=\"1471\" id=\"p-2\"><strong>Folosind o cheie potrivit\u0103, acesta a p\u0103truns ilegal \u00eentr-o locuin\u021b\u0103 din municipiul Cluj-Napoca, de unde a sustras un seif ce con\u021binea aproximativ 40.000 de euro \u0219i 5.000 de lei.<\/strong> Prejudiciul material produs persoanei v\u0103t\u0103mate este considerabil, fiind reprezentat at\u00e2t de sumele de bani furate, c\u00e2t \u0219i de bunurile sustrase.<\/p>\n<p data-start=\"1473\" data-end=\"1910\" id=\"p-3\">La formularea propunerii de arestare preventiv\u0103, procurorii au avut \u00een vedere gravitatea deosebit\u0103 a faptei, valoarea ridicat\u0103 a prejudiciului, precum \u0219i modul profesionist de operare. Ancheta arat\u0103 c\u0103 au fost vizate exclusiv sume de bani, ceea ce indic\u0103 un scop infrac\u021bional clar, orientat spre ob\u021binerea unor beneficii materiale importante, prin \u00eenc\u0103lcarea grav\u0103 a inviolabilit\u0103\u021bii domiciliului \u0219i a siguran\u021bei patrimoniale a victimei.<\/p>\n<p data-start=\"1912\" data-end=\"2086\" data-is-last-node data-is-only-node id=\"p-4\">Activit\u0103\u021bile de urm\u0103rire penal\u0103 din acest dosar au fost desf\u0103\u0219urate cu sprijinul poli\u021bi\u0219tilor din cadrul Poli\u021biei Municipiului Cluj-Napoca \u2013 Biroul de Investiga\u021bii Criminale.<\/p>\n","protected":false},"excerpt":{"rendered":"<p>Procurorul de caz din cadrul Parchetului de pe l\u00e2ng\u0103 Judec\u0103toria Cluj-Napoca a propus, la data de 23 decembrie 2025, luarea m\u0103surii arest\u0103rii preventive fa\u021b\u0103 de doi inculpa\u021bi cerceta\u021bi pentru furt &hellip; <a href=\"https:\/\/microscopemedia.com\/?p=667927\" class=\"more-link\">Read More<\/a><\/p>\n","protected":false},"author":1,"featured_media":667928,"comment_status":"closed","ping_status":"closed","sticky":false,"template":"Default","format":"standard","meta":[],"categories":[1],"tags":[],"_links":{"self":[{"href":"https:\/\/microscopemedia.com\/index.php?rest_route=\/wp\/v2\/posts\/667927"}],"collection":[{"href":"https:\/\/microscopemedia.com\/index.php?rest_route=\/wp\/v2\/posts"}],"about":[{"href":"https:\/\/microscopemedia.com\/index.php?rest_route=\/wp\/v2\/types\/post"}],"author":[{"embeddable":true,"href":"https:\/\/microscopemedia.com\/index.php?rest_route=\/wp\/v2\/users\/1"}],"replies":[{"embeddable":true,"href":"https:\/\/microscopemedia.com\/index.php?rest_route=%2Fwp%2Fv2%2Fcomments&post=667927"}],"version-history":[{"count":0,"href":"https:\/\/microscopemedia.com\/index.php?rest_route=\/wp\/v2\/posts\/667927\/revisions"}],"wp:featuredmedia":[{"embeddable":true,"href":"https:\/\/microscopemedia.com\/index.php?rest_route=\/wp\/v2\/media\/667928"}],"wp:attachment":[{"href":"https:\/\/microscopemedia.com\/index.php?rest_route=%2Fwp%2Fv2%2Fmedia&parent=667927"}],"wp:term":[{"taxonomy":"category","embeddable":true,"href":"https:\/\/microscopemedia.com\/index.php?rest_route=%2Fwp%2Fv2%2Fcategories&post=667927"},{"taxonomy":"post_tag","embeddable":true,"href":"https:\/\/microscopemedia.com\/index.php?rest_route=%2Fwp%2Fv2%2Ftags&post=667927"}],"curies":[{"name":"wp","href":"https:\/\/api.w.org\/{rel}","templated":true}]}}