{"id":667931,"date":"2025-12-24T07:56:04","date_gmt":"2025-12-24T07:56:04","guid":{"rendered":"https:\/\/microscopemedia.com\/?p=667931"},"modified":"2025-12-24T07:56:04","modified_gmt":"2025-12-24T07:56:04","slug":"paradoxul-care-polarizeaza-societatea-este-democratia-mereu-despre-adevar","status":"publish","type":"post","link":"https:\/\/microscopemedia.com\/?p=667931","title":{"rendered":"Paradoxul care polarizeaz\u0103 societatea: Este democra\u021bia mereu despre adev\u0103r?"},"content":{"rendered":"<div><img decoding=\"async\" src=\"https:\/\/microscopemedia.com\/wp-content\/uploads\/2025\/12\/paradoxul-care-polarizeaza-societatea-este-democratia-mereu-despre-adevar.jpg\" class=\"ff-og-image-inserted\"><\/div>\n<p id=\"p-0\">Tr\u0103im \u00eentr-o perioad\u0103 \u00een care no\u021biunea de adev\u0103r pare s\u0103 \u00ee\u0219i fi pierdut din greutate \u00een dezbatereile publice. Institu\u021bii precum \u0219colile, universit\u0103\u021bile, presa tradi\u021bional\u0103 \u0219i autorit\u0103\u021bile \u00een domeniu sunt privite cu suspiciune, iar minciuna politic\u0103 este tot mai des folosit\u0103, f\u0103r\u0103 a deranja, \u00een ob\u021binerea sprijinului electoral. Ast\u0103zi, democra\u021bia pare mai slab\u0103 ca niciodat\u0103 iar valul populismului a ajuns aproape sub\u00een\u021beles.<\/p>\n<p id=\"p-1\">Mul\u021bi sus\u021bin\u0103tori ai democra\u021biei pornesc de la ideea c\u0103 adev\u0103rul este fundamentul acesteia. Filosoful Frank Chouraqui avertizeaz\u0103 \u00eens\u0103 c\u0103 aceast\u0103 presupunere poate avea un cost: concentrarea excesiv\u0103 pe adev\u0103r poate intra \u00een conflict cu alte nevoi vitale ale sistemului democratic.<\/p>\n<h2 id=\"chapter-0\">De ce asociem mereu democra\u021bia cu adev\u0103rul<\/h2>\n<p id=\"p-2\">G\u00e2ndirea politic\u0103 a oferit de-a lungul timpului mai multe motive pentru a lega democra\u021bia de adev\u0103r. Cea mai simpl\u0103 explica\u021bie este c\u0103 democra\u021bia promoveaz\u0103 valori considerate \u201ebune\u201d, iar adev\u0103rul este una dintre ele.<\/p>\n<p id=\"p-3\">O argumentare mai complex\u0103, formulat\u0103 de filosoful german J\u00fcrgen Habermas, este c\u0103 democra\u021bia are nevoie de o cultur\u0103 a deliber\u0103rii. Pentru ca dialogul public s\u0103 fie func\u021bional, participan\u021bii trebuie s\u0103 formuleze afirma\u021bii ce pot fi verificate ca adev\u0103rate sau false.<\/p>\n<p id=\"p-4\">\u00centr-o linie similar\u0103, jurnalista Maria Ressa, laureat\u0103 a Premiului Nobel pentru Pace, subliniaz\u0103 c\u0103 f\u0103r\u0103 fapte nu exist\u0103 adev\u0103r, f\u0103r\u0103 adev\u0103r nu exist\u0103 \u00eencredere, iar lipsa \u00eencrederii destram\u0103 realitatea comun\u0103 ce \u021bine \u00een via\u021b\u0103 democra\u021bia.<\/p>\n<h2 id=\"chapter-1\">Este posibil\u0103 o realitate comun\u0103 f\u0103r\u0103 adev\u0103r?<\/h2>\n<p id=\"p-5\">Chouraqui adreseaz\u0103 \u00eens\u0103 o provocare: chiar avem nevoie de adev\u0103r pentru a \u00eemp\u0103rt\u0103\u0219i o realitate comun\u0103? \u00cen via\u021ba cotidian\u0103, multe dintre leg\u0103turile dintre oameni nu se sprijin\u0103 pe adev\u0103ruri factuale.<\/p>\n<p id=\"p-6\">Miturile, tradi\u021biile, apartenen\u021ba cultural\u0103 sau religioas\u0103 creeaz\u0103 spa\u021bii comune de \u00een\u021belegere f\u0103r\u0103 a se baza pe afirma\u021bii verificabile. Comunit\u0103\u021bile nu exist\u0103 pentru c\u0103 sunt \u201eadev\u0103rate\u201d \u00een sens strict, ci pentru c\u0103 ofer\u0103 coeren\u021b\u0103 \u0219i sens vie\u021bii celor care fac parte din ele.<\/p>\n<p id=\"p-7\">Se afirm\u0103 adesea c\u0103 adev\u0103rul este neutru \u0219i, tocmai de aceea, compatibil cu democra\u021bia. \u00cens\u0103 criticii populisti ai exper\u021bilor folosesc frecvent acest concept pentru a-i acuza c\u0103 ar reprezenta interesele unei elite tehnocrate.<\/p>\n<p id=\"p-8\">Diferen\u021ba major\u0103 este c\u0103 exper\u021bii care caut\u0103 adev\u0103rul trebuie s\u0103 r\u0103spund\u0103 public pentru afirma\u021biile lor. Pot fi contesta\u021bi, corecta\u021bi \u0219i tra\u0219i la r\u0103spundere. \u00cen acest sens, democra\u021bia pare mai apropiat\u0103 de ideea de responsabilitate public\u0103 dec\u00e2t de adev\u0103rul absolut.<\/p>\n<h2 id=\"chapter-2\">Democra\u021bia \u0219i adev\u0103rul, insuficiente pentru o via\u021b\u0103 uman\u0103 deplin\u0103<\/h2>\n<p id=\"p-9\">Scopul democra\u021biei nu este doar acumularea de informa\u021bii corecte, ci construirea unui cadru \u00een care oamenii s\u0103 duc\u0103 vie\u021bi demne \u0219i pline de sens. Acest lucru nu poate fi realizat exclusiv prin fapte \u0219i date.<\/p>\n<p id=\"p-10\">O existen\u021b\u0103 uman\u0103 \u00eemplinit\u0103 presupune at\u00e2t \u00een\u021belegerea realit\u0103\u021bii, c\u00e2t \u0219i g\u0103sirea unui sens personal, definit de identitate, valori, interpret\u0103ri \u0219i institu\u021bii \u2013 elemente care nu se revendic\u0103 neap\u0103rat de la adev\u0103rul obiectiv.<\/p>\n<p id=\"p-11\">C\u00e2nd democra\u021bia neglijeaz\u0103 dimensiunea sensului \u0219i pune accent doar pe adev\u0103r, apare riscul alien\u0103rii cet\u0103\u021benilor. Pierderea leg\u0103turilor cu tradi\u021biile, comunit\u0103\u021bile \u0219i identitatea na\u021bional\u0103 a creat un context favorabil ascensiunii populismului.<\/p>\n<h2 id=\"chapter-3\">Populismul, \u00eentr-un context propice<\/h2>\n<p id=\"p-12\">Nu este deloc \u00eent\u00e2mpl\u0103tor c\u0103 discursurile populiste se centreaz\u0103 pe teme precum apartenen\u021ba, originile, nostalgia sau identitatea, oferind r\u0103spunsuri emo\u021bionale unei lipse de sens pe care elitele democratice o ignor\u0103. Criza actual\u0103 nu este doar una a adev\u0103rului, ci \u0219i una a sensului. Atunci c\u00e2nd valoarea adev\u0103rului este exagerat\u0103 \u00een detrimentul \u00een\u021belesului personal \u0219i colectiv, democra\u021bia \u00ee\u0219i poate \u00eendep\u0103rta propriii cet\u0103\u021beni, \u00eemping\u00e2ndu-i spre op\u021biuni antidemocratice.<\/p>\n<p id=\"p-13\"><a href=\"https:\/\/www.mediafax.ro\/politic\/procurorii-din-csm-reactie-dupa-solicitarea-de-referendum-pentru-validarea-membrilor-consiliului-23662087\" target=\"_blank\" rel=\"noopener\">Adev\u0103rul<\/a> r\u0103m\u00e2ne important, dar nu este suficient pentru a sus\u021bine o via\u021b\u0103 uman\u0103 autentic\u0103. O democra\u021bie solid\u0103 trebuie s\u0103 \u00eembine respectul pentru fapte cu grij\u0103 fa\u021b\u0103 de nevoia oamenilor de sens, leg\u0103turi \u0219i valori comunitare reale.<\/p>\n","protected":false},"excerpt":{"rendered":"<p>Tr\u0103im \u00eentr-o perioad\u0103 \u00een care no\u021biunea de adev\u0103r pare s\u0103 \u00ee\u0219i fi pierdut din greutate \u00een dezbatereile publice. Institu\u021bii precum \u0219colile, universit\u0103\u021bile, presa tradi\u021bional\u0103 \u0219i autorit\u0103\u021bile \u00een domeniu sunt privite &hellip; <a href=\"https:\/\/microscopemedia.com\/?p=667931\" class=\"more-link\">Read More<\/a><\/p>\n","protected":false},"author":1,"featured_media":667932,"comment_status":"closed","ping_status":"closed","sticky":false,"template":"Default","format":"standard","meta":[],"categories":[1],"tags":[],"_links":{"self":[{"href":"https:\/\/microscopemedia.com\/index.php?rest_route=\/wp\/v2\/posts\/667931"}],"collection":[{"href":"https:\/\/microscopemedia.com\/index.php?rest_route=\/wp\/v2\/posts"}],"about":[{"href":"https:\/\/microscopemedia.com\/index.php?rest_route=\/wp\/v2\/types\/post"}],"author":[{"embeddable":true,"href":"https:\/\/microscopemedia.com\/index.php?rest_route=\/wp\/v2\/users\/1"}],"replies":[{"embeddable":true,"href":"https:\/\/microscopemedia.com\/index.php?rest_route=%2Fwp%2Fv2%2Fcomments&post=667931"}],"version-history":[{"count":0,"href":"https:\/\/microscopemedia.com\/index.php?rest_route=\/wp\/v2\/posts\/667931\/revisions"}],"wp:featuredmedia":[{"embeddable":true,"href":"https:\/\/microscopemedia.com\/index.php?rest_route=\/wp\/v2\/media\/667932"}],"wp:attachment":[{"href":"https:\/\/microscopemedia.com\/index.php?rest_route=%2Fwp%2Fv2%2Fmedia&parent=667931"}],"wp:term":[{"taxonomy":"category","embeddable":true,"href":"https:\/\/microscopemedia.com\/index.php?rest_route=%2Fwp%2Fv2%2Fcategories&post=667931"},{"taxonomy":"post_tag","embeddable":true,"href":"https:\/\/microscopemedia.com\/index.php?rest_route=%2Fwp%2Fv2%2Ftags&post=667931"}],"curies":[{"name":"wp","href":"https:\/\/api.w.org\/{rel}","templated":true}]}}