{"id":667939,"date":"2025-12-24T08:46:04","date_gmt":"2025-12-24T08:46:04","guid":{"rendered":"https:\/\/microscopemedia.com\/?p=667939"},"modified":"2025-12-24T08:46:04","modified_gmt":"2025-12-24T08:46:04","slug":"conflict-pe-o-strada-din-lugoj-un-neamt-a-amenintat-cu-cutitul","status":"publish","type":"post","link":"https:\/\/microscopemedia.com\/?p=667939","title":{"rendered":"Conflict pe o strad\u0103 din Lugoj: un neam\u021b a amenin\u021bat cu cu\u021bitul"},"content":{"rendered":"<div><img decoding=\"async\" src=\"https:\/\/microscopemedia.com\/wp-content\/uploads\/2025\/12\/conflict-pe-o-strada-din-lugoj-un-neamt-a-amenintat-cu-cutitul.jpg\" class=\"ff-og-image-inserted\"><\/div>\n<p id=\"p-0\">Potrivit Poli\u021biei Timi\u0219, conflictul a avut loc mar\u021bi spre miercuri noaptea, \u00een jurul orei 23:15, pe strada Bucegi din Lugoj.<\/p>\n<p id=\"p-1\">Din primele verific\u0103ri, se pare c\u0103, pe fondul unor divergen\u021be spontane, un t\u00e2n\u0103r de 26 de ani, cet\u0103\u021bean german, a amenin\u021bat o alt\u0103 persoan\u0103 cu un cu\u021bit.<\/p>\n<p id=\"p-2\">Echipajele de poli\u021bie au intervenit pentru aplanarea conflictului, imobilizarea persoanei \u00een cauz\u0103 \u0219i conducerea acesteia la sediul unit\u0103\u021bii de poli\u021bie.<\/p>\n<p id=\"p-3\">\u00cen cauz\u0103 a fost \u00eentocmit dosar penal, cercet\u0103rile fiind efectuate sub aspectul s\u0103v\u00e2r\u0219irii infrac\u021biunii de amenin\u021bare.<\/p>\n<p id=\"p-4\">\u201eAv\u00e2nd \u00een vedere comportamentul manifestat de c\u0103tre t\u00e2n\u0103r, a fost dispus\u0103 internarea acestuia \u00eentr-o unitate medical\u0103 de specialitate, conform procedurilor legale\u201d, transmite Poli\u021bia Timi\u0219.<\/p>\n<p id=\"p-5\">Cercet\u0103rile continu\u0103, sub coordonarea unit\u0103\u021bii de parchet competente, pentru stabilirea tuturor \u00eemprejur\u0103rilor \u00een care s-a produs incidentul.<\/p>\n","protected":false},"excerpt":{"rendered":"<p>Potrivit Poli\u021biei Timi\u0219, conflictul a avut loc mar\u021bi spre miercuri noaptea, \u00een jurul orei 23:15, pe strada Bucegi din Lugoj. Din primele verific\u0103ri, se pare c\u0103, pe fondul unor divergen\u021be &hellip; <a href=\"https:\/\/microscopemedia.com\/?p=667939\" class=\"more-link\">Read More<\/a><\/p>\n","protected":false},"author":1,"featured_media":667940,"comment_status":"closed","ping_status":"closed","sticky":false,"template":"Default","format":"standard","meta":[],"categories":[1],"tags":[],"_links":{"self":[{"href":"https:\/\/microscopemedia.com\/index.php?rest_route=\/wp\/v2\/posts\/667939"}],"collection":[{"href":"https:\/\/microscopemedia.com\/index.php?rest_route=\/wp\/v2\/posts"}],"about":[{"href":"https:\/\/microscopemedia.com\/index.php?rest_route=\/wp\/v2\/types\/post"}],"author":[{"embeddable":true,"href":"https:\/\/microscopemedia.com\/index.php?rest_route=\/wp\/v2\/users\/1"}],"replies":[{"embeddable":true,"href":"https:\/\/microscopemedia.com\/index.php?rest_route=%2Fwp%2Fv2%2Fcomments&post=667939"}],"version-history":[{"count":0,"href":"https:\/\/microscopemedia.com\/index.php?rest_route=\/wp\/v2\/posts\/667939\/revisions"}],"wp:featuredmedia":[{"embeddable":true,"href":"https:\/\/microscopemedia.com\/index.php?rest_route=\/wp\/v2\/media\/667940"}],"wp:attachment":[{"href":"https:\/\/microscopemedia.com\/index.php?rest_route=%2Fwp%2Fv2%2Fmedia&parent=667939"}],"wp:term":[{"taxonomy":"category","embeddable":true,"href":"https:\/\/microscopemedia.com\/index.php?rest_route=%2Fwp%2Fv2%2Fcategories&post=667939"},{"taxonomy":"post_tag","embeddable":true,"href":"https:\/\/microscopemedia.com\/index.php?rest_route=%2Fwp%2Fv2%2Ftags&post=667939"}],"curies":[{"name":"wp","href":"https:\/\/api.w.org\/{rel}","templated":true}]}}