{"id":667953,"date":"2025-12-24T10:26:04","date_gmt":"2025-12-24T10:26:04","guid":{"rendered":"https:\/\/microscopemedia.com\/?p=667953"},"modified":"2025-12-24T10:26:04","modified_gmt":"2025-12-24T10:26:04","slug":"guvernul-condamna-valul-de-manifestari-antisemite-si-atacurile-la-adresa-deputatului-silviu-vexler","status":"publish","type":"post","link":"https:\/\/microscopemedia.com\/?p=667953","title":{"rendered":"Guvernul condamn\u0103 valul de manifest\u0103ri antisemite \u0219i atacurile la adresa deputatului Silviu Vexler"},"content":{"rendered":"<div><img decoding=\"async\" src=\"https:\/\/microscopemedia.com\/wp-content\/uploads\/2025\/12\/guvernul-condamna-valul-de-manifestari-antisemite-si-atacurile-la-adresa-deputatului-silviu-vexler.jpg\" class=\"ff-og-image-inserted\"><\/div>\n<p data-start=\"527\" data-end=\"916\" id=\"p-0\">Comitetul interministerial de monitorizare a implement\u0103rii Strategiei na\u021bionale pentru prevenirea \u0219i combaterea antisemitismului, xenofobiei, radicaliz\u0103rii \u0219i a discursului instigator la ur\u0103 2024\u20132027, condus de secretarul de stat Drago\u0219 Hotea, a transmis un mesaj public de condamnare a valului de atacuri antisemite \u0219i de instigare la ur\u0103 \u0219i violen\u021b\u0103 din ultimele zile.<\/p>\n<p data-start=\"918\" data-end=\"1374\" id=\"p-1\">Reprezentan\u021bii Comitetului subliniaz\u0103 c\u0103 nimic nu poate justifica astfel de derapaje antisemite, iar amploarea atacurilor, \u00een special \u00een mediul online, este incompatibil\u0103 cu valorile unei societ\u0103\u021bi democratice, \u00een care drepturile \u0219i libert\u0103\u021bile fundamentale sunt garantate \u0219i protejate. Potrivit comunicatului, aceste manifest\u0103ri au efecte \u00eengrijor\u0103toare nu doar asupra deputatului <a href=\"https:\/\/www.mediafax.ro\/politic\/manifestarile-antisemite-au-explodat-pe-retelele-de-socializare-in-ultimele-ore-institutul-elie-wiesel-avertisment-dupa-incidentul-vexler-si-vot-23661229\">Silviu Vexler<\/a>, ci \u0219i asupra membrilor comunit\u0103\u021bilor evreie\u0219ti din Rom\u00e2nia.<\/p>\n<p data-start=\"1376\" data-end=\"1703\" id=\"p-2\">Autorit\u0103\u021bile atrag aten\u021bia c\u0103 libertatea de exprimare \u0219i dezbaterea democratic\u0103 nu pot fi invocate pentru a justifica sau alimenta ura \u0219i violen\u021ba etnic\u0103 ori religioas\u0103. \u00cen acest context, este lansat un apel c\u0103tre toate for\u021bele politice, liderii de opinie, mass-media \u0219i publicul larg pentru adoptarea unui discurs responsabil.<\/p>\n<p data-start=\"1705\" data-end=\"2138\" id=\"p-3\">Comitetul aminte\u0219te c\u0103 <strong>maturitatea unei democra\u021bii este dat\u0103 \u0219i de capacitatea societ\u0103\u021bii de a-\u0219i asuma \u00eentreaga istorie, de a recunoa\u0219te gre\u0219elile trecutului \u0219i de a \u00eenv\u0103\u021ba din ele, f\u0103r\u0103 a relativiza sau minimaliza fapte istorice grave.<\/strong> Memoria victimelor Holocaustului \u0219i responsabilitatea istoric\u0103 a statului rom\u00e2n impun, potrivit autorit\u0103\u021bilor, un standard ridicat de responsabilitate \u00een discursul public \u0219i \u00een ac\u021biunea politic\u0103.<\/p>\n<p data-start=\"2140\" data-end=\"2419\" id=\"p-4\">\u201e<strong>Antisemitismul, ura \u0219i violen\u021ba nu reprezint\u0103 o form\u0103 a libert\u0103\u021bii de exprimare \u0219i constituie o amenin\u021bare direct\u0103 la adresa democra\u021biei rom\u00e2ne\u0219ti<\/strong>\u201d, se arat\u0103 \u00een mesajul Comitetului, care subliniaz\u0103 c\u0103 aceste fenomene afecteaz\u0103 \u00eentreaga societate, nu doar comunit\u0103\u021bile evreie\u0219ti.<\/p>\n<p data-start=\"2421\" data-end=\"2781\" data-is-last-node data-is-only-node id=\"p-5\">\u00cen final, autorit\u0103\u021bile fac apel la toate institu\u021biile statului \u0219i la liderii politici s\u0103 se delimiteze clar de orice form\u0103 de extremism. Guvernul Rom\u00e2niei \u00ee\u0219i reafirm\u0103 angajamentul ferm \u00een lupta \u00eempotriva antisemitismului, xenofobiei, radicaliz\u0103rii \u0219i discursului instigator la ur\u0103, prin educa\u021bie, dialog, cultur\u0103 \u0219i aplicarea strict\u0103 a legisla\u021biei \u00een vigoare.<\/p>\n<p data-start=\"2421\" data-end=\"2781\" data-is-last-node data-is-only-node id=\"p-6\">Institutul Na\u021bional pentru Studierea Holocaustului din Rom\u00e2nia \u201eElie Wiesel\u201d (INSHR-EW) a transmis recent c\u0103 manifest\u0103rile antisemite \u201eau explodat\u201d pe re\u021belele de socializare, iar instig\u0103rile ar fi ajuns \u201ela o violen\u021b\u0103 maxim\u0103\u201d, pe fondul tensiunilor generate de dezbaterea \u0219i votul din Parlament asupra modific\u0103rilor legislative care sanc\u021bioneaz\u0103 antisemitismul, apologia criminalilor de r\u0103zboi \u0219i ideologiile fasciste\/legionare.<\/p>\n<p data-start=\"2421\" data-end=\"2781\" data-is-last-node data-is-only-node id=\"p-7\">Contextul imediat al disputei este votul asupra legii care modific\u0103 cadrul de combatere a extremismului (inclusiv OUG 31\/2002) \u0219i Legea 157\/2018, cu prevederi mai dure pentru organiza\u021bii \u0219i materiale fasciste\/legionare\/rasiste\/xenofobe, precum \u0219i pentru negarea sau minimalizarea Holocaustului, inclusiv \u00een mediul online.<\/p>\n","protected":false},"excerpt":{"rendered":"<p>Comitetul interministerial de monitorizare a implement\u0103rii Strategiei na\u021bionale pentru prevenirea \u0219i combaterea antisemitismului, xenofobiei, radicaliz\u0103rii \u0219i a discursului instigator la ur\u0103 2024\u20132027, condus de secretarul de stat Drago\u0219 Hotea, a &hellip; <a href=\"https:\/\/microscopemedia.com\/?p=667953\" class=\"more-link\">Read More<\/a><\/p>\n","protected":false},"author":1,"featured_media":667954,"comment_status":"closed","ping_status":"closed","sticky":false,"template":"Default","format":"standard","meta":[],"categories":[1],"tags":[],"_links":{"self":[{"href":"https:\/\/microscopemedia.com\/index.php?rest_route=\/wp\/v2\/posts\/667953"}],"collection":[{"href":"https:\/\/microscopemedia.com\/index.php?rest_route=\/wp\/v2\/posts"}],"about":[{"href":"https:\/\/microscopemedia.com\/index.php?rest_route=\/wp\/v2\/types\/post"}],"author":[{"embeddable":true,"href":"https:\/\/microscopemedia.com\/index.php?rest_route=\/wp\/v2\/users\/1"}],"replies":[{"embeddable":true,"href":"https:\/\/microscopemedia.com\/index.php?rest_route=%2Fwp%2Fv2%2Fcomments&post=667953"}],"version-history":[{"count":0,"href":"https:\/\/microscopemedia.com\/index.php?rest_route=\/wp\/v2\/posts\/667953\/revisions"}],"wp:featuredmedia":[{"embeddable":true,"href":"https:\/\/microscopemedia.com\/index.php?rest_route=\/wp\/v2\/media\/667954"}],"wp:attachment":[{"href":"https:\/\/microscopemedia.com\/index.php?rest_route=%2Fwp%2Fv2%2Fmedia&parent=667953"}],"wp:term":[{"taxonomy":"category","embeddable":true,"href":"https:\/\/microscopemedia.com\/index.php?rest_route=%2Fwp%2Fv2%2Fcategories&post=667953"},{"taxonomy":"post_tag","embeddable":true,"href":"https:\/\/microscopemedia.com\/index.php?rest_route=%2Fwp%2Fv2%2Ftags&post=667953"}],"curies":[{"name":"wp","href":"https:\/\/api.w.org\/{rel}","templated":true}]}}