{"id":667975,"date":"2025-12-24T13:06:04","date_gmt":"2025-12-24T13:06:04","guid":{"rendered":"https:\/\/microscopemedia.com\/?p=667975"},"modified":"2025-12-24T13:06:04","modified_gmt":"2025-12-24T13:06:04","slug":"viktor-orban-nu-exclude-riscul-izbucnirii-unui-razboi-in-europa-in-2026-fortele-pro-razboi-au-avantajul","status":"publish","type":"post","link":"https:\/\/microscopemedia.com\/?p=667975","title":{"rendered":"Viktor Orban nu exclude riscul izbucnirii unui r\u0103zboi \u00een Europa \u00een 2026: \u201eFor\u021bele pro-r\u0103zboi au avantajul\u201d"},"content":{"rendered":"<div><img decoding=\"async\" src=\"https:\/\/microscopemedia.com\/wp-content\/uploads\/2025\/12\/viktor-orban-nu-exclude-riscul-izbucnirii-unui-razboi-in-europa-in-2026-fortele-pro-razboi-au-avantajul.jpg\" class=\"ff-og-image-inserted\"><\/div>\n<p id=\"p-0\">Premierul Ungariei, Viktor Orban, sus\u021bine, \u00eentr-un interviu pentru <span><a href=\"https:\/\/magyarnemzet.hu\/belfold\/2025\/12\/brusszel-haborut-magyarorszag-beket-akar\" target=\"_blank\" rel=\"noopener\">Magyar Nemzet<\/a><\/span>, c\u0103 la summitul UE de la Bruxelles, care a avut loc s\u0103pt\u0103m\u00e2na trecut\u0103, au fost luate decizii care vizeaz\u0103 mai degrab\u0103 escaladarea conflictului din Ucraina \u0219i intensificarea confrunt\u0103rii cu Rusia.<\/p>\n<p id=\"p-1\">\u00centrebat dac\u0103 \u00een urma discu\u021biilor de la summitul de la Bruxelles ne-am apropiat de pace sau ne \u00eendep\u0103rt\u0103m de ea, Viktor Orban a fost tran\u0219ant, spun\u00e2nd c\u0103 ne-am apropiat de un conflict.<\/p>\n<p id=\"p-2\">\u201eNe-am apropiat de r\u0103zboi. S\u0103pt\u0103m\u00e2na trecut\u0103, la Bruxelles, tot ce am reu\u0219it s\u0103 facem a fost s\u0103 \u00eencetinim ritmul de deriv\u0103 c\u0103tre r\u0103zboi. Au fost unii care au vrut s\u0103 accelereze acest proces p\u00e2n\u0103 la viteza maxim\u0103, iar noi am reu\u0219it s\u0103-i bloc\u0103m. Cu toate acestea, procesul nu s-a oprit. Am \u00eempiedicat doar accelerarea lui. Ast\u0103zi, \u00een Europa exist\u0103 din nou dou\u0103 tabere: tab\u0103ra pro-r\u0103zboi \u0219i tab\u0103ra pro-pace. \u00cen acest moment, for\u021bele pro-r\u0103zboi au avantajul. Bruxelles vrea r\u0103zboi, Ungaria vrea pace\u201d, a spus Orban pentru Magyar Nemzet.<\/p>\n<p id=\"p-3\">Premierul ungar a fost \u00eentrebat \u0219i dac\u0103 2025 ar putea fi ultimul an de pace \u00een Europa.<\/p>\n<p id=\"p-4\"><strong>\u201eDa, nu poate fi exclus\u201d<\/strong>, a spus acesta.<\/p>\n<p id=\"p-5\">\u00cen cadrul interviului, Orban a lansat din nou critici la adresa UE, spun\u00e2nd c\u0103 economia Ungariei are de suferit \u0219i din cauza r\u0103zboiului, dar \u0219i din cauza declinului blocului comunitar.<\/p>\n<p id=\"p-6\">\u201eEconomia maghiar\u0103 sufer\u0103 at\u00e2t din cauza r\u0103zboiului, c\u00e2t \u0219i din cauza declinului Uniunii Europene. R\u0103spunsul UE la r\u0103zboi, politica de sanc\u021biuni a distrus industria european\u0103. Pre\u021bul energiei a devenit de dou\u0103 p\u00e2n\u0103 la trei ori mai mare dec\u00e2t cel al concuren\u021bilor no\u0219tri. Nu po\u021bi concura \u00een aceste condi\u021bii. Cealalt\u0103 problem\u0103 este c\u0103 Ungaria face parte dintr-o uniune \u00een declin. Oricine face parte din ea se degradeaz\u0103 odat\u0103 cu ea. UE este at\u00e2t necesar\u0103, c\u00e2t \u0219i periculoas\u0103 pentru noi ast\u0103zi. Este necesar\u0103 deoarece o parte semnificativ\u0103 a exporturilor noastre se \u00eendreapt\u0103 c\u0103tre aceast\u0103 uniune. \u00cen acela\u0219i timp, este \u0219i periculoas\u0103, deoarece dac\u0103 nu reu\u0219im s\u0103 ne reorganiz\u0103m exporturile c\u0103tre alte regiuni \u00een ascensiune, vom c\u0103dea odat\u0103 cu ea\u201d, a spus liderul de la Budapesta.<\/p>\n","protected":false},"excerpt":{"rendered":"<p>Premierul Ungariei, Viktor Orban, sus\u021bine, \u00eentr-un interviu pentru Magyar Nemzet, c\u0103 la summitul UE de la Bruxelles, care a avut loc s\u0103pt\u0103m\u00e2na trecut\u0103, au fost luate decizii care vizeaz\u0103 mai &hellip; <a href=\"https:\/\/microscopemedia.com\/?p=667975\" class=\"more-link\">Read More<\/a><\/p>\n","protected":false},"author":1,"featured_media":667976,"comment_status":"closed","ping_status":"closed","sticky":false,"template":"Default","format":"standard","meta":[],"categories":[1],"tags":[],"_links":{"self":[{"href":"https:\/\/microscopemedia.com\/index.php?rest_route=\/wp\/v2\/posts\/667975"}],"collection":[{"href":"https:\/\/microscopemedia.com\/index.php?rest_route=\/wp\/v2\/posts"}],"about":[{"href":"https:\/\/microscopemedia.com\/index.php?rest_route=\/wp\/v2\/types\/post"}],"author":[{"embeddable":true,"href":"https:\/\/microscopemedia.com\/index.php?rest_route=\/wp\/v2\/users\/1"}],"replies":[{"embeddable":true,"href":"https:\/\/microscopemedia.com\/index.php?rest_route=%2Fwp%2Fv2%2Fcomments&post=667975"}],"version-history":[{"count":0,"href":"https:\/\/microscopemedia.com\/index.php?rest_route=\/wp\/v2\/posts\/667975\/revisions"}],"wp:featuredmedia":[{"embeddable":true,"href":"https:\/\/microscopemedia.com\/index.php?rest_route=\/wp\/v2\/media\/667976"}],"wp:attachment":[{"href":"https:\/\/microscopemedia.com\/index.php?rest_route=%2Fwp%2Fv2%2Fmedia&parent=667975"}],"wp:term":[{"taxonomy":"category","embeddable":true,"href":"https:\/\/microscopemedia.com\/index.php?rest_route=%2Fwp%2Fv2%2Fcategories&post=667975"},{"taxonomy":"post_tag","embeddable":true,"href":"https:\/\/microscopemedia.com\/index.php?rest_route=%2Fwp%2Fv2%2Ftags&post=667975"}],"curies":[{"name":"wp","href":"https:\/\/api.w.org\/{rel}","templated":true}]}}