{"id":667981,"date":"2025-12-24T13:46:03","date_gmt":"2025-12-24T13:46:03","guid":{"rendered":"https:\/\/microscopemedia.com\/?p=667981"},"modified":"2025-12-24T13:46:03","modified_gmt":"2025-12-24T13:46:03","slug":"cum-vor-evolua-consumul-si-productia-de-energie-electrica-in-romania-in-urmatorii-ani-estimarile-oficiale-ale-anre","status":"publish","type":"post","link":"https:\/\/microscopemedia.com\/?p=667981","title":{"rendered":"Cum vor evolua consumul \u0219i produc\u021bia de energie electric\u0103 \u00een Rom\u00e2nia \u00een urm\u0103torii ani? Estim\u0103rile oficiale ale ANRE"},"content":{"rendered":"<p id=\"p-0\">Scenariile privind evolu\u021bia consumului de energie electric\u0103 \u00een Sistemul Energetic Na\u021bional arat\u0103 un optimism moderat, conform raportului ANRE. Documentul autorit\u0103\u021bii a fost finalizat \u0219i transmis Parlamentului \u00een luna iulie \u0219i a fost publicat pe site-ul autorit\u0103\u021bii mar\u021bi seara.<\/p>\n<h2 id=\"chapter-0\">Evolu\u021bia (auto)consumului<\/h2>\n<p id=\"p-1\">Astfel, \u00een scenariul de referin\u021b\u0103 construit \u00een concordan\u021b\u0103 cu proiec\u021bii \u0219i cu evolu\u021biile recente ale indicatorilor din sfera economiei s-a considerat o evolu\u021bie a PIB cu o dinamic\u0103 medie anual\u0103 de aproximativ 3,4% pe termen mediu, \u00een perioada 2023-2028, urmat\u0103 de o cre\u0219tere medie anual\u0103 a economiei de 2,4% \u00een perioada 2028-2033.<\/p>\n<p id=\"p-2\">Acestei tendin\u021be de majorare a PIB, corelat\u0103 cu elementele cheie ale politicii energetice europene, angajate spre \u00eembun\u0103t\u0103\u021birea eficien\u021bei energetice, \u00eei corespunde, pe latura cererii de energie electric\u0103, o evolu\u021bie cu dinamici medii anuale de cre\u0219tere de aproximativ 2% pe \u00eentregul interval 2023-2033, respectiv o cre\u0219tere de 2,4% \u00een perioada 2023- 2028 \u0219i de 1,7%, \u00een perioada 2028-2033, arat\u0103 datele ANRE.<\/p>\n<p id=\"p-3\"><em>Evolu\u021bia consumului intern net de energie electric\u0103 \u00een perioada 2017-2033 \u2013 scenariul de baz\u0103:<\/em><\/p>\n<div id=\"attachment_23663060\" class=\"wp-caption aligncenter\"><a href=\"https:\/\/microscopemedia.com\/wp-content\/uploads\/2025\/12\/cum-vor-evolua-consumul-si-productia-de-energie-electrica-in-romania-in-urmatorii-ani-estimarile-oficiale-ale-anre.jpg\"><img loading=\"lazy\" fetchpriority=\"high\" decoding=\"async\" aria-describedby=\"caption-attachment-23663060\" class=\"wp-image-23663060 size-full\" src=\"https:\/\/microscopemedia.com\/wp-content\/uploads\/2025\/12\/cum-vor-evolua-consumul-si-productia-de-energie-electrica-in-romania-in-urmatorii-ani-estimarile-oficiale-ale-anre.jpg\" alt width=\"671\" height=\"337\" srcset=\"https:\/\/microscopemedia.com\/wp-content\/uploads\/2025\/12\/cum-vor-evolua-consumul-si-productia-de-energie-electrica-in-romania-in-urmatorii-ani-estimarile-oficiale-ale-anre.jpg 671w, https:\/\/www.mediafax.ro\/wp-content\/uploads\/2025\/12\/consum-intern-energie-2017-2033-300x151.jpg 300w\" sizes=\"(max-width: 671px) 100vw, 671px\"><\/a><\/p>\n<p id=\"caption-attachment-23663060\" class=\"wp-caption-text\">Sursa: ANRE<\/p>\n<\/div>\n<h2 id=\"chapter-1\">Analiza a pornit de la o baz\u0103 de date pentru 36 de ani climatici<\/h2>\n<p id=\"p-4\">Pentru conturarea evolu\u021biei <a href=\"https:\/\/www.mediafax.ro\/economic\/sistemul-energetic-este-mai-puternic-si-consumul-mai-mic-decat-inainte-de-90-dar-acum-avem-mai-multe-probleme-ce-s-a-intamplat-in-35-de-ani-si-previziuni-de-la-varful-dispecerului-national-23626031\">consumului anual de energie electric\u0103<\/a> \u0219i al profilului orar al acestuia conform scenariului de referin\u021b\u0103, echipa ANRE a luat \u00een considerare \u0219i ipoteze referitoare la valorile variabilelor ce reflect\u0103 perspectivele viitoare ale pie\u021bei, neincluse \u00een analiza econometric\u0103, cum ar fi penetrarea vehiculelor electrice \u00een sectorul transporturilor sau a tehnologiilor bazate pe pompe de c\u0103ldur\u0103 \u00een sectorul de \u00eenc\u0103lzire \u0219i r\u0103cire sau influen\u021ba condi\u021biilor meteorologice \u0219i altele.<\/p>\n<p id=\"p-5\">Pentru captarea influen\u021bei variabilelor climatice asupra cererii de energie electric\u0103 definit\u0103 de scenariul de referin\u021b\u0103 a fost utilizat\u0103 noua Baz\u0103 de date PECD 4.1 disponibil\u0103 \u00een cadrul ENTSO-E (Pan European Climate Database \u2013 PECD), ce include pentru fiecare \u021bar\u0103 serii de date orare corelate referitoare la temperatura aerului, precipita\u021bii, viteza medie a v\u00e2ntului \u0219i intensitatea radia\u021biei solare, pentru 36 de ani-tip, ce reprezint\u0103 36 de scenarii anuale cu caracteristici diferite din punct de vedere meteorologic.<\/p>\n<p id=\"p-6\">Potrivit ANRE, programul DFT \u2013 Demand Forecast Toolbox, dezvoltat \u00een cadrul ENTSO-E pentru studiile de pia\u021b\u0103, realizeaz\u0103, pentru fiecare an (scenariu) climatic diferit, corela\u021bia dintre valoarea normalizat\u0103 a consumului intern de energie electric\u0103 \u0219i temperatura exterioar\u0103, \u021bin\u00e2nd cont de datele istorice \u0219i de ipotezele de evolu\u021bie macroeconomic\u0103 \u0219i ale celorlalte variabile specifice scenariului analizat.<\/p>\n<p id=\"p-7\">Din prelucrarea seriilor de date orare au rezultat palierele de sarcin\u0103 caracteristice corespunz\u0103toare scenariului de referin\u021b\u0103, modelat pentru caracteristici climatice cu probabilitate rezonabil\u0103 de apari\u021bie, ce se \u00eencadreaz\u0103 astfel \u00een banda de varia\u021bie orar\u0103 descris\u0103 de cei 36 de ani climatici, din care au fost extrase valorile excep\u021bionale (outliers) ale consumului, corespunz\u00e2nd unor evenimente meteorologice extreme cu probabilitate de apari\u021bie mai mic\u0103 de 5%.<\/p>\n<h2 id=\"chapter-2\">Consum minim \u0219i maxim pentru Rom\u00e2nia<\/h2>\n<p id=\"p-8\">Astfel, conform datelor ANRE, consumul intern net \u00een orizontul anului 2024 se \u00eencadreaz\u0103 \u00eentre o limit\u0103 minim\u0103 de 51,1 TWh \u0219i una maxim\u0103 de 52,8 TWh.<\/p>\n<p id=\"p-9\">\u00cen anul 2028, aceste limite sunt a\u0219tepteptate s\u0103 creasc\u0103 la 56,5 TWh, cea minim\u0103, \u0219i 58,4 TWh, cea maxim\u0103.<\/p>\n<p id=\"p-10\">Peste opt ani, \u00een 2033, consumul intern net anual este estimat s\u0103 creasc\u0103 la 61,4, respectiv 63,5 TWh.<\/p>\n<p id=\"p-11\"><em>Limitele de varia\u021bie ale consumului intern net cu temperatura \u2013 valori minime, maxime orare \u0219i total anual:<\/em><\/p>\n<div id=\"attachment_23663066\" class=\"wp-caption aligncenter\"><a href=\"https:\/\/microscopemedia.com\/wp-content\/uploads\/2025\/12\/cum-vor-evolua-consumul-si-productia-de-energie-electrica-in-romania-in-urmatorii-ani-estimarile-oficiale-ale-anre-1.jpg\"><img loading=\"lazy\" decoding=\"async\" aria-describedby=\"caption-attachment-23663066\" class=\"wp-image-23663066 size-full\" src=\"https:\/\/microscopemedia.com\/wp-content\/uploads\/2025\/12\/cum-vor-evolua-consumul-si-productia-de-energie-electrica-in-romania-in-urmatorii-ani-estimarile-oficiale-ale-anre-1.jpg\" alt width=\"696\" height=\"270\" srcset=\"https:\/\/microscopemedia.com\/wp-content\/uploads\/2025\/12\/cum-vor-evolua-consumul-si-productia-de-energie-electrica-in-romania-in-urmatorii-ani-estimarile-oficiale-ale-anre-8.jpg 696w, https:\/\/www.mediafax.ro\/wp-content\/uploads\/2025\/12\/consum-minim-maxim-2024-2033-300x116.jpg 300w\" sizes=\"(max-width: 696px) 100vw, 696px\"><\/a><\/p>\n<p id=\"caption-attachment-23663066\" class=\"wp-caption-text\">Sursa: ANRE<\/p>\n<\/div>\n<p id=\"p-12\">Documentul ANRE include \u0219i estim\u0103ri privind (auto)consumul din surse regenerabile.<\/p>\n<p id=\"p-13\">Conform ipotezelor ANRE din scenariul de referin\u021b\u0103, capacitatea centralelor electrice fotovoltaice (CEF) pe acoperi\u0219 va atinge 4.000 MW \u00een 2033, contribuind la acoperirea unui (auto)consum anual de energie electric\u0103 de peste 5 TWh, valoare estimat\u0103 pe baza factorului de \u00eenc\u0103rcare mediu rezultat din PECD.<\/p>\n<p id=\"p-14\">\u00cen ceea ce prive\u0219te evolu\u021bia capacit\u0103\u021bii de producere disponibile \u00een SEN \u00een perioada 2024-2033, \u00een Scenariul de Referin\u021b\u0103 au fost transpuse principalele tendin\u021be generate de politica UE \u00een materie de energie \u015fi clim\u0103, reflectate \u0219i \u00een obiectivele PNIESC, de promovare a eficien\u021bei energetice, dezvoltare a surselor regenerabile de energie \u0219i de reducere a emisiilor de gaze cu efect de ser\u0103, conform raportului ANRE.<\/p>\n<div id=\"attachment_23663064\" class=\"wp-caption aligncenter\"><a href=\"https:\/\/microscopemedia.com\/wp-content\/uploads\/2025\/12\/cum-vor-evolua-consumul-si-productia-de-energie-electrica-in-romania-in-urmatorii-ani-estimarile-oficiale-ale-anre-2.jpg\"><img loading=\"lazy\" decoding=\"async\" aria-describedby=\"caption-attachment-23663064\" class=\"wp-image-23663064 size-full\" src=\"https:\/\/microscopemedia.com\/wp-content\/uploads\/2025\/12\/cum-vor-evolua-consumul-si-productia-de-energie-electrica-in-romania-in-urmatorii-ani-estimarile-oficiale-ale-anre-2.jpg\" alt width=\"639\" height=\"168\" srcset=\"https:\/\/microscopemedia.com\/wp-content\/uploads\/2025\/12\/cum-vor-evolua-consumul-si-productia-de-energie-electrica-in-romania-in-urmatorii-ani-estimarile-oficiale-ale-anre-9.jpg 639w, https:\/\/www.mediafax.ro\/wp-content\/uploads\/2025\/12\/evolutie-regenerabile-300x79.jpg 300w\" sizes=\"(max-width: 639px) 100vw, 639px\"><\/a><\/p>\n<p id=\"caption-attachment-23663064\" class=\"wp-caption-text\">Sursa: ANRE<\/p>\n<\/div>\n<blockquote readability=\"11\">\n<p id=\"p-15\">\u201eAceast\u0103 evolu\u021bie presupune intrarea \u00een exploatare de noi capacit\u0103\u021bi de producere din surse regenerabile, \u00een special eolian, fotovoltaic, dar \u0219i hidro \u0219i biomas\u0103 \u00eentr-o m\u0103sur\u0103 mai mic\u0103\u201d, se arat\u0103 \u00een raport.<\/p>\n<\/blockquote>\n<p id=\"p-16\">Capacit\u0103\u021bile de producere din surse regenerabile cu caracter intermitent prev\u0103zute a fi instalate \u00een scenariul de referin\u021b\u0103 al Planului RET, construit pe baza informa\u021biilor din PNIESC actualizat, comparativ cu versiunea \u00een vigoare, \u00een vederea atingerii noii \u021binte pentru 2030\u201d, precizeaz\u0103 autorii.<\/p>\n<p id=\"p-17\">Astfel, conform noilor \u021binte prev\u0103zute \u00een proiectul de actualizare a Planului Integrat \u00een Domeniul Energiei \u0219i Schimb\u0103rilor Climatice (PNIESC), se prevede o majorare cu aproximativ 5 GW a capacit\u0103\u021bii totale solar\u0103 \u0219i eolian\u0103 pentru anul 2030, fa\u021b\u0103 de valorile asumate \u00een versiunea actual\u0103.<\/p>\n<div id=\"attachment_23663068\" class=\"wp-caption aligncenter\"><a href=\"https:\/\/microscopemedia.com\/wp-content\/uploads\/2025\/12\/cum-vor-evolua-consumul-si-productia-de-energie-electrica-in-romania-in-urmatorii-ani-estimarile-oficiale-ale-anre-3.jpg\"><img loading=\"lazy\" decoding=\"async\" aria-describedby=\"caption-attachment-23663068\" class=\"wp-image-23663068 size-full\" src=\"https:\/\/microscopemedia.com\/wp-content\/uploads\/2025\/12\/cum-vor-evolua-consumul-si-productia-de-energie-electrica-in-romania-in-urmatorii-ani-estimarile-oficiale-ale-anre-3.jpg\" alt width=\"691\" height=\"323\" srcset=\"https:\/\/microscopemedia.com\/wp-content\/uploads\/2025\/12\/cum-vor-evolua-consumul-si-productia-de-energie-electrica-in-romania-in-urmatorii-ani-estimarile-oficiale-ale-anre-10.jpg 691w, https:\/\/www.mediafax.ro\/wp-content\/uploads\/2025\/12\/evolutie-raportat-la-pniesc-300x140.jpg 300w\" sizes=\"auto, (max-width: 691px) 100vw, 691px\"><\/a><\/p>\n<p id=\"caption-attachment-23663068\" class=\"wp-caption-text\">Sursa: ANRE<\/p>\n<\/div>\n<p id=\"p-18\">Pe baza factorilor de \u00eenc\u0103rcare orar\u0103 determina\u021bi \u00een PECD pentru cei 36 de ani climatici, echipa ANRE a determinat valorile medii \u0219i limitele de varia\u021bie ale produc\u021biei de energie electric\u0103 din surse eoliene \u0219i solare, pentru fiecare an \u021bint\u0103 analizat\u0103.<\/p>\n<p id=\"p-19\">Conform informa\u021biilor comunicate de Hidroelectrica, \u00een scenariul de referin\u021b\u0103 s-a prev\u0103zut finalizarea p\u00e2n\u0103 \u00een anul 2033 a unor centrale hidroelectrice mici aflate \u00een diferite stadii de execu\u021bie, totaliz\u00e2nd 455 MW. Capacitatea total\u0103 de producere de energie electric\u0103 din surse hidroelectrice va atinge astfel 6.768 MW, din care 3.396 MW pe firul apei \u0219i 3.372 MW cu lac de acumulare.<\/p>\n<blockquote readability=\"15\">\n<p id=\"p-20\">\u201eAstfel, \u00een perioada 2024-2033, sursele regenerabile vor \u00eenregistra o cre\u0219tere total\u0103 de capacitate de aproximativ 11,6 GW (din care peste 11,1 GW eolian + solar), capacitatea total\u0103 SRE instalat\u0103 \u00een SEN in 2033 urm\u00e2nd s\u0103 dep\u0103\u0219easc\u0103 23,7 GW (inclusiv hidro)\u201d, se arat\u0103 \u00een raportul ANRE.<\/p>\n<\/blockquote>\n<div id=\"attachment_23663063\" class=\"wp-caption aligncenter\"><a href=\"https:\/\/microscopemedia.com\/wp-content\/uploads\/2025\/12\/cum-vor-evolua-consumul-si-productia-de-energie-electrica-in-romania-in-urmatorii-ani-estimarile-oficiale-ale-anre-4.jpg\"><img loading=\"lazy\" decoding=\"async\" aria-describedby=\"caption-attachment-23663063\" class=\"wp-image-23663063 size-full\" src=\"https:\/\/microscopemedia.com\/wp-content\/uploads\/2025\/12\/cum-vor-evolua-consumul-si-productia-de-energie-electrica-in-romania-in-urmatorii-ani-estimarile-oficiale-ale-anre-4.jpg\" alt width=\"688\" height=\"267\" srcset=\"https:\/\/microscopemedia.com\/wp-content\/uploads\/2025\/12\/cum-vor-evolua-consumul-si-productia-de-energie-electrica-in-romania-in-urmatorii-ani-estimarile-oficiale-ale-anre-11.jpg 688w, https:\/\/www.mediafax.ro\/wp-content\/uploads\/2025\/12\/evolutie-regenrabile-pe-ani-300x116.jpg 300w\" sizes=\"auto, (max-width: 688px) 100vw, 688px\"><\/a><\/p>\n<p id=\"caption-attachment-23663063\" class=\"wp-caption-text\">Sursa: ANRE<\/p>\n<\/div>\n<h2 id=\"chapter-3\">C\u00e2t vor produce centralele clasice \u0219i c\u00e2te se vor \u00eenchide<\/h2>\n<p id=\"p-21\">Raportul ANRE include \u0219i situa\u021bia centralelor conven\u021bionale, la nivelul anului 2024, care , un an mai t\u00e2rziu sunt modificate par\u021bial.<\/p>\n<p id=\"p-22\">Astfel, acesta include datele colectate de la principalii produc\u0103tori de energie electric\u0103 \u0219i termic\u0103 \u00een cogenerare au pus la dispozi\u021bia Transelectrica inten\u021biile acestora de retragere definitiv\u0103 din exploatare sau de retehnologizare a unor grupuri existente, ca urmare a dep\u0103\u0219irii duratei de via\u021b\u0103 normate \u0219i\/sau a neconform\u0103rii la cerin\u021bele de mediu ale Uniunii Europene (Directiva 2010\/75\/UE), asociate, \u00een unele cazuri, cu \u00eenlocuirea acestora cu grupuri noi, mai performante, \u00een principal pe gaze.<\/p>\n<p id=\"p-23\">Potrivit ANRE, la nivelul anului 2024, 72% din grupurile din SEN cu puterea instalat\u0103 mai mare de 20 MW, totaliz\u00e2nd aproape 2,3 GW putere net\u0103, au o vechime mai mare de 30 ani. Dintre acestea, la unele s-au realizat lucr\u0103ri de retehnologizare \u015fi\/sau modernizare, fiind echipate cu instala\u021bii pentru reducerea emisiilor care le permit \u00eencadrarea \u00een normele impuse de UE, altele, totaliz\u00e2nd peste 2,0 GW, vor fi scoase din func\u021biune p\u00e2n\u0103 la sf\u00e2r\u0219itul anului 2025, urmate p\u00e2n\u0103 \u00een 2033 de alte grupuri pe gaze (0,3 GW).<\/p>\n<blockquote readability=\"25\">\n<p id=\"p-24\">\u201e\u00cen total, pe m\u0103sura dep\u0103\u0219irii duratei de via\u021b\u0103 \u0219i de c\u0103tre alte grupuri, \u00een Scenariul de Referin\u021b\u0103 analizat, produc\u0103torii inten\u021bioneaz\u0103 s\u0103 retrag\u0103 definitiv din exploatare capacit\u0103\u021bi termo ce \u00eensumeaz\u0103 peste 2,8 GW \u00een perioada 2024\u20132033, din care 2,3 GW pe c\u0103rbune (lignit \u0219i huil\u0103) \u0219i 0,5 GW pe hidrocarburi. Aceast\u0103 reducere de capacitate va fi compensat\u0103 prin instalarea de grupuri noi pe gaze naturale, totaliz\u00e2nd peste 4,5 GW net, ce includ proiectele cu ciclu combinat CCGT de la I\u0219alni\u021ba \u0219i Turceni, prev\u0103zute pentru PIF \u00een 2026, potrivit Planului de restructurare \u2013 decarbonare al CE Oltenia, dar \u0219i de la Craiova, Iernut (Romgaz), Deva, Bucure\u0219ti (ELCEN) \u0219.a\u201d, se ar\u0103ta \u00een raportul finalizat \u00een iulie.<\/p>\n<\/blockquote>\n<h2 id=\"chapter-4\">Noi decizii ale Guvernului<\/h2>\n<p id=\"p-25\">\u00centre timp, chiar mar\u021bi, 23 decembrie, <a href=\"https:\/\/www.mediafax.ro\/breaking-news\/anuntul-ministrului-de-finante-privind-ordonanta-trenulet-ce-impozite-si-cote-scad-in-2026-23662824\">Cabinetul Bolojan<\/a> a adoptat o ordonan\u021b\u0103 de urgen\u021b\u0103 pentru modificarea \u0219i completarea Ordonan\u021bei de urgen\u021b\u0103 nr. 108\/2022 privind decarbonizarea sectorului energetic, \u00een vederea punerii \u00een aplicare a calendarului de decarbonizare revizuit, convenit de Rom\u00e2nia cu Comisia European\u0103 \u00een cadrul Planului na\u021bional de redresare \u0219i rezilien\u021b\u0103 (PNRR).<\/p>\n<p id=\"p-26\">Astfel, \u00een conformitate cu angajamentele asumate ini\u021bial prin PNRR \u2013 Componenta 6, Reforma 1, Rom\u00e2nia avea obliga\u021bia retragerii din exploatare, p\u00e2n\u0103 la sf\u00e2r\u0219itul anului 2025, a unei capacit\u0103\u021bi totale de 1.755 MW din grupurile energetice pe baz\u0103 de c\u0103rbune. \u00cen urma negocierilor cu Comisia European\u0103, a fost aprobat\u0103 ajustarea etapelor de \u00eendeplinire a \u021bintei ini\u021biale, astfel \u00eenc\u00e2t p\u00e2n\u0103 la data de 31 decembrie 2025 s\u0103 fie retra\u0219i definitiv 1.045 MW, urm\u00e2nd ca p\u00e2n\u0103 la data de 31 august 2026 s\u0103 fie retra\u0219i suplimentar 710 MW, conform Deciziei de punere \u00een aplicare a Consiliului nr. 14452\/25 din 13 noiembrie 2025.<\/p>\n<p id=\"p-27\">Potrivit Guvernului, prin men\u021binerea \u00een func\u021biune, integral sau cu putere redus\u0103, a capacit\u0103\u021bilor energetice prev\u0103zute \u00een proiect, se asigur\u0103 adecvan\u021ba Sistemului Electroenergetic Na\u021bional, precum \u0219i continuitatea furniz\u0103rii energiei termice c\u0103tre operatorii economici \u0219i popula\u021bia din municipiile Craiova \u0219i R\u00e2mnicu V\u00e2lcea.<\/p>\n<p id=\"p-28\">Actul normativ instituie cadrul legal pentru reducerea controlat\u0103 \u0219i definitiv\u0103 a puterii electrice instalate la produc\u0103torii pe baz\u0103 de lignit \u0219i huil\u0103, prin modificarea licen\u021belor de exploatare, prin decizie a Autorit\u0103\u021bii Na\u021bionale de Reglementare \u00een Domeniul Energiei, \u00een scopul alinierii la obiectivele de decarbonizare. Totodat\u0103, se introduce un mecanism sanc\u021bionator propor\u021bional cu cel aplicabil operatorilor economici care nu scot din exploatare capacit\u0103\u021bile energetice pe baz\u0103 de c\u0103rbune, const\u00e2nd \u00eentr-o sanc\u021biune contraven\u021bional\u0103 de 5% din cifra de afaceri a operatorului economic care modific\u0103 licen\u021ba furnizat\u0103 drept dovad\u0103 pentru \u00eendeplinirea \u021bintei 119.<\/p>\n<blockquote readability=\"15\">\n<p id=\"p-29\">\u201eDe asemenea, se creeaz\u0103 posibilitatea ajust\u0103rii, prin hot\u0103r\u00e2re a Guvernului, la propunerea ministerului de resort, a termenelor prev\u0103zute \u00een planurile de restructurare, \u00een cazul actualiz\u0103rii \u0219i aprob\u0103rii acestora de c\u0103tre Comisia European\u0103, m\u0103sur\u0103 necesar\u0103 \u00een contextul negocierilor privind Planul de restructurare modificat al Complexului Energetic Oltenia\u201d, a explicat Palatul Victoria.<\/p>\n<\/blockquote>\n<h2 id=\"chapter-5\">Ce urmeaz\u0103 \u00een domeniul nuclear<\/h2>\n<p id=\"p-30\">Speciali\u0219tii ANRE arat\u0103 c\u0103, al\u0103turi de gaze naturale, energia nuclear\u0103 r\u0103m\u00e2ne o solu\u021bie de dezvoltare strategic\u0103, ce va juca un rol important \u00een asigurarea, at\u00e2t a tranzi\u021biei spre decarbonizare, c\u00e2t \u0219i a securit\u0103\u021bii energetice, prin punerea \u00een func\u021biune a centralei cu reactoare modulare mici (SMR) la \u00eenceputul anului 2030 \u0219i a noilor unit\u0103\u021bi 3 \u0219i 4 de la CNE Cernavod\u0103, la sf\u00e2r\u0219itul anului 2030 \u0219i respectiv 2031, conform estim\u0103rilor SN Nuclearelectrica SA.<\/p>\n<p id=\"p-31\">De men\u021bionat c\u0103 decizia final\u0103 \u00een cazul <a href=\"https:\/\/www.mediafax.ro\/economic\/proiectul-reactoarelor-modulare-mici-de-la-doicesti-ramane-in-analiza-bogdan-ivan-consideram-ca-este-oportun-ca-structura-actionariatului-sa-ramana-neschimbata-pasii-urmatori-23660691\">proiectului reactoarelor modulare mici de la Doice\u0219ti<\/a> nu a fost luat\u0103 \u00eenc\u0103.<\/p>\n<p id=\"p-32\">ANRE aminte\u0219te c\u0103 o discontinuitate \u00een produc\u021bia nuclear\u0103 va avea loc \u00een perioada 2027-2029, c\u00e2nd este programat\u0103 oprirea \u00een retehnologizare a unit\u0103\u021bii 1, pentru prelungirea duratei de via\u0163\u0103 cu 30 ani.<\/p>\n<p id=\"p-33\">\u00cen acest context, tranzi\u021bia energetic\u0103 a Rom\u00e2niei c\u0103tre tehnologii cu emisii sc\u0103zute de carbon \u0219i energie din surse regenerabile presupune un efort investi\u021bional considerabil \u00een perioada 2024- 2033, corespunz\u0103tor instal\u0103rii unor capacit\u0103\u021bi noi \u00een SEN de \u224818 GW, conform Scenariului de Referin\u021b\u0103 modelat.<\/p>\n<p id=\"p-34\">Proiectele de reabilitare \u015fi grupurile noi ce vor fi puse \u00een func\u021biune \u00een Scenariul de Referin\u021b\u0103, \u00een perioadele relevante, agregate pe categorii de centrale \u00een func\u021bie de combustibilul principal, \u00eenseamn\u0103 o cre\u0219tere de 10.906 MW \u00een perioada 2024 \u2013 2028 \u0219i \u0219i de 7.990 MW \u00een anii 2029 \u2013 2033.<\/p>\n<div id=\"attachment_23663070\" class=\"wp-caption aligncenter\"><a href=\"https:\/\/microscopemedia.com\/wp-content\/uploads\/2025\/12\/cum-vor-evolua-consumul-si-productia-de-energie-electrica-in-romania-in-urmatorii-ani-estimarile-oficiale-ale-anre-5.jpg\"><img loading=\"lazy\" decoding=\"async\" aria-describedby=\"caption-attachment-23663070\" class=\"wp-image-23663070 size-full\" src=\"https:\/\/microscopemedia.com\/wp-content\/uploads\/2025\/12\/cum-vor-evolua-consumul-si-productia-de-energie-electrica-in-romania-in-urmatorii-ani-estimarile-oficiale-ale-anre-5.jpg\" alt width=\"678\" height=\"302\" srcset=\"https:\/\/microscopemedia.com\/wp-content\/uploads\/2025\/12\/cum-vor-evolua-consumul-si-productia-de-energie-electrica-in-romania-in-urmatorii-ani-estimarile-oficiale-ale-anre-12.jpg 678w, https:\/\/www.mediafax.ro\/wp-content\/uploads\/2025\/12\/proiecte-producere-energie-300x134.jpg 300w\" sizes=\"auto, (max-width: 678px) 100vw, 678px\"><\/a><\/p>\n<p id=\"caption-attachment-23663070\" class=\"wp-caption-text\">Sursa: ANRE<\/p>\n<\/div>\n<p id=\"p-35\">\u00cen conformitate cu acest program de dezvoltare, evolu\u021bia capacit\u0103\u021bii totale de producere nete disponibile \u00een SEN la nivelul anilor \u021bint\u0103 2024, 2028 \u0219i 2033 ilustreaz\u0103 reducerea particip\u0103rii c\u0103rbunelui (totale, a lignitului) \u00een mixul de producere la nivelul anului 2026 \u015fi \u00eenlocuirii acestuia \u00een viitor cu gaze naturale, surse regenerabile \u0219i energie nuclear\u0103, \u00een linie cu angajamentele UE \u00een privin\u0163a reducerii emisiilor de gaze cu efect de ser\u0103.<\/p>\n<p id=\"p-36\">Astfel, actuala felie a energiei din resurse hidro, cu cea mai mare cot\u0103, este estimat\u0103 s\u0103 scad\u0103 \u00een anii urm\u0103tori, \u00een favoarea celoi eoliene \u0219i solare.<\/p>\n<p id=\"p-37\">Potrivit estim\u0103rilor, energia eolian\u0103 va cre\u0219te de la o cot\u0103 de 15,9% \u00een 2024 (dintr-un total de 19,2GW) la 21,8% \u00een 2033 (la un total estimat de 33,5 GW)<\/p>\n<p id=\"p-38\">Energia solar\u0103 va continuua ascensiunea, de la capacit\u0103\u021bi cu o pondere de 20,3% \u00een 2024, la 28,9%, \u00een 2033.<\/p>\n<p id=\"p-39\">Gazele naturale vor genera \u00een 2024 21,2% din totalul energiei electrice, \u00een cre\u0219tere fa\u021b\u0103 de 2024, cu 12,2%, urmat\u0103 de o descre\u0219tere la 17,9%, \u00een 2033.<\/p>\n<p id=\"p-40\"><em>Structura capacit\u0103\u021bii de producere nete disponibile \u00een SEN \u2013 Scenariul de Referin\u021b\u0103:<\/em><\/p>\n<div id=\"attachment_23663071\" class=\"wp-caption aligncenter\"><a href=\"https:\/\/microscopemedia.com\/wp-content\/uploads\/2025\/12\/cum-vor-evolua-consumul-si-productia-de-energie-electrica-in-romania-in-urmatorii-ani-estimarile-oficiale-ale-anre-6.jpg\"><img loading=\"lazy\" decoding=\"async\" aria-describedby=\"caption-attachment-23663071\" class=\"wp-image-23663071 size-full\" src=\"https:\/\/microscopemedia.com\/wp-content\/uploads\/2025\/12\/cum-vor-evolua-consumul-si-productia-de-energie-electrica-in-romania-in-urmatorii-ani-estimarile-oficiale-ale-anre-6.jpg\" alt width=\"670\" height=\"430\" srcset=\"https:\/\/microscopemedia.com\/wp-content\/uploads\/2025\/12\/cum-vor-evolua-consumul-si-productia-de-energie-electrica-in-romania-in-urmatorii-ani-estimarile-oficiale-ale-anre-13.jpg 670w, https:\/\/www.mediafax.ro\/wp-content\/uploads\/2025\/12\/structura-evolutiei-capacitatilor-producere-energie-300x193.jpg 300w\" sizes=\"auto, (max-width: 670px) 100vw, 670px\"><\/a><\/p>\n<p id=\"caption-attachment-23663071\" class=\"wp-caption-text\">Sursa: ANRE<\/p>\n<\/div>\n<p id=\"p-41\">Per anasamblu, ANRE estimeaz\u0103 o cre\u0219tere cu aproximativ 74% a capacit\u0103\u021bilor de produc\u021bie \u00een urm\u0103torii opt ani.<\/p>\n<p id=\"p-42\">Mai concret, avansul este de la 19,2 GW \u00een 2024 la 25,8 GW \u00een 2028, apoi la 33,5 GW \u00een 2033.<\/p>\n<p id=\"p-43\">Evolu\u021bia capacit\u0103\u021bii de producere disponibil\u0103 \u00een SEN \u00een Scenariul de Referin\u021b\u0103 pentru anii \u021bint\u0103 analiza\u021bi, 2024, 2028 \u0219i 2033:<\/p>\n<div id=\"attachment_23663073\" class=\"wp-caption aligncenter\"><a href=\"https:\/\/microscopemedia.com\/wp-content\/uploads\/2025\/12\/cum-vor-evolua-consumul-si-productia-de-energie-electrica-in-romania-in-urmatorii-ani-estimarile-oficiale-ale-anre-7.jpg\"><img loading=\"lazy\" decoding=\"async\" aria-describedby=\"caption-attachment-23663073\" class=\"wp-image-23663073 size-full\" src=\"https:\/\/microscopemedia.com\/wp-content\/uploads\/2025\/12\/cum-vor-evolua-consumul-si-productia-de-energie-electrica-in-romania-in-urmatorii-ani-estimarile-oficiale-ale-anre-7.jpg\" alt width=\"635\" height=\"474\" srcset=\"https:\/\/microscopemedia.com\/wp-content\/uploads\/2025\/12\/cum-vor-evolua-consumul-si-productia-de-energie-electrica-in-romania-in-urmatorii-ani-estimarile-oficiale-ale-anre-14.jpg 635w, https:\/\/www.mediafax.ro\/wp-content\/uploads\/2025\/12\/evolutie-capacitati-productie-energie-300x224.jpg 300w\" sizes=\"auto, (max-width: 635px) 100vw, 635px\"><\/a><\/p>\n<p id=\"caption-attachment-23663073\" class=\"wp-caption-text\">Sursa. ANRE<\/p>\n<\/div>\n<p id=\"p-44\"><span><strong><a href=\"https:\/\/www.mediafax.ro\/\/wp-content\/uploads\/2025\/12\/raport-anual-anre-2024.pdf\">Raportul anual ANRE pe 2024 integral<\/a><\/strong><\/span><\/p>\n","protected":false},"excerpt":{"rendered":"<p>Scenariile privind evolu\u021bia consumului de energie electric\u0103 \u00een Sistemul Energetic Na\u021bional arat\u0103 un optimism moderat, conform raportului ANRE. Documentul autorit\u0103\u021bii a fost finalizat \u0219i transmis Parlamentului \u00een luna iulie \u0219i &hellip; <a href=\"https:\/\/microscopemedia.com\/?p=667981\" class=\"more-link\">Read More<\/a><\/p>\n","protected":false},"author":1,"featured_media":667982,"comment_status":"closed","ping_status":"closed","sticky":false,"template":"Default","format":"standard","meta":[],"categories":[1],"tags":[],"_links":{"self":[{"href":"https:\/\/microscopemedia.com\/index.php?rest_route=\/wp\/v2\/posts\/667981"}],"collection":[{"href":"https:\/\/microscopemedia.com\/index.php?rest_route=\/wp\/v2\/posts"}],"about":[{"href":"https:\/\/microscopemedia.com\/index.php?rest_route=\/wp\/v2\/types\/post"}],"author":[{"embeddable":true,"href":"https:\/\/microscopemedia.com\/index.php?rest_route=\/wp\/v2\/users\/1"}],"replies":[{"embeddable":true,"href":"https:\/\/microscopemedia.com\/index.php?rest_route=%2Fwp%2Fv2%2Fcomments&post=667981"}],"version-history":[{"count":0,"href":"https:\/\/microscopemedia.com\/index.php?rest_route=\/wp\/v2\/posts\/667981\/revisions"}],"wp:featuredmedia":[{"embeddable":true,"href":"https:\/\/microscopemedia.com\/index.php?rest_route=\/wp\/v2\/media\/667982"}],"wp:attachment":[{"href":"https:\/\/microscopemedia.com\/index.php?rest_route=%2Fwp%2Fv2%2Fmedia&parent=667981"}],"wp:term":[{"taxonomy":"category","embeddable":true,"href":"https:\/\/microscopemedia.com\/index.php?rest_route=%2Fwp%2Fv2%2Fcategories&post=667981"},{"taxonomy":"post_tag","embeddable":true,"href":"https:\/\/microscopemedia.com\/index.php?rest_route=%2Fwp%2Fv2%2Ftags&post=667981"}],"curies":[{"name":"wp","href":"https:\/\/api.w.org\/{rel}","templated":true}]}}