{"id":667989,"date":"2025-12-24T14:36:04","date_gmt":"2025-12-24T14:36:04","guid":{"rendered":"https:\/\/microscopemedia.com\/?p=667989"},"modified":"2025-12-24T14:36:04","modified_gmt":"2025-12-24T14:36:04","slug":"arafat-convoaca-prefectii-vreme-extrema-si-minus-7-grade-la-bucuresti","status":"publish","type":"post","link":"https:\/\/microscopemedia.com\/?p=667989","title":{"rendered":"Arafat convoac\u0103 prefec\u021bii: Vreme extrem\u0103 \u0219i minus 7 grade la Bucure\u0219ti"},"content":{"rendered":"<div><img decoding=\"async\" src=\"https:\/\/microscopemedia.com\/wp-content\/uploads\/2025\/12\/arafat-convoaca-prefectii-vreme-extrema-si-minus-7-grade-la-bucuresti.jpg\" class=\"ff-og-image-inserted\"><\/div>\n<p class=\"font-claude-response-body break-words whitespace-normal leading-[1.7]\" id=\"p-0\">Arafat a cerut stabilirea clar\u0103 a tuturor m\u0103surilor care vor fi luate \u00een urm\u0103toarea perioad\u0103. Priorit\u0103\u021bile identificate sunt circula\u021bia rutier\u0103, siguran\u021ba public\u0103, informarea popula\u021biei \u0219i protec\u021bia persoanelor f\u0103r\u0103 ad\u0103post.<\/p>\n<h2 id=\"chapter-0\"><strong>Videoconferin\u021b\u0103 de urgen\u021b\u0103 convocat\u0103 de Arafat pentru cod galben<\/strong><\/h2>\n<p class=\"font-claude-response-body break-words whitespace-normal leading-[1.7]\" id=\"p-1\">Elena Mateescu, directorul <a href=\"https:\/\/www.mediafax.ro\/meteo\/sudul-tarii-sub-cod-galben-de-ninsori-in-ajunul-craciunului-in-ce-zone-se-asteapta-un-strat-mai-consistent-de-zapada-23662992\">Administra\u021biei Na\u021bionale de Meteorologie<\/a>, a prezentat situa\u021bia meteorologic\u0103. Pentru prima dat\u0103 dup\u0103 \u0219ase ani consecutivi, Capitala se afl\u0103 sub inciden\u021ba unei avertiz\u0103ri de Cod galben \u00een perioada Cr\u0103ciunului.<\/p>\n<p class=\"font-claude-response-body break-words whitespace-normal leading-[1.7]\" id=\"p-2\">Jum\u0103tatea sudic\u0103 a \u021b\u0103rii, inclusiv Bucure\u0219tiul, va fi afectat\u0103 de v\u00e2nt puternic care va viscoli temporar z\u0103pada. Vizibilitatea va sc\u0103dea sub 100 de metri \u00een anumite zone.<\/p>\n<h2 class=\"font-claude-response-body break-words whitespace-normal leading-[1.7]\" id=\"chapter-1\"><strong>Temperaturi extreme \u00een toat\u0103 \u021bara<\/strong><\/h2>\n<p class=\"font-claude-response-body break-words whitespace-normal leading-[1.7]\" id=\"p-3\">\u00cen Sud-Vestul \u021b\u0103rii, \u00een Carpa\u021bii Meridionali \u0219i \u00een Oltenia, stratul de z\u0103pad\u0103 va atinge 25-30 de centimetri, dep\u0103\u0219ind chiar 30 de centimetri \u00een unele loca\u021bii. Vremea va intra \u00eentr-un proces de r\u0103cire accelerat\u0103 \u00eencep\u00e2nd de miercuri.<\/p>\n<p class=\"font-claude-response-body break-words whitespace-normal leading-[1.7]\" id=\"p-4\">Temperaturile maxime vor fi cuprinse \u00eentre minus 15 \u0219i 2 grade. Primele nop\u021bi geroase vor fi \u00eenregistrate \u00een Transilvania \u0219i Moldova, cu minime spre minus 12-10 grade.<\/p>\n<h2 class=\"font-claude-response-body break-words whitespace-normal leading-[1.7]\" id=\"chapter-2\"><strong>Bucure\u0219ti: Minus 7 grade \u0219i risc de hipotermie<\/strong><\/h2>\n<p class=\"font-claude-response-body break-words whitespace-normal leading-[1.7]\" id=\"p-5\">La Bucure\u0219ti, precipita\u021biile vor deveni pe parcursul nop\u021bii lapovi\u021b \u0219i ninsoare. Temperatura maxim\u0103 va ajunge la minus 2 grade, iar minimele vor cobor\u00ee spre minus 7-5 grade Celsius.<\/p>\n<p class=\"font-claude-response-body break-words whitespace-normal leading-[1.7]\" id=\"p-6\">V\u00e2ntul va sufla cu rafale de 45-50 km pe or\u0103, viscolind temporar ninsoarea. Arafat a atras aten\u021bia c\u0103 minus 7 grade la Bucure\u0219ti reprezint\u0103 un pericol real de hipotermie pentru persoanele care r\u0103m\u00e2n afar\u0103.<\/p>\n<h2 class=\"font-claude-response-body break-words whitespace-normal leading-[1.7]\" id=\"chapter-3\"><strong>Moldova \u0219i zonele montane, de asemenea afectate<\/strong><\/h2>\n<p class=\"font-claude-response-body break-words whitespace-normal leading-[1.7]\" id=\"p-7\">Nu doar zona avertizat\u0103 de Cod galben va fi afectat\u0103 de fenomene meteo extreme. \u00cen Moldova \u0219i \u00een masivele montane, stratul de z\u0103pad\u0103 va fi consistent, chiar \u0219i \u00een zonele mai joase de relief, ajung\u00e2nd p\u00e2n\u0103 la 10 centimetri.<\/p>\n<p class=\"font-claude-response-body break-words whitespace-normal leading-[1.7]\" id=\"p-8\">V\u00e2ntul va avea intensific\u0103ri sus\u021binute cu rafale de 45-50 km pe or\u0103, viscolind ninsoarea.<\/p>\n<h2 class=\"font-claude-response-body break-words whitespace-normal leading-[1.7]\" id=\"chapter-4\"><strong>Arafat: Instruc\u021biuni stricte pentru protec\u021bia persoanelor vulnerabile<\/strong><\/h2>\n<p class=\"font-claude-response-body break-words whitespace-normal leading-[1.7]\" id=\"p-9\">Arafat a dat instruc\u021biuni clare autorit\u0103\u021bilor locale. Planul de protec\u021bie a persoanelor f\u0103r\u0103 ad\u0103post trebuie activat imediat, f\u0103r\u0103 a fi necesar\u0103 retrimirea acestuia, deoarece intr\u0103 automat \u00een vigoare \u00een fiecare an.<\/p>\n<p class=\"font-claude-response-body break-words whitespace-normal leading-[1.7]\" id=\"p-10\">Pompieri, poli\u021bi\u0219ti \u0219i ambulan\u021bieri au primit sarcina de a identifica orice persoan\u0103 f\u0103r\u0103 ad\u0103post. Zonele \u00een care acestea stau de regul\u0103 trebuie monitorizate \u00een cursul nop\u021bii. Persoanele identificate vor fi duse c\u0103tre ad\u0103posturi \u00eenc\u0103lzite pentru a preveni cazurile de hipotermie \u0219i victimele.<\/p>\n<h2 class=\"font-claude-response-body break-words whitespace-normal leading-[1.7]\" id=\"chapter-5\"><strong>Arafat: Perioada de risc se prelunge\u0219te p\u00e2n\u0103 pe 27 decembrie<\/strong><\/h2>\n<p class=\"font-claude-response-body break-words whitespace-normal leading-[1.7]\" id=\"p-11\">\u0218eful DSU a subliniat c\u0103 fenomenele meteo extreme vor persista p\u00e2n\u0103 pe 27 decembrie. Din acest motiv, autorit\u0103\u021bile trebuie s\u0103 manifeste aten\u021bie maxim\u0103 pe toat\u0103 aceast\u0103 perioad\u0103.<\/p>\n<p class=\"font-claude-response-body break-words whitespace-normal leading-[1.7]\" id=\"p-12\">Prefec\u021bii \u0219i inspectoratele au primit instruc\u021biuni s\u0103 informeze imediat despre orice situa\u021bie deosebit\u0103. Secretarul de stat a cerut raportarea cazurilor care pot necesita interven\u021bii ample, sprijin din alte jude\u021be sau care au impact mediatic.<\/p>\n<p class=\"font-claude-response-body break-words whitespace-normal leading-[1.7]\" id=\"p-13\">Arafat a asigurat c\u0103 telefonul s\u0103u r\u0103m\u00e2ne deschis pentru orice situa\u021bie care necesit\u0103 coordonare la nivel na\u021bional. Ministrul Afacerilor Interne va fi informat despre toate incidentele majore.<\/p>\n<h2 class=\"font-claude-response-body break-words whitespace-normal leading-[1.7]\" id=\"chapter-6\"><strong>Verific\u0103ri pentru contractele de dez\u0103pezire<\/strong><\/h2>\n<p class=\"font-claude-response-body break-words whitespace-normal leading-[1.7]\" id=\"p-14\">\u00cen finalul videoconferin\u021bei, Arafat a verificat dac\u0103 toate jude\u021bele au contracte de dez\u0103pezire active \u0219i stocuri suficiente de materiale pentru drumuri. Lipsa interven\u021biilor din partea prefec\u021bilor a confirmat c\u0103 toate jude\u021bele sunt preg\u0103tite pentru interven\u021bie.<\/p>\n<h2 class=\"font-claude-response-body break-words whitespace-normal leading-[1.7]\" id=\"chapter-7\"><strong>Scenarii de interven\u021bie pentru Arge\u0219<\/strong><\/h2>\n<p class=\"font-claude-response-body break-words whitespace-normal leading-[1.7]\" id=\"p-15\">Prefectul jude\u021bului Arge\u0219 a primit instruc\u021biuni speciale \u00een privin\u021ba Vidraru. Discu\u021biile au vizat stabilirea scenariilor de interven\u021bie \u0219i reac\u021bia la fiecare scenariu \u00een cazul apari\u021biei problemelor.<\/p>\n<p class=\"font-claude-response-body break-words whitespace-normal leading-[1.7]\" id=\"p-16\">Arafat a solicitat, de asemenea, primirea unei copii a deciziilor luate \u00een CGSU Arge\u0219.<\/p>\n<h2 class=\"font-claude-response-body break-words whitespace-normal leading-[1.7]\" id=\"chapter-8\"><strong>ANM va actualiza avertiz\u0103rile vineri<\/strong><\/h2>\n<p class=\"font-claude-response-body break-words whitespace-normal leading-[1.7]\" id=\"p-17\">Elena Mateescu a anun\u021bat c\u0103 informarea meteorologic\u0103 r\u0103m\u00e2ne valabil\u0103 p\u00e2n\u0103 vineri diminea\u021b\u0103, la ora 10. Vineri, ANM va interveni cu noi avertiz\u0103ri, deoarece intensific\u0103rile de v\u00e2nt r\u0103m\u00e2n de interes \u0219i temperaturile vor continua s\u0103 scad\u0103.<\/p>\n","protected":false},"excerpt":{"rendered":"<p>Arafat a cerut stabilirea clar\u0103 a tuturor m\u0103surilor care vor fi luate \u00een urm\u0103toarea perioad\u0103. Priorit\u0103\u021bile identificate sunt circula\u021bia rutier\u0103, siguran\u021ba public\u0103, informarea popula\u021biei \u0219i protec\u021bia persoanelor f\u0103r\u0103 ad\u0103post. Videoconferin\u021b\u0103 &hellip; <a href=\"https:\/\/microscopemedia.com\/?p=667989\" class=\"more-link\">Read More<\/a><\/p>\n","protected":false},"author":1,"featured_media":667990,"comment_status":"closed","ping_status":"closed","sticky":false,"template":"Default","format":"standard","meta":[],"categories":[1],"tags":[],"_links":{"self":[{"href":"https:\/\/microscopemedia.com\/index.php?rest_route=\/wp\/v2\/posts\/667989"}],"collection":[{"href":"https:\/\/microscopemedia.com\/index.php?rest_route=\/wp\/v2\/posts"}],"about":[{"href":"https:\/\/microscopemedia.com\/index.php?rest_route=\/wp\/v2\/types\/post"}],"author":[{"embeddable":true,"href":"https:\/\/microscopemedia.com\/index.php?rest_route=\/wp\/v2\/users\/1"}],"replies":[{"embeddable":true,"href":"https:\/\/microscopemedia.com\/index.php?rest_route=%2Fwp%2Fv2%2Fcomments&post=667989"}],"version-history":[{"count":0,"href":"https:\/\/microscopemedia.com\/index.php?rest_route=\/wp\/v2\/posts\/667989\/revisions"}],"wp:featuredmedia":[{"embeddable":true,"href":"https:\/\/microscopemedia.com\/index.php?rest_route=\/wp\/v2\/media\/667990"}],"wp:attachment":[{"href":"https:\/\/microscopemedia.com\/index.php?rest_route=%2Fwp%2Fv2%2Fmedia&parent=667989"}],"wp:term":[{"taxonomy":"category","embeddable":true,"href":"https:\/\/microscopemedia.com\/index.php?rest_route=%2Fwp%2Fv2%2Fcategories&post=667989"},{"taxonomy":"post_tag","embeddable":true,"href":"https:\/\/microscopemedia.com\/index.php?rest_route=%2Fwp%2Fv2%2Ftags&post=667989"}],"curies":[{"name":"wp","href":"https:\/\/api.w.org\/{rel}","templated":true}]}}