{"id":667993,"date":"2025-12-24T14:56:04","date_gmt":"2025-12-24T14:56:04","guid":{"rendered":"https:\/\/microscopemedia.com\/?p=667993"},"modified":"2025-12-24T14:56:04","modified_gmt":"2025-12-24T14:56:04","slug":"directorul-general-al-tarom-si-a-dat-demisia-care-au-fost-motivele-deciziei-lui-costin-iordache","status":"publish","type":"post","link":"https:\/\/microscopemedia.com\/?p=667993","title":{"rendered":"Directorul general al TAROM \u0219i-a dat demisia. Care au fost motivele deciziei lui Costin Iordache"},"content":{"rendered":"<div><img decoding=\"async\" src=\"https:\/\/microscopemedia.com\/wp-content\/uploads\/2025\/12\/directorul-general-al-tarom-si-a-dat-demisia-care-au-fost-motivele-deciziei-lui-costin-iordache.webp\" class=\"ff-og-image-inserted\"><\/div>\n<p id=\"p-0\">La data de 19 decembrie 2025, Costin Iordache, directorul general al companie TAROM, \u0219i-a depus mandatul, din motive personale, dup\u0103 ce, al\u0103turi de echipa sa executiv\u0103, a reu\u0219it s\u0103&nbsp; deruleze cea mai mare parte din ac\u021biunile prev\u0103zute \u00een Planul de restructurare aprobat de Comisia European\u0103, au transmis oficialii operatorului aviatic na\u021bional<\/p>\n<blockquote readability=\"10\">\n<p id=\"p-1\">\u201eCostin Iordache a contribuit la managementul TAROM cu o experien\u021b\u0103 de peste 18 ani \u00een companii de renume na\u021bional \u0219i interna\u0163ional. Conduc\u00e2nd o echip\u0103 de profesioni\u0219ti proveni\u021bi din mediul privat a reu\u0219it s\u0103 ob\u021bin\u0103 aprobarea ajutorului de stat, reducerea datoriilor \u0219i intrarea companiei pe profit\u201d, arat\u0103 comunciatul transmis.<\/p>\n<\/blockquote>\n<p id=\"p-2\">Dup\u0103 comunicarea deciziei sale, <a href=\"https:\/\/www.mediafax.ro\/economic\/tarom-si-a-redus-numarul-de-membri-din-consiliul-de-administratie-cine-sunt-cei-doi-care-au-renuntat-la-mandat-23648764\">Costin Iordache<\/a> va r\u0103m\u00e2ne \u00een func\u021bie p\u00e2n\u0103 la data de 15 ianuarie 2026, moment p\u00e2n\u0103 la care Consiliul de Administraie al TAROM va identifica \u0219i numi un director general interimar. Astfel toate deciziile luate la cel mai \u00eenalt nivel de management sunt continuu asigurate de de c\u0103tre directorii generali ai companiei, care reprezint\u0103 politica asumat\u0103 a companiei, a CA al TAROM \u0219i a statului roman reprezentat de MT, \u00een calitate de ac\u021bionar.<\/p>\n<p id=\"p-3\">Potrivit companiei, \u00cen paralel CA al TAROM va \u00eencepe procedura de selectarea a unui nou director general, prin intermediul Comitetului de Nominalizare \u0219i Remunerare, cu sprijinul unui consultant extern.<\/p>\n<p id=\"p-4\">\u201eObiectivul principal al echipei de management continua s\u0103 fie finalizarea \u0219i implementarea planului de restructurare, pentru revitalizarea companiei \u0219i transformarea ei \u00eentr-o organiza\u021bie profitabil\u0103 \u0219i modern\u0103\u201d, au conchis oficialii.<\/p>\n<h2 id=\"chapter-0\">Traseul lui Costin Iordache<\/h2>\n<p id=\"p-5\">Costin Iordache este absolvent al Academiei de Studii Economice, c\u00e2t \u0219i al programului Leadership Excellence, din cadrul Univerit\u0103\u021bii Berlin. Domnul Iordache are o experien\u021b\u0103 de peste 18 de ani \u00een companii de renume na\u021bional \u0219i interna\u0163ional, precum ABN AMRO BANK, Romtelecom sau Telekom Group.<\/p>\n<p id=\"p-6\">El a fost numit de Consiliul de Administra\u021bie al Companiei Na\u0163ionale de Transporturi Aeriene a Rom\u00e2niei (TAROM) \u00een func\u021bia de director general la \u00eenceputul lui ianuarie 2024, dup\u0103 ce fostul titular, Bogdan Popescu, numit \u00een octombrie 2023, a demisionat \u00een decembrie 2023. Costin Iordache a ajuns din mediul privat la TAROM \u00een octombrie 2022, \u00een func\u021bia de de director financiar, ulterior director general \u00eentre ianuarie \u0219i octombrie 2023, c\u00e2nd a fost numit director economic.<\/p>\n<p id=\"p-7\">Costin Iordache a fost director general interimar al <a href=\"https:\/\/www.mediafax.ro\/economic\/ilie-bolojan-17-companii-de-stat-vor-fi-reorganizate-prin-fuziune-divizare-sau-lichidare-iar-unele-vor-fi-listate-tarom-metrorex-si-cfr-printre-cele-mentionate-23653350\">TAROM<\/a>&nbsp;\u00eencep\u00e2nd din 9 ianuarie 2024, \u00een urma deciziei Consiliului de Administra\u021bie al companiei din \u0219edin\u0219a de vineri, 5 ianurie. El ocupa func\u021bia de director economic al TAROM din 16 octombrie, c\u00e2nd Consiliul de Administra\u021bie al Companiei TAROM l-a numit pe Bogdan Popescu \u00een func\u021bia de director general, iar pe Narcis Obead\u0103, \u00een func\u021bia de director comercial. Bogdan Popescu \u0219i-a dat demisia din func\u021bia de directorul general \u00een luna decembrie.<\/p>\n<p id=\"p-8\">Anterior, Costin Iordache a mai avut un mandat de director general interimar \u00een perioada ianuarie-octombrie 2023. Costin Iordache fusese numit pe 4 ianuarie 2023 \u00een aceea\u0219i func\u021bie, dup\u0103 ajungerea la termen a contractului de mandat al directorului general CEO \u2013 Mih\u0103i\u021b\u0103 Ursu, func\u021bie de\u021binut\u0103 de acesta \u00een ultimul an calendaristic \u0219i \u00een perioada iunie 2020 \u2013 iunie 2021.<\/p>\n<h2 id=\"chapter-1\">Rezultatele TAROM<\/h2>\n<p id=\"p-9\">Compania Na\u0163ional\u0103 de Transporturi Aeriene Rom\u00e2ne \u2013 TAROM, \u00eenfiin\u021bat\u0103 \u00een 1954, este o societate comercial\u0103 cu capital majoritar de stat, sub autoritatea Ministerului Transporturilor, care de\u021bine pachetul majoritar de ac\u021biuni (97,2%).<\/p>\n<p id=\"p-10\">Potrivit oficialilor, rezultatele ob\u021binute de companie \u00een ultimii ani reprezint\u0103 o premier\u0103 pentru ultimele dou\u0103 decenii: pierderile au sc\u0103zut de la 430 milioane lei \u00een 2020, la 87 milioane lei \u00een 2023, 2024 \u2013 profit de aproximativ 292 milioane lei, \u0219i 2025 \u2013 profit brut estimat 2,38 milioane de lei.<\/p>\n<p id=\"p-11\">Din anul 1993, TAROM este companie membr\u0103 a Asocia\u0163iei Interna\u0163ionale a Transportatorilor Aerieni (IATA), iar din 25 iunie 2010, \u0219i a Alian\u0163ei SkyTeam.<\/p>\n<p id=\"p-12\">Transportatorul na\u021bional al Rom\u00e2niei de\u021binea anul trecut o flot\u0103 de 18 aeronave \u0219i are \u00een portofoliul s\u0103u 50 de destina\u021bii operate cu aeronave proprii sau deservite de partenerii s\u0103i code share.<\/p>\n<p id=\"p-13\">Dintre cele 18 aeronave, 14 sunt \u00een utilizarea curent\u0103, iar patru Airbus 318 au ie\u0219it din flot\u0103 dup\u0103 ce au fost v\u00e2ndute c\u0103tre o companie din Marea Britanie.<\/p>\n<p id=\"p-14\">&nbsp;<\/p>\n<p id=\"p-15\">&nbsp;<\/p>\n","protected":false},"excerpt":{"rendered":"<p>La data de 19 decembrie 2025, Costin Iordache, directorul general al companie TAROM, \u0219i-a depus mandatul, din motive personale, dup\u0103 ce, al\u0103turi de echipa sa executiv\u0103, a reu\u0219it s\u0103&nbsp; deruleze &hellip; <a href=\"https:\/\/microscopemedia.com\/?p=667993\" class=\"more-link\">Read More<\/a><\/p>\n","protected":false},"author":1,"featured_media":667994,"comment_status":"closed","ping_status":"closed","sticky":false,"template":"Default","format":"standard","meta":[],"categories":[1],"tags":[],"_links":{"self":[{"href":"https:\/\/microscopemedia.com\/index.php?rest_route=\/wp\/v2\/posts\/667993"}],"collection":[{"href":"https:\/\/microscopemedia.com\/index.php?rest_route=\/wp\/v2\/posts"}],"about":[{"href":"https:\/\/microscopemedia.com\/index.php?rest_route=\/wp\/v2\/types\/post"}],"author":[{"embeddable":true,"href":"https:\/\/microscopemedia.com\/index.php?rest_route=\/wp\/v2\/users\/1"}],"replies":[{"embeddable":true,"href":"https:\/\/microscopemedia.com\/index.php?rest_route=%2Fwp%2Fv2%2Fcomments&post=667993"}],"version-history":[{"count":0,"href":"https:\/\/microscopemedia.com\/index.php?rest_route=\/wp\/v2\/posts\/667993\/revisions"}],"wp:featuredmedia":[{"embeddable":true,"href":"https:\/\/microscopemedia.com\/index.php?rest_route=\/wp\/v2\/media\/667994"}],"wp:attachment":[{"href":"https:\/\/microscopemedia.com\/index.php?rest_route=%2Fwp%2Fv2%2Fmedia&parent=667993"}],"wp:term":[{"taxonomy":"category","embeddable":true,"href":"https:\/\/microscopemedia.com\/index.php?rest_route=%2Fwp%2Fv2%2Fcategories&post=667993"},{"taxonomy":"post_tag","embeddable":true,"href":"https:\/\/microscopemedia.com\/index.php?rest_route=%2Fwp%2Fv2%2Ftags&post=667993"}],"curies":[{"name":"wp","href":"https:\/\/api.w.org\/{rel}","templated":true}]}}