{"id":667997,"date":"2025-12-24T15:16:04","date_gmt":"2025-12-24T15:16:04","guid":{"rendered":"https:\/\/microscopemedia.com\/?p=667997"},"modified":"2025-12-24T15:16:04","modified_gmt":"2025-12-24T15:16:04","slug":"haos-la-gara-de-nord-trenul-bucuresti-bacau-73-de-minute-intarziere-pe-ajun-de-craciun","status":"publish","type":"post","link":"https:\/\/microscopemedia.com\/?p=667997","title":{"rendered":"Haos la Gara de Nord: Trenul Bucure\u0219ti-Bac\u0103u, 73 de minute \u00eent\u00e2rziere pe Ajun de Cr\u0103ciun"},"content":{"rendered":"<div><img decoding=\"async\" src=\"https:\/\/microscopemedia.com\/wp-content\/uploads\/2025\/12\/haos-la-gara-de-nord-trenul-bucuresti-bacau-73-de-minute-intarziere-pe-ajun-de-craciun.jpg\" class=\"ff-og-image-inserted\"><\/div>\n<p class=\"font-claude-response-body break-words whitespace-normal leading-[1.7]\" id=\"p-0\">C\u0103l\u0103torii care se \u00eendreapt\u0103 spre cas\u0103 pentru s\u0103rb\u0103tori au fost nevoi\u021bi s\u0103 a\u0219tepte peste o or\u0103 \u00een gar\u0103.<\/p>\n<p class=\"font-claude-response-body break-words whitespace-normal leading-[1.7]\" id=\"p-1\">Trenul care trebuia s\u0103 plece la ora 15:00 din Bucure\u0219ti Nord a pornit abia dup\u0103 ora 16:00.<\/p>\n<p class=\"font-claude-response-body break-words whitespace-normal leading-[1.7]\" id=\"p-2\"><strong>Problem\u0103 la trecerea f\u0103r\u0103 oprire prin Buftea<\/strong><\/p>\n<p class=\"font-claude-response-body break-words whitespace-normal leading-[1.7]\" id=\"p-3\">Cauza \u00eent\u00e2rzierii pare s\u0103 fie o problem\u0103 la trecerea f\u0103r\u0103 oprire prin Buftea.<\/p>\n<p class=\"font-claude-response-body break-words whitespace-normal leading-[1.7]\" id=\"p-4\">Trenul IR 1657 circul\u0103 pe linia 10A \u0219i deserve\u0219te una dintre cele mai importante rute din \u021bar\u0103, conect\u00e2nd Capitala cu Moldova.<\/p>\n<h2 class=\"font-claude-response-body break-words whitespace-normal leading-[1.7]\" id=\"chapter-0\"><strong>Toate sta\u021biile afectate de \u00eent\u00e2rziere<\/strong><\/h2>\n<p class=\"font-claude-response-body break-words whitespace-normal leading-[1.7]\" id=\"p-5\">\u00cent\u00e2rzierea de 73 de minute s-a men\u021binut la toate sta\u021biile de pe traseu. Ploie\u0219ti Sud, prima sta\u021bie mare dup\u0103 Bucure\u0219ti, a fost atins\u0103 la ora 15:39, cu aceea\u0219i \u00eent\u00e2rziere de +73 minute.<\/p>\n<h2 class=\"font-claude-response-body break-words whitespace-normal leading-[1.7]\" id=\"chapter-1\"><strong>C\u0103l\u0103tori nemul\u021bumi\u021bi \u00een ziua de Ajun<\/strong><\/h2>\n<p class=\"font-claude-response-body break-words whitespace-normal leading-[1.7]\" id=\"p-6\">C\u0103l\u0103torii care s-au \u00eendreptat spre cas\u0103 pentru s\u0103rb\u0103tori au fost nemul\u021bumi\u021bi de situa\u021bie. Mul\u021bi dintre ei au planificat s\u0103 ajung\u0103 la destina\u021bie la anumite ore pentru a participa la preg\u0103tirile de Cr\u0103ciun sau pentru a se \u00eent\u00e2lni cu familiile.<\/p>\n<p class=\"font-claude-response-body break-words whitespace-normal leading-[1.7]\" id=\"p-7\">\u00cent\u00e2rzierea de 73 de minute a perturbat planurile multor pasageri.<\/p>\n<h2 id=\"chapter-2\">Alte probleme<\/h2>\n<p id=\"p-8\">Trenul IR 10071 care trebuia s\u0103 plece la ora 15:20 c\u0103tre Gala\u021bi a \u00eenregistrat o \u00eent\u00e2rziere de 15 minute.<\/p>\n<p class=\"font-claude-response-body break-words whitespace-normal leading-[1.7]\" id=\"p-9\">Trenul R-E 3003 programat s\u0103 plece la ora 15:06 c\u0103tre Bra\u0219ov pe linia 5A a acumulat 11 minute \u00eent\u00e2rziere.<\/p>\n<p class=\"font-claude-response-body break-words whitespace-normal leading-[1.7]\" id=\"p-10\">De asemenea, trenul R 8093 care trebuia s\u0103 plece la ora 14:51 c\u0103tre Bucure\u0219ti Obor pe linia 13A a avut o \u00eent\u00e2rziere de 6 minute. De\u0219i este cea mai mic\u0103 \u00eent\u00e2rziere raportat\u0103, ea afecteaz\u0103 c\u0103l\u0103torii pe distan\u021be scurte \u00een zona Capitalei.<\/p>\n","protected":false},"excerpt":{"rendered":"<p>C\u0103l\u0103torii care se \u00eendreapt\u0103 spre cas\u0103 pentru s\u0103rb\u0103tori au fost nevoi\u021bi s\u0103 a\u0219tepte peste o or\u0103 \u00een gar\u0103. Trenul care trebuia s\u0103 plece la ora 15:00 din Bucure\u0219ti Nord a &hellip; <a href=\"https:\/\/microscopemedia.com\/?p=667997\" class=\"more-link\">Read More<\/a><\/p>\n","protected":false},"author":1,"featured_media":667998,"comment_status":"closed","ping_status":"closed","sticky":false,"template":"Default","format":"standard","meta":[],"categories":[1],"tags":[],"_links":{"self":[{"href":"https:\/\/microscopemedia.com\/index.php?rest_route=\/wp\/v2\/posts\/667997"}],"collection":[{"href":"https:\/\/microscopemedia.com\/index.php?rest_route=\/wp\/v2\/posts"}],"about":[{"href":"https:\/\/microscopemedia.com\/index.php?rest_route=\/wp\/v2\/types\/post"}],"author":[{"embeddable":true,"href":"https:\/\/microscopemedia.com\/index.php?rest_route=\/wp\/v2\/users\/1"}],"replies":[{"embeddable":true,"href":"https:\/\/microscopemedia.com\/index.php?rest_route=%2Fwp%2Fv2%2Fcomments&post=667997"}],"version-history":[{"count":0,"href":"https:\/\/microscopemedia.com\/index.php?rest_route=\/wp\/v2\/posts\/667997\/revisions"}],"wp:featuredmedia":[{"embeddable":true,"href":"https:\/\/microscopemedia.com\/index.php?rest_route=\/wp\/v2\/media\/667998"}],"wp:attachment":[{"href":"https:\/\/microscopemedia.com\/index.php?rest_route=%2Fwp%2Fv2%2Fmedia&parent=667997"}],"wp:term":[{"taxonomy":"category","embeddable":true,"href":"https:\/\/microscopemedia.com\/index.php?rest_route=%2Fwp%2Fv2%2Fcategories&post=667997"},{"taxonomy":"post_tag","embeddable":true,"href":"https:\/\/microscopemedia.com\/index.php?rest_route=%2Fwp%2Fv2%2Ftags&post=667997"}],"curies":[{"name":"wp","href":"https:\/\/api.w.org\/{rel}","templated":true}]}}