{"id":667999,"date":"2025-12-24T15:26:04","date_gmt":"2025-12-24T15:26:04","guid":{"rendered":"https:\/\/microscopemedia.com\/?p=667999"},"modified":"2025-12-24T15:26:04","modified_gmt":"2025-12-24T15:26:04","slug":"von-der-leyen-afirma-ca-libertatea-de-exprimare-este-fundamentul-democratiei-europene","status":"publish","type":"post","link":"https:\/\/microscopemedia.com\/?p=667999","title":{"rendered":"Von der Leyen afirm\u0103 c\u0103 libertatea de exprimare este fundamentul democra\u021biei europene"},"content":{"rendered":"<div><img decoding=\"async\" src=\"https:\/\/microscopemedia.com\/wp-content\/uploads\/2025\/12\/von-der-leyen-afirma-ca-libertatea-de-exprimare-este-fundamentul-democratiei-europene.jpg\" class=\"ff-og-image-inserted\"><\/div>\n<p id=\"p-0\">\u201eLibertatea de exprimare este fundamentul democra\u021biei noastre europene puternice \u0219i vibrante. Suntem m\u00e2ndri de ea. O vom proteja. Pentru c\u0103 CE este gardianul valorilor noastre\u201d, a declarat lidera european\u0103 \u00eentr-o postare pe contul s\u0103u de Twitter, potrivit <a href=\"https:\/\/efe.com\/euroefe\/\" target=\"_blank\" rel=\"noopener\">EFE<\/a>.<\/p>\n<h2 id=\"chapter-0\">Intrarea a fost interzis\u0103 la cinci europeni<\/h2>\n<p id=\"p-1\">Administra\u021bia pre\u0219edintelui american Donald Trump a interzis intrarea \u00een \u021bar\u0103 a cinci cet\u0103\u021beni europeni, acuz\u00e2ndu-i c\u0103 \u201econstr\u00e2ng\u201d re\u021belele de socializare s\u0103 cenzureze vocile americane, a <strong>anun\u021bat mar\u021bi secretarul de stat Marco Rubio<\/strong>.<\/p>\n<p id=\"p-2\">Printre cei sanc\u021biona\u021bi se num\u0103r\u0103 \u0219i fostul comisar european pentru pia\u021ba intern\u0103, Thierry Breton (2019-2024), care a promovat reglement\u0103ri pentru limitarea dezinform\u0103rii pe platforme precum X, Meta \u0219i TikTok.<\/p>\n<p id=\"p-3\">De asemenea, au fost inclu\u0219i activistul britanic Imran Ahmed, director executiv al Centrului pentru Combaterea Urii Digitale (CCDH), o organiza\u021bie dedicat\u0103 combaterii urii \u0219i dezinform\u0103rii pe internet, precum \u0219i directoarele organiza\u021biei germane Hate Aid, Anna-Lena von Hodenberg \u0219i Josephine Ballon, conform propriilor declara\u021bii.<\/p>\n<h2 id=\"chapter-1\">\u201eUn drept fundamental \u00een Europa\u201d<\/h2>\n<p id=\"p-4\">CE a subliniat \u00eentr-o declara\u021bie c\u0103 libertatea de exprimare este \u201eun drept fundamental \u00een Europa \u0219i o valoare fundamental\u0103 \u00eemp\u0103rt\u0103\u0219it\u0103 cu Statele Unite\u201d \u0219i a reamintit c\u0103 Uniunea European\u0103 este o pia\u021b\u0103 deschis\u0103, bazat\u0103 pe reguli, cu dreptul suveran de a reglementa activitatea economic\u0103 \u00een conformitate cu valorile sale democratice \u0219i angajamentele interna\u021bionale.<\/p>\n","protected":false},"excerpt":{"rendered":"<p>\u201eLibertatea de exprimare este fundamentul democra\u021biei noastre europene puternice \u0219i vibrante. Suntem m\u00e2ndri de ea. O vom proteja. Pentru c\u0103 CE este gardianul valorilor noastre\u201d, a declarat lidera european\u0103 \u00eentr-o &hellip; <a href=\"https:\/\/microscopemedia.com\/?p=667999\" class=\"more-link\">Read More<\/a><\/p>\n","protected":false},"author":1,"featured_media":668000,"comment_status":"closed","ping_status":"closed","sticky":false,"template":"Default","format":"standard","meta":[],"categories":[1],"tags":[],"_links":{"self":[{"href":"https:\/\/microscopemedia.com\/index.php?rest_route=\/wp\/v2\/posts\/667999"}],"collection":[{"href":"https:\/\/microscopemedia.com\/index.php?rest_route=\/wp\/v2\/posts"}],"about":[{"href":"https:\/\/microscopemedia.com\/index.php?rest_route=\/wp\/v2\/types\/post"}],"author":[{"embeddable":true,"href":"https:\/\/microscopemedia.com\/index.php?rest_route=\/wp\/v2\/users\/1"}],"replies":[{"embeddable":true,"href":"https:\/\/microscopemedia.com\/index.php?rest_route=%2Fwp%2Fv2%2Fcomments&post=667999"}],"version-history":[{"count":0,"href":"https:\/\/microscopemedia.com\/index.php?rest_route=\/wp\/v2\/posts\/667999\/revisions"}],"wp:featuredmedia":[{"embeddable":true,"href":"https:\/\/microscopemedia.com\/index.php?rest_route=\/wp\/v2\/media\/668000"}],"wp:attachment":[{"href":"https:\/\/microscopemedia.com\/index.php?rest_route=%2Fwp%2Fv2%2Fmedia&parent=667999"}],"wp:term":[{"taxonomy":"category","embeddable":true,"href":"https:\/\/microscopemedia.com\/index.php?rest_route=%2Fwp%2Fv2%2Fcategories&post=667999"},{"taxonomy":"post_tag","embeddable":true,"href":"https:\/\/microscopemedia.com\/index.php?rest_route=%2Fwp%2Fv2%2Ftags&post=667999"}],"curies":[{"name":"wp","href":"https:\/\/api.w.org\/{rel}","templated":true}]}}