{"id":668001,"date":"2025-12-24T15:46:04","date_gmt":"2025-12-24T15:46:04","guid":{"rendered":"https:\/\/microscopemedia.com\/?p=668001"},"modified":"2025-12-24T15:46:04","modified_gmt":"2025-12-24T15:46:04","slug":"thomas-muller-afirma-ca-florian-wirtz-s-ar-fi-adaptat-mai-usor-la-bayern-munchen","status":"publish","type":"post","link":"https:\/\/microscopemedia.com\/?p=668001","title":{"rendered":"Thomas Muller afirm\u0103 c\u0103 Florian Wirtz s-ar fi adaptat mai u\u0219or la Bayern Munchen"},"content":{"rendered":"<div><img decoding=\"async\" src=\"https:\/\/microscopemedia.com\/wp-content\/uploads\/2025\/12\/thomas-muller-afirma-ca-florian-wirtz-s-ar-fi-adaptat-mai-usor-la-bayern-munchen.jpg\" class=\"ff-og-image-inserted\"><\/div>\n<p data-start=\"157\" data-end=\"409\" id=\"p-0\">Mijloca\u0219ul german Florian Wirtz, \u00een v\u00e2rst\u0103 de 22 de ani, a fost dorit de Bayern, \u00eens\u0103 a ales s\u0103 se transfere pe Anfield de la Bayer Leverkusen, pentru o sum\u0103 care poate ajunge la 150 de milioane de euro.<\/p>\n<p data-start=\"411\" data-end=\"506\" id=\"p-1\">Acesta a avut un start de sezon dificil la Liverpool, cu zero goluri \u0219i o pas\u0103 decisiv\u0103 \u00een Premier League.<\/p>\n<p data-start=\"508\" data-end=\"702\" id=\"p-2\">\u201eAdaptarea lui fotbalistic\u0103 ar fi fost cu siguran\u021b\u0103 mai u\u0219oar\u0103 la Bayern, pentru c\u0103 ar fi r\u0103mas \u00een aceea\u0219i lig\u0103\u201d, a declarat M\u00fcller pentru edi\u021bia de miercuri a publica\u021biei S\u00fcddeutsche Zeitung.<\/p>\n<p data-start=\"508\" data-end=\"702\" id=\"p-3\">Totu\u0219i, M\u00fcller a mai spus c\u0103 un fotbalist german precum Wirtz ar fi fost supus unei aten\u021bii mediatice mult mai intense la M\u00fcnchen, \u201epe care pur \u0219i simplu o ai dac\u0103 lucrurile nu merg bine la Bayern\u201d.<\/p>\n<p data-start=\"704\" data-end=\"1005\" id=\"p-4\">El a ad\u0103ugat c\u0103, \u00een astfel de situa\u021bii, juc\u0103torii str\u0103ini sunt mai pu\u021bin \u00een lumina reflectoarelor.<\/p>\n<p data-start=\"1007\" data-end=\"1237\" id=\"p-5\">\u00cen v\u00e2rst\u0103 de 36 de ani, M\u00fcller a plecat de la Bayern \u00een var\u0103, dup\u0103 25 de ani petrecu\u021bi la club, \u00een condi\u021biile \u00een care contractul s\u0103u nu a fost prelungit. El evolueaz\u0103 \u00een prezent pentru Vancouver Whitecaps, \u00een Major League Soccer, echip\u0103 al\u0103turi de care a ajuns \u00een final\u0103.<\/p>\n<p data-start=\"1239\" data-end=\"1316\" id=\"p-6\">Acesta a spus c\u0103 a plecat din M\u00fcnchen \u201e\u00een rela\u021bii bune\u201d \u0219i c\u0103 nu are regrete.<\/p>\n<p data-start=\"1318\" data-end=\"1620\" data-is-last-node data-is-only-node id=\"p-7\">\u201eMi-a pl\u0103cut foarte mult s\u0103 fac parte din aceast\u0103 echip\u0103 \u0219i mi-ar fi pl\u0103cut s\u0103 r\u0103m\u00e2n \u00een prim\u0103var\u0103. Dar pot spune deja c\u0103 aventura din Vancouver mi-a oferit, probabil, mai mult din punct de vedere emo\u021bional ca fotbalist dec\u00e2t o prim\u0103 jum\u0103tate de sezon petrecut\u0103 la Bayern ca rezerv\u0103\u201d, a declarat M\u00fcller.<\/p>\n","protected":false},"excerpt":{"rendered":"<p>Mijloca\u0219ul german Florian Wirtz, \u00een v\u00e2rst\u0103 de 22 de ani, a fost dorit de Bayern, \u00eens\u0103 a ales s\u0103 se transfere pe Anfield de la Bayer Leverkusen, pentru o sum\u0103 &hellip; <a href=\"https:\/\/microscopemedia.com\/?p=668001\" class=\"more-link\">Read More<\/a><\/p>\n","protected":false},"author":1,"featured_media":668002,"comment_status":"closed","ping_status":"closed","sticky":false,"template":"Default","format":"standard","meta":[],"categories":[1],"tags":[],"_links":{"self":[{"href":"https:\/\/microscopemedia.com\/index.php?rest_route=\/wp\/v2\/posts\/668001"}],"collection":[{"href":"https:\/\/microscopemedia.com\/index.php?rest_route=\/wp\/v2\/posts"}],"about":[{"href":"https:\/\/microscopemedia.com\/index.php?rest_route=\/wp\/v2\/types\/post"}],"author":[{"embeddable":true,"href":"https:\/\/microscopemedia.com\/index.php?rest_route=\/wp\/v2\/users\/1"}],"replies":[{"embeddable":true,"href":"https:\/\/microscopemedia.com\/index.php?rest_route=%2Fwp%2Fv2%2Fcomments&post=668001"}],"version-history":[{"count":0,"href":"https:\/\/microscopemedia.com\/index.php?rest_route=\/wp\/v2\/posts\/668001\/revisions"}],"wp:featuredmedia":[{"embeddable":true,"href":"https:\/\/microscopemedia.com\/index.php?rest_route=\/wp\/v2\/media\/668002"}],"wp:attachment":[{"href":"https:\/\/microscopemedia.com\/index.php?rest_route=%2Fwp%2Fv2%2Fmedia&parent=668001"}],"wp:term":[{"taxonomy":"category","embeddable":true,"href":"https:\/\/microscopemedia.com\/index.php?rest_route=%2Fwp%2Fv2%2Fcategories&post=668001"},{"taxonomy":"post_tag","embeddable":true,"href":"https:\/\/microscopemedia.com\/index.php?rest_route=%2Fwp%2Fv2%2Ftags&post=668001"}],"curies":[{"name":"wp","href":"https:\/\/api.w.org\/{rel}","templated":true}]}}