{"id":668017,"date":"2025-12-24T17:26:04","date_gmt":"2025-12-24T17:26:04","guid":{"rendered":"https:\/\/microscopemedia.com\/?p=668017"},"modified":"2025-12-24T17:26:04","modified_gmt":"2025-12-24T17:26:04","slug":"programul-supermarketurilor-de-sarbatori-2025-2026-cand-sunt-deschise-marile-magazine","status":"publish","type":"post","link":"https:\/\/microscopemedia.com\/?p=668017","title":{"rendered":"Programul supermarketurilor de s\u0103rb\u0103tori 2025\u20132026: c\u00e2nd sunt deschise marile magazine"},"content":{"rendered":"<div><img decoding=\"async\" src=\"https:\/\/microscopemedia.com\/wp-content\/uploads\/2025\/12\/programul-supermarketurilor-de-sarbatori-2025-2026-cand-sunt-deschise-marile-magazine.jpg\" class=\"ff-og-image-inserted\"><\/div>\n<h2 id=\"chapter-0\">Mega Image<\/h2>\n<p id=\"p-0\"><strong>Magazinele Mega Image<\/strong> din \u021bar\u0103 vor func\u021biona astfel:<\/p>\n<ul>\n<li>24 decembrie 2025: p\u00e2n\u0103 la 21:00<\/li>\n<li>25 decembrie 2025: \u00eenchis<\/li>\n<li>26 decembrie 2025: 09:00 \u2013 19:00<\/li>\n<li>27 \u2013 30 decembrie 2025: program normal<\/li>\n<li>31 decembrie 2025: 07:00 \u2013 19:00<\/li>\n<li>1 ianuarie 2026: \u00eenchis<\/li>\n<li>2 ianuarie 2026: 09:00 \u2013 19:00<\/li>\n<li>3 ianuarie 2026: program normal<\/li>\n<\/ul>\n<h2 id=\"chapter-1\">Auchan<\/h2>\n<p id=\"p-1\">Magazinele <a href=\"https:\/\/www.mediafax.ro\/social\/programul-marilor-lanturi-de-magazine-de-craciun-2025-care-sunt-zilele-in-care-vor-fi-inchise-si-cand-vor-avea-programul-redus-23661479\">Auchan<\/a> din ora\u0219ele din \u021bar\u0103 vor avea program adaptat de s\u0103rb\u0103tori:<\/p>\n<ul>\n<li>24 decembrie 2025: 07:00 \u2013 18:00<\/li>\n<li>25 decembrie 2025: \u00eenchis<\/li>\n<li>26 decembrie 2025: 10:00 \u2013 22:00<\/li>\n<li>31 decembrie 2025: 07:00 \u2013 18:00<\/li>\n<li>1 ianuarie 2026: \u00eenchis<\/li>\n<li>2 ianuarie 2026: 10:00 \u2013 22:00<\/li>\n<\/ul>\n<p id=\"p-2\">Unele magazine <strong>Auchan<\/strong> din ora\u0219e precum Ia\u0219i, <strong>Timi\u0219oara<\/strong> sau <strong>Suceava<\/strong> pot avea program special diferit, de exemplu deschis mai t\u00e2rziu sau cu orar extins \u00een anumite zile de 24 decembrie sau 26 decembrie.<\/p>\n<h2 id=\"chapter-2\">Lidl<\/h2>\n<p id=\"p-3\">Supermarketurile <strong>Lidl<\/strong> vor func\u021biona astfel:<\/p>\n<ul>\n<li>24 decembrie 2025: 07:00 \u2013 18:00<\/li>\n<li>25 decembrie 2025: \u00eenchis<\/li>\n<li>26 decembrie 2025: \u00eenchis<\/li>\n<li>27 \u2013 30 decembrie 2025: 07:00 \u2013 22:00<\/li>\n<li>31 decembrie 2025: 07:00 \u2013 18:00<\/li>\n<li>1 ianuarie 2026: \u00eenchis<\/li>\n<li>2 ianuarie 2026: 10:00 \u2013 18:00<\/li>\n<\/ul>\n<h2 id=\"chapter-3\">Kaufland<\/h2>\n<p id=\"p-4\">Magazinele <strong>Kaufland<\/strong> din ora\u0219ele din \u021bar\u0103 vor avea urm\u0103torul program:<\/p>\n<ul>\n<li>24 decembrie 2025: 07:00 \u2013 18:00<\/li>\n<li>25 decembrie 2025: \u00eenchis<\/li>\n<li>26 decembrie 2025: 09:00 \u2013 18:00<\/li>\n<li>1 ianuarie 2026: \u00eenchis<\/li>\n<li>2 ianuarie 2026: <strong>program adaptat potrivit centrului comercial sau loca\u021biei<\/strong><\/li>\n<\/ul>\n<h2 id=\"chapter-4\">Penny<\/h2>\n<p id=\"p-5\">Re\u021beaua <strong>Penny<\/strong> va func\u021biona astfel:<\/p>\n<ul>\n<li>24 decembrie 2025: 07:00 \u2013 18:00<\/li>\n<li>25 decembrie 2025: \u00eenchis<\/li>\n<li>26 decembrie 2025: 10:00 \u2013 18:00<\/li>\n<li><strong>27 \u2013 30 decembrie 2025: 07:00 \u2013 22:00<\/strong><\/li>\n<li>31 decembrie 2025: 07:00 \u2013 18:00<\/li>\n<li>1 ianuarie 2026: \u00eenchis<\/li>\n<li>2 ianuarie 2026: 10:00 \u2013 18:00<\/li>\n<\/ul>\n<h2 id=\"chapter-5\">Carrefour:<\/h2>\n<h3>Hypermarket<\/h3>\n<ul>\n<li>24 decembrie 2025: 07:00 \u2013 19:00<\/li>\n<li>25 decembrie 2025: \u00eenchis<\/li>\n<li>26 \u2013 28 decembrie 2025: 07:00 \u2013 22:00<\/li>\n<li>29 \u2013 30 decembrie 2025: 07:00 \u2013 23:00<\/li>\n<li>31 decembrie 2025: 07:00 \u2013 18:00<\/li>\n<li>1 ianuarie 2026: \u00eenchis<\/li>\n<\/ul>\n<h3>Carrefour Market:<\/h3>\n<ul>\n<li>24 decembrie 2025: 07:00 \u2013 18:00<\/li>\n<li>25 decembrie 2025: \u00eenchis<\/li>\n<li>26 decembrie 2025: 09:00 \u2013 18:00<\/li>\n<li>27 \u2013 30 decembrie 2025: 07:00 \u2013 22:00<\/li>\n<li>31 decembrie 2025: 07:00 \u2013 18:00<\/li>\n<li>1 ianuarie 2026: \u00eenchis<\/li>\n<\/ul>\n<h3>Carrefour Express:<\/h3>\n<ul>\n<li>24 decembrie 2025: 07:00 \u2013 18:00<\/li>\n<li>25 decembrie 2025: \u00eenchis<\/li>\n<li>26 decembrie 2025: 09:00 \u2013 18:00<\/li>\n<li>27 decembrie 2025: 07:00 \u2013 18:00<\/li>\n<li>29 \u2013 30 decembrie 2025: 07:00 \u2013 22:00<\/li>\n<li>31 decembrie 2025: 07:00 \u2013 18:00<\/li>\n<li>1 ianuarie 2026: \u00eenchis<\/li>\n<\/ul>\n<h2 id=\"chapter-6\">Programul supermarketurilor online<\/h2>\n<p id=\"p-6\">Programul <strong>Sezamo<\/strong> \u00een perioada s\u0103rb\u0103torilor<\/p>\n<p id=\"p-7\">\u00cen contextul cre\u0219terii cererii din preajma s\u0103rb\u0103torilor, <strong>Sezamo<\/strong> va func\u021biona dup\u0103 un program special \u00een perioada <strong>Cr\u0103ciunului \u0219i Anului Nou<\/strong>.<\/p>\n<ul>\n<li>18\u201321 decembrie: 06:00 \u2013 23:00<\/li>\n<li>22\u201323 decembrie: 06:00 \u2013 24:00<\/li>\n<li>24 decembrie: 06:00 \u2013 18:00<\/li>\n<li>25 decembrie: \u00eenchis<\/li>\n<li>26 decembrie: 10:00 \u2013 19:00<\/li>\n<li>27\u201330 decembrie: 06:00 \u2013 23:00<\/li>\n<li>31 decembrie: 06:00 \u2013 18:00<\/li>\n<li>1 ianuarie: \u00eenchis<\/li>\n<li>2 ianuarie: 06:00 \u2013 23:00<\/li>\n<\/ul>\n<h2 id=\"chapter-7\">Programul Freshfull<\/h2>\n<p id=\"p-8\"><strong>Freshful<\/strong> a stabilit \u0219i \u00een acest an un program extins de livr\u0103ri \u00eenainte de Ajun. Magazinul online va livra comenzi pe 24 decembrie, <strong>\u00eens\u0103 nu va avea livr\u0103ri \u00een zilele de 25 \u0219i 26 decembrie<\/strong>.<\/p>\n<p id=\"p-9\">\u00cen Ajunul Cr\u0103ciunului, pe 24 decembrie, <strong>Freshful va livra \u00eentre 07.00 \u0219i 18.00<\/strong>. \u00cen zilele de 25 \u0219i 26 decembrie, livr\u0103rile vor fi suspendate.<\/p>\n<p id=\"p-10\">\u00cen intervalul <strong>27 \u2013 30<\/strong> decembrie, <strong>Freshful revine la programul extins, cu livr\u0103ri \u00eentre 07.00 \u0219i 00.00<\/strong>. Pe 31 decembrie, programul va fi identic cu cel din Ajunul Cr\u0103ciunului, <strong>respectiv 07.00 \u2013 18.00.&nbsp; &nbsp;<\/strong><\/p>\n<p id=\"p-11\">\u00cen 1 ianuarie 2024, magazinul online nu va livra comenzi. <strong>Livr\u0103rile<\/strong> vor fi reluate \u00een 2 ianuarie 2024, \u00eentre <strong>10.00 \u0219i 23.00<\/strong>, urm\u00e2nd ca din 3 ianuarie s\u0103 se revin\u0103 la programul normal.<\/p>\n","protected":false},"excerpt":{"rendered":"<p>Mega Image Magazinele Mega Image din \u021bar\u0103 vor func\u021biona astfel: 24 decembrie 2025: p\u00e2n\u0103 la 21:00 25 decembrie 2025: \u00eenchis 26 decembrie 2025: 09:00 \u2013 19:00 27 \u2013 30 decembrie &hellip; <a href=\"https:\/\/microscopemedia.com\/?p=668017\" class=\"more-link\">Read More<\/a><\/p>\n","protected":false},"author":1,"featured_media":668018,"comment_status":"closed","ping_status":"closed","sticky":false,"template":"Default","format":"standard","meta":[],"categories":[1],"tags":[],"_links":{"self":[{"href":"https:\/\/microscopemedia.com\/index.php?rest_route=\/wp\/v2\/posts\/668017"}],"collection":[{"href":"https:\/\/microscopemedia.com\/index.php?rest_route=\/wp\/v2\/posts"}],"about":[{"href":"https:\/\/microscopemedia.com\/index.php?rest_route=\/wp\/v2\/types\/post"}],"author":[{"embeddable":true,"href":"https:\/\/microscopemedia.com\/index.php?rest_route=\/wp\/v2\/users\/1"}],"replies":[{"embeddable":true,"href":"https:\/\/microscopemedia.com\/index.php?rest_route=%2Fwp%2Fv2%2Fcomments&post=668017"}],"version-history":[{"count":0,"href":"https:\/\/microscopemedia.com\/index.php?rest_route=\/wp\/v2\/posts\/668017\/revisions"}],"wp:featuredmedia":[{"embeddable":true,"href":"https:\/\/microscopemedia.com\/index.php?rest_route=\/wp\/v2\/media\/668018"}],"wp:attachment":[{"href":"https:\/\/microscopemedia.com\/index.php?rest_route=%2Fwp%2Fv2%2Fmedia&parent=668017"}],"wp:term":[{"taxonomy":"category","embeddable":true,"href":"https:\/\/microscopemedia.com\/index.php?rest_route=%2Fwp%2Fv2%2Fcategories&post=668017"},{"taxonomy":"post_tag","embeddable":true,"href":"https:\/\/microscopemedia.com\/index.php?rest_route=%2Fwp%2Fv2%2Ftags&post=668017"}],"curies":[{"name":"wp","href":"https:\/\/api.w.org\/{rel}","templated":true}]}}