{"id":668031,"date":"2025-12-24T19:16:04","date_gmt":"2025-12-24T19:16:04","guid":{"rendered":"https:\/\/microscopemedia.com\/?p=668031"},"modified":"2025-12-24T19:16:04","modified_gmt":"2025-12-24T19:16:04","slug":"mesajul-de-craciun-al-lui-ilie-bolojan-pentru-romani","status":"publish","type":"post","link":"https:\/\/microscopemedia.com\/?p=668031","title":{"rendered":"Mesajul de Cr\u0103ciun al lui Ilie Bolojan pentru rom\u00e2ni"},"content":{"rendered":"<div><img decoding=\"async\" src=\"https:\/\/microscopemedia.com\/wp-content\/uploads\/2025\/12\/mesajul-de-craciun-al-lui-ilie-bolojan-pentru-romani.jpg\" class=\"ff-og-image-inserted\"><\/div>\n<p id=\"p-0\">Mesajul a fost trimis pe Facebook.<\/p>\n<p id=\"p-1\">\u201eS\u0103rb\u0103tori fericite! Hristos s-a n\u0103scut! V\u0103 doresc tuturor un Cr\u0103ciun lini\u0219tit, cu s\u0103n\u0103tate, speran\u021b\u0103 \u0219i credin\u021b\u0103 \u00eentr-un viitor mai bun\u201d, a transmis \u0219eful Guvernului.<\/p>\n<p id=\"p-2\">Luni, <a href=\"https:\/\/www.mediafax.ro\/politic\/bolojan-despre-craciun-ce-isi-doreste-ce-face-si-ce-mananca-23662288\">premierul Ilie Bolojan<\/a> a vorbit la Antena 3 CNN despre programul pe care \u00eel are de C\u0103ciun. \u00centrebat dac\u0103 i-a scris lui Mo\u0219 Cr\u0103ciun, Bolojan a r\u0103spuns sec c\u0103 nu \u0219i c\u0103 nu o va face.<\/p>\n<p id=\"p-3\">La \u00eentrebarea dac\u0103 \u00ee\u0219i dore\u0219te ceva de s\u0103rb\u0103tori, premierul a afirmat c\u0103 vrea c\u00e2teva zile de lini\u0219te.<\/p>\n<p id=\"p-4\">\u201e\u0218i \u00eemi doresc ca \u021bara noastr\u0103, din pozi\u021bia \u00een care sunt acum, s\u0103 treac\u0103 cu bine \u0219i peste lunile urm\u0103toare, pentru c\u0103 am \u00eencredere \u00een Rom\u00e2nia, am \u00eencredere \u00een rom\u00e2nii \u0219i putem mult mai mult dec\u00e2t am demonstrat p\u00e2n\u0103 acum\u201d, a ad\u0103ugat prim-ministrul.<\/p>\n<p id=\"p-5\">Bolojan a mai fost \u00eentrebat ce va face de s\u0103rb\u0103tori \u0219i a dezv\u0103luit c\u0103 \u00een prima zi de Cr\u0103ciun va fi acas\u0103. De obicei, premierul nu colind\u0103, \u00een schimb se duce \u201ela mama\u201d, iar acas\u0103 prime\u0219te colind\u0103tori, prieteni sau arti\u0219ti locali.<\/p>\n<p id=\"p-6\">De asemenea, Ilie Bolojan a spus c\u0103 nu g\u0103te\u0219te, iar printre produsele favorite de Cr\u0103ciun a enumerat cele tradi\u021bionale, de porc \u0219i sarmale.<\/p>\n","protected":false},"excerpt":{"rendered":"<p>Mesajul a fost trimis pe Facebook. \u201eS\u0103rb\u0103tori fericite! Hristos s-a n\u0103scut! V\u0103 doresc tuturor un Cr\u0103ciun lini\u0219tit, cu s\u0103n\u0103tate, speran\u021b\u0103 \u0219i credin\u021b\u0103 \u00eentr-un viitor mai bun\u201d, a transmis \u0219eful Guvernului. &hellip; <a href=\"https:\/\/microscopemedia.com\/?p=668031\" class=\"more-link\">Read More<\/a><\/p>\n","protected":false},"author":1,"featured_media":668032,"comment_status":"closed","ping_status":"closed","sticky":false,"template":"Default","format":"standard","meta":[],"categories":[1],"tags":[],"_links":{"self":[{"href":"https:\/\/microscopemedia.com\/index.php?rest_route=\/wp\/v2\/posts\/668031"}],"collection":[{"href":"https:\/\/microscopemedia.com\/index.php?rest_route=\/wp\/v2\/posts"}],"about":[{"href":"https:\/\/microscopemedia.com\/index.php?rest_route=\/wp\/v2\/types\/post"}],"author":[{"embeddable":true,"href":"https:\/\/microscopemedia.com\/index.php?rest_route=\/wp\/v2\/users\/1"}],"replies":[{"embeddable":true,"href":"https:\/\/microscopemedia.com\/index.php?rest_route=%2Fwp%2Fv2%2Fcomments&post=668031"}],"version-history":[{"count":0,"href":"https:\/\/microscopemedia.com\/index.php?rest_route=\/wp\/v2\/posts\/668031\/revisions"}],"wp:featuredmedia":[{"embeddable":true,"href":"https:\/\/microscopemedia.com\/index.php?rest_route=\/wp\/v2\/media\/668032"}],"wp:attachment":[{"href":"https:\/\/microscopemedia.com\/index.php?rest_route=%2Fwp%2Fv2%2Fmedia&parent=668031"}],"wp:term":[{"taxonomy":"category","embeddable":true,"href":"https:\/\/microscopemedia.com\/index.php?rest_route=%2Fwp%2Fv2%2Fcategories&post=668031"},{"taxonomy":"post_tag","embeddable":true,"href":"https:\/\/microscopemedia.com\/index.php?rest_route=%2Fwp%2Fv2%2Ftags&post=668031"}],"curies":[{"name":"wp","href":"https:\/\/api.w.org\/{rel}","templated":true}]}}